{"id":19216,"date":"2016-05-21T11:39:46","date_gmt":"2016-05-21T08:39:46","guid":{"rendered":"http:\/\/www.bbyhaber.com\/bby\/?p=19216"},"modified":"2016-05-23T21:17:54","modified_gmt":"2016-05-23T18:17:54","slug":"van-il-halk-kutuphanesi-ne-zaman-acilacak","status":"publish","type":"post","link":"https:\/\/www.bbyhaber.com\/bby\/2016\/05\/21\/van-il-halk-kutuphanesi-ne-zaman-acilacak","title":{"rendered":"Van il halk k\u00fct\u00fcphanesi ne zaman a\u00e7\u0131lacak!"},"content":{"rendered":"<p style=\"text-align: justify;\"><img loading=\"lazy\" decoding=\"async\" class=\"alignleft\" src=\"http:\/\/www.habervan.com\/images\/haberler\/2016\/05\/van_il_halk_kutuphanesi_ne_zaman_acilacak_h14322_f9631.jpg\" alt=\"\" width=\"227\" height=\"118\" \/>Van K\u00fclt\u00fcr ve Turizm \u0130l M\u00fcd\u00fcr\u00fc Muzaffer Aktu\u011f, 2011 y\u0131l\u0131nda ya\u015fanan depremde y\u0131k\u0131lma karar\u0131 verilen \u0130l Halk K\u00fct\u00fcphanesi&#8217;nin yerine yap\u0131lmas\u0131 planlanan k\u00fct\u00fcphane i\u00e7in gerekli arazi ve yer bilgilerini bakanl\u0131\u011fa g\u00f6nderdiklerini, binan\u0131n yap\u0131lmas\u0131 i\u00e7in kesin talimat\u0131n bakanl\u0131ktan gelece\u011fini s\u00f6yledi. 2011 y\u0131l\u0131nda meydana gelen iki b\u00fcy\u00fck deprem ard\u0131ndan Van \u0130l Halk K\u00fct\u00fcphanesi kullan\u0131lamaz hale geldi. Y\u0131k\u0131m karar\u0131 verilen k\u00fct\u00fcphanede bulunan kitaplar ve di\u011fer t\u00fcm yay\u0131nlar Van Devlet Tiyatrosu yan\u0131nda bulunan K\u00fclt\u00fcr M\u00fcd\u00fcrl\u00fc\u011f\u00fc&#8217;ne ba\u011fl\u0131 galeri salonuna aktar\u0131ld\u0131.<!--more--><\/p>\n<p style=\"text-align: justify;\">KISMEN H\u0130ZMET VER\u0130YOR<\/p>\n<p style=\"text-align: justify;\">Galeride kitaplar d\u00fczenlenen raflara yerle\u015ftirilirken, yer yoklu\u011fundan dolay\u0131 okurlar sadece kitaplar\u0131 \u00f6d\u00fcn\u00e7 alabiliyor. K\u00fct\u00fcphane yetkilileri, materyallerin d\u00f6rtte \u00fc\u00e7\u00fcn\u00fc raflara yerle\u015ftirdiklerini, geri kalan kitap ve yay\u0131nlar\u0131n ise paketlenerek korunduklar\u0131n\u0131 ifade etti. Okurlar\u0131n kitap okumak i\u00e7in salonlar\u0131n\u0131n olmad\u0131\u011f\u0131n\u0131 ve g\u00fcnde \u00e7ok say\u0131da okurun kendilerine geldi\u011fini ifade eden yetkililer \u015fimdiye kadar 2 bin 500 civar\u0131nda bir \u00fcye kayd\u0131 yapt\u0131klar\u0131n\u0131 da kaydetti. 2016 YATIRIM PROGRAMINDA VAR Konuyla ilgili g\u00f6r\u00fc\u015ft\u00fc\u011f\u00fcm\u00fcz Van K\u00fclt\u00fcr ve Turizm \u0130l M\u00fcd\u00fcr\u00fc Muzaffer Aktu\u011f, yeni bina ile ilgili \u00e7al\u0131\u015fmalar\u0131n bakanl\u0131k taraf\u0131ndan s\u00fcrd\u00fcr\u00fcld\u00fc\u011f\u00fcn\u00fc s\u00f6yledi. Yeni binan\u0131n in\u015faat i\u015flemlerine ba\u015flanmas\u0131 i\u00e7in bakanl\u0131\u011f\u0131n start vermesi gerekti\u011fini belirten Aktu\u011f, &#8220;Yeni binan\u0131n yap\u0131m\u0131 2016 program\u0131na al\u0131nm\u0131\u015f, onunla ilgili \u00e7al\u0131\u015fmalar K\u00fclt\u00fcr Bakanl\u0131\u011f\u0131&#8217;m\u0131zca devam ediyor. Binan\u0131n yap\u0131m karar\u0131 bakanl\u0131ktan gelecek.&#8221; dedi.<\/p>\n<p style=\"text-align: justify;\">TAR\u0130H BELL\u0130 DE\u011e\u0130L<\/p>\n<p style=\"text-align: justify;\">Bakanl\u0131\u011f\u0131n bu konuda kendilerine bir tarih vermedi\u011fini ancak program gere\u011fi 2016 y\u0131l\u0131 i\u00e7inde binan\u0131n yap\u0131m\u0131na ba\u015flanmas\u0131 gerekti\u011fini ifade eden Aktu\u011f, \u015fu bilgileri verdi: &#8220;Bakanl\u0131k bizden arsa bilgilerini istedi, biz de arsa bilgilerini g\u00f6nderdik. Ancak \u00e7al\u0131\u015fmalar ne zaman ba\u015flar, bu konuyla ilgili bilgi verecek durumda de\u011filiz. Buna bakanl\u0131k karar verecek. Tabi biz okurlar\u0131m\u0131z ma\u011fdur olmas\u0131n diye, eski k\u00fct\u00fcphane binas\u0131n\u0131n hemen yan\u0131nda bulunan galerimizi \u015fu anda tam bir k\u00fct\u00fcphane gibi kullan\u0131yoruz. Kitaplar raflara yerle\u015ftirilmi\u015f durumda, \u00f6d\u00fcn\u00e7 almak isteyen gidip burada kayd\u0131n\u0131 yap\u0131p alabiliyor.&#8221;<\/p>\n<p style=\"text-align: justify;\">Kaynak: <a href=\"http:\/\/www.habervan.com\/\" target=\"_blank\">http:\/\/www.habervan.com\/<\/a><\/p>\n","protected":false},"excerpt":{"rendered":"<p>Van K\u00fclt\u00fcr ve Turizm \u0130l M\u00fcd\u00fcr\u00fc Muzaffer Aktu\u011f, 2011 y\u0131l\u0131nda ya\u015fanan depremde y\u0131k\u0131lma karar\u0131 verilen \u0130l Halk K\u00fct\u00fcphanesi&#8217;nin yerine yap\u0131lmas\u0131 planlanan k\u00fct\u00fcphane i\u00e7in gerekli arazi ve yer bilgilerini bakanl\u0131\u011fa g\u00f6nderdiklerini, binan\u0131n yap\u0131lmas\u0131 i\u00e7in kesin talimat\u0131n bakanl\u0131ktan gelece\u011fini s\u00f6yledi. 2011 y\u0131l\u0131nda meydana gelen iki b\u00fcy\u00fck deprem ard\u0131ndan Van \u0130l Halk K\u00fct\u00fcphanesi kullan\u0131lamaz hale geldi. Y\u0131k\u0131m karar\u0131 [&hellip;]<\/p>\n","protected":false},"author":1,"featured_media":0,"comment_status":"open","ping_status":"open","sticky":false,"template":"","format":"standard","meta":{"footnotes":""},"categories":[1555,1],"tags":[],"class_list":["post-19216","post","type-post","status-publish","format-standard","hentry","category-deprem-kutuphane","category-genel"],"_links":{"self":[{"href":"https:\/\/www.bbyhaber.com\/bby\/wp-json\/wp\/v2\/posts\/19216"}],"collection":[{"href":"https:\/\/www.bbyhaber.com\/bby\/wp-json\/wp\/v2\/posts"}],"about":[{"href":"https:\/\/www.bbyhaber.com\/bby\/wp-json\/wp\/v2\/types\/post"}],"author":[{"embeddable":true,"href":"https:\/\/www.bbyhaber.com\/bby\/wp-json\/wp\/v2\/users\/1"}],"replies":[{"embeddable":true,"href":"https:\/\/www.bbyhaber.com\/bby\/wp-json\/wp\/v2\/comments?post=19216"}],"version-history":[{"count":0,"href":"https:\/\/www.bbyhaber.com\/bby\/wp-json\/wp\/v2\/posts\/19216\/revisions"}],"wp:attachment":[{"href":"https:\/\/www.bbyhaber.com\/bby\/wp-json\/wp\/v2\/media?parent=19216"}],"wp:term":[{"taxonomy":"category","embeddable":true,"href":"https:\/\/www.bbyhaber.com\/bby\/wp-json\/wp\/v2\/categories?post=19216"},{"taxonomy":"post_tag","embeddable":true,"href":"https:\/\/www.bbyhaber.com\/bby\/wp-json\/wp\/v2\/tags?post=19216"}],"curies":[{"name":"wp","href":"https:\/\/api.w.org\/{rel}","templated":true}]}}