{"id":19202,"date":"2016-05-20T15:04:33","date_gmt":"2016-05-20T12:04:33","guid":{"rendered":"http:\/\/www.bbyhaber.com\/bby\/?p=19202"},"modified":"2016-05-25T14:57:57","modified_gmt":"2016-05-25T11:57:57","slug":"genclik-kutuphane-istiyor-kampanyasi-%e2%80%8egenclikkutuphaneistiyor%e2%80%ac","status":"publish","type":"post","link":"https:\/\/www.bbyhaber.com\/bby\/2016\/05\/20\/genclik-kutuphane-istiyor-kampanyasi-%e2%80%8egenclikkutuphaneistiyor%e2%80%ac","title":{"rendered":"&#8216;Gen\u00e7lik K\u00fct\u00fcphane \u0130stiyor&#8217; kampanyas\u0131 #\u200eGen\u00e7likK\u00fct\u00fcphane\u0130stiyor\u202c"},"content":{"rendered":"<p style=\"text-align: justify;\"><img loading=\"lazy\" decoding=\"async\" class=\"alignleft\" src=\"http:\/\/www.bbyhaber.com\/bby\/wp-content\/uploads\/2016\/05\/genclik-kutuphane-istiyor.jpg\" alt=\"\" width=\"297\" height=\"201\" \/>TKD Kamp\u00fcs ve Hacettepe Bilgi Toplulu\u011fu&#8217;ndan Gen\u00e7lik K\u00fct\u00fcphane \u0130stiyor Kampanyas\u0131. Gen\u00e7ler kendi ya\u015fam alanlar\u0131na \u201cGen\u00e7li\u011fe-Gen\u00e7lere Dair Talepleri Var\u201d. Gen\u00e7ler kendileri i\u00e7in akranlar\u0131 i\u00e7in \u00fclke genelinde \u201cGen\u00e7lik Temal\u0131\u201d gen\u00e7lere \u00f6zel bilgi eri\u015fim merkezleri \u201cGen\u00e7lik K\u00fct\u00fcphanesi\u201d istiyor.<!--more--><\/p>\n<p style=\"text-align: justify;\"><strong>Gen\u00e7lik K\u00fct\u00fcphane \u0130stiyor!<\/strong><br \/>\n\u00dclkeyi y\u00f6neticilerinden, ilgili bakanl\u0131klardan, valiliklerden, belediye ba\u015fkanlar\u0131ndan bir talebimiz var. \u201cGen\u00e7ler K\u00fct\u00fcphane \u0130stiyor! Mekan\u0131 gen\u00e7 olan, gen\u00e7ler i\u00e7in tasarlanan, nitelikli ve keyifli zaman ge\u00e7irecekleri, kendi ya\u015f gruplar\u0131na uygun bilgi kaynaklar\u0131n\u0131, edebi eserleri, kitap, e-kitap, kitap d\u0131\u015f\u0131 belgeler, e- kaynaklar, s\u00fcreli yay\u0131nlar\u0131n, oyunlar\u0131n, teknolojik donan\u0131mlar\u0131n oldu\u011fu, yazar-sanat\u00e7\u0131 bulu\u015fmalar\u0131n\u0131n, at\u00f6lyelerin, e\u011fitimlerin ger\u00e7ekle\u015fti\u011fi bir ya\u015fam merkezini; Gen\u00e7lik K\u00fct\u00fcphanesi\u2019ni talep ediyor. Atat\u00fcrk\u2019\u00fc Anma Gen\u00e7lik ve Spor Bayram\u0131\u2019nda bayrama yak\u0131\u015fan bir talebimiz var. Gen\u00e7lerin ya\u015fama aktif kat\u0131l\u0131m\u0131n\u0131 sa\u011flayacak, gen\u00e7lerin demokrasi bilincini kazanaca\u011f\u0131 bu bilinci peki\u015ftirece\u011fi, \u00f6znesi, kat\u0131l\u0131mc\u0131s\u0131 ve sahibi olaca\u011f\u0131 k\u00fct\u00fcphaneler istiyoruz. Ba\u015flang\u0131\u00e7 i\u00e7in 81 ilde 81 Gen\u00e7lik K\u00fct\u00fcphanesi talep ediyoruz. K\u00fclt\u00fcrle, sanatla, kitapla, sporla, e\u011fitimle k\u0131sacas\u0131 gen\u00e7lere dair olanla gen\u00e7leri bulu\u015fturacak \u00f6rnek gen\u00e7 mekanlar\u0131 \u201cGen\u00e7lik K\u00fct\u00fcphaneleri\u201d istiyoruz.<\/p>\n<p style=\"text-align: justify;\">Bir haftal\u0131k bir sosyal medya kampanyas\u0131 ba\u015flat\u0131yoruz.<\/p>\n<p style=\"text-align: justify;\">Kampanyan\u0131n devam\u0131nda19-25 May\u0131s tarihleri aras\u0131nda <span style=\"color: #0000ff;\"><a href=\"https:\/\/twitter.com\/hashtag\/Gen%C3%A7likK%C3%BCt%C3%BCphane%C4%B0stiyor?src=hash\" target=\"_blank\" data-ft=\"{&quot;tn&quot;:&quot;*N&quot;,&quot;type&quot;:104}\"><span style=\"color: #0000ff;\">#\u200eGen\u00e7likK\u00fct\u00fcphane\u0130stiyor<\/span><\/a><\/span> hastagi ile sosyal medyada k\u00fct\u00fcphanelerde \u00e7ekti\u011fimiz, kampuslarda, sokakta, evde kitaplar\u0131m\u0131zla \u00e7ekti\u011fimiz foto\u011fraflar\u0131m\u0131z\u0131 payla\u015faca\u011f\u0131z. Gen\u00e7li\u011fin yarat\u0131c\u0131 zekas\u0131 ile kampanyam\u0131z\u0131 k\u00f6\u015fe yazarlar\u0131na, politika yap\u0131c\u0131lara, bakanlara, siyasal parti liderlerine, yerel y\u00f6neticiler; valiler, kaymakamlar, belediye ba\u015fkanlar\u0131na iletece\u011fiz. K\u00fct\u00fcphanelerin varl\u0131\u011f\u0131na, gereklili\u011fine gen\u00e7lerin hakk\u0131 olan Gen\u00e7lik K\u00fct\u00fcphanesi talebini \u00fclke g\u00fcndemine sokmaya \u00e7al\u0131\u015faca\u011f\u0131z. K\u00fct\u00fcphanecilik meslek camiam\u0131zdan, hocalar\u0131m\u0131zdan, meslek \u00f6rg\u00fctlerimizin y\u00f6neticilerinden, \u00fcyelerinden, k\u00fct\u00fcphane daire ba\u015fkanlar\u0131, y\u00f6neticileri, m\u00fcd\u00fcrleri, k\u00fct\u00fcphaneciler, k\u00fct\u00fcphane \u00e7al\u0131\u015fanlar\u0131ndan kampanyam\u0131za destek vermelerini bekliyoruz. Bu talebe sahip \u00e7\u0131kmalar\u0131n\u0131 istiyoruz. Gelece\u011fin k\u00fct\u00fcphanecisi olacak gen\u00e7lerin taleplerini, gen\u00e7lik alan\u0131nda \u00e7al\u0131\u015fan kurumlar, STK\u2019larla ortakla\u015ft\u0131rarak daha da b\u00fcy\u00fctebilir, s\u00fcrekli bir kampanya, proje haline getirebiliriz.<\/p>\n<p style=\"text-align: justify;\">Bu vesile ile k\u00fct\u00fcphanecilik kamuoyunun, k\u00fclt\u00fcr sanat camiam\u0131z\u0131n, t\u00fcm yurtta\u015flar\u0131n 19 May\u0131s Atat\u00fcrk\u2019\u00fc Anma Gen\u00e7lik ve Spor Bayram\u0131\u2019n\u0131 kutluyoruz.<\/p>\n<p style=\"text-align: justify;\">TKD Kampus \u2013 Hacettepe \u00dcniversitesi Bilgi Toplulu\u011fu<br \/>\nT\u00fcrk K\u00fct\u00fcphaneciler Derne\u011fi &#8211; Okul K\u00fct\u00fcphanecileri Derne\u011fi<\/p>\n<p style=\"text-align: justify;\">SOSYAL MEDYA HESAPLARIMIZ<br \/>\n<a href=\"https:\/\/www.facebook.com\/genclikkutuphanesi\/\" target=\"_blank\">https:\/\/www.facebook.com\/genclikkutuphanesi\/<\/a><br \/>\n<a href=\"https:\/\/www.facebook.com\/genclikkutuphaneistiyor\/\" target=\"_blank\">https:\/\/www.facebook.com\/genclikkutuphaneistiyor\/<\/a><br \/>\n@TKDKampus<br \/>\n@bilgi_toplulugu<br \/>\n@genckutuphanesi<\/p>\n","protected":false},"excerpt":{"rendered":"<p>TKD Kamp\u00fcs ve Hacettepe Bilgi Toplulu\u011fu&#8217;ndan Gen\u00e7lik K\u00fct\u00fcphane \u0130stiyor Kampanyas\u0131. Gen\u00e7ler kendi ya\u015fam alanlar\u0131na \u201cGen\u00e7li\u011fe-Gen\u00e7lere Dair Talepleri Var\u201d. Gen\u00e7ler kendileri i\u00e7in akranlar\u0131 i\u00e7in \u00fclke genelinde \u201cGen\u00e7lik Temal\u0131\u201d gen\u00e7lere \u00f6zel bilgi eri\u015fim merkezleri \u201cGen\u00e7lik K\u00fct\u00fcphanesi\u201d istiyor.<\/p>\n","protected":false},"author":1,"featured_media":0,"comment_status":"open","ping_status":"open","sticky":false,"template":"","format":"standard","meta":{"footnotes":""},"categories":[1],"tags":[851],"class_list":["post-19202","post","type-post","status-publish","format-standard","hentry","category-genel","tag-tkd-kampus"],"_links":{"self":[{"href":"https:\/\/www.bbyhaber.com\/bby\/wp-json\/wp\/v2\/posts\/19202"}],"collection":[{"href":"https:\/\/www.bbyhaber.com\/bby\/wp-json\/wp\/v2\/posts"}],"about":[{"href":"https:\/\/www.bbyhaber.com\/bby\/wp-json\/wp\/v2\/types\/post"}],"author":[{"embeddable":true,"href":"https:\/\/www.bbyhaber.com\/bby\/wp-json\/wp\/v2\/users\/1"}],"replies":[{"embeddable":true,"href":"https:\/\/www.bbyhaber.com\/bby\/wp-json\/wp\/v2\/comments?post=19202"}],"version-history":[{"count":0,"href":"https:\/\/www.bbyhaber.com\/bby\/wp-json\/wp\/v2\/posts\/19202\/revisions"}],"wp:attachment":[{"href":"https:\/\/www.bbyhaber.com\/bby\/wp-json\/wp\/v2\/media?parent=19202"}],"wp:term":[{"taxonomy":"category","embeddable":true,"href":"https:\/\/www.bbyhaber.com\/bby\/wp-json\/wp\/v2\/categories?post=19202"},{"taxonomy":"post_tag","embeddable":true,"href":"https:\/\/www.bbyhaber.com\/bby\/wp-json\/wp\/v2\/tags?post=19202"}],"curies":[{"name":"wp","href":"https:\/\/api.w.org\/{rel}","templated":true}]}}