{"id":19172,"date":"2016-05-19T00:02:21","date_gmt":"2016-05-18T21:02:21","guid":{"rendered":"http:\/\/www.bbyhaber.com\/bby\/?p=19172"},"modified":"2016-05-19T00:06:14","modified_gmt":"2016-05-18T21:06:14","slug":"sozlesmeli-200-kutuphaneci-kadrosunda-son-soz-maliyede","status":"publish","type":"post","link":"https:\/\/www.bbyhaber.com\/bby\/2016\/05\/19\/sozlesmeli-200-kutuphaneci-kadrosunda-son-soz-maliyede","title":{"rendered":"S\u00f6zle\u015fmeli 200 k\u00fct\u00fcphaneci kadrosunda son s\u00f6z Maliye&#8217;de"},"content":{"rendered":"<p style=\"text-align: justify;\"><img loading=\"lazy\" decoding=\"async\" class=\"alignleft\" src=\"http:\/\/www.bbyhaber.com\/bby\/wp-content\/uploads\/2016\/04\/maliye.jpg\" alt=\"\" width=\"273\" height=\"151\" \/>K\u00fclt\u00fcr Bakanl\u0131\u011f\u0131&#8217;n\u0131n a\u00e7\u0131klad\u0131\u011f\u0131 200 s\u00f6zle\u015fmeli k\u00fct\u00fcphaneci kadrosunda sona yakla\u015f\u0131ld\u0131 ve son s\u00f6z\u00fcn Maliye&#8217;de oldu\u011fu a\u00e7\u0131kland\u0131. Bakanl\u0131\u011f\u0131&#8217;\u0131n sitesinden \u00f6nemli duyuru ba\u015fl\u0131\u011f\u0131 ile \u015fu a\u00e7\u0131klama yap\u0131ld\u0131: &#8220;Bakanl\u0131\u011f\u0131m\u0131zca ta\u015fra te\u015fkilat\u0131nda, 657 say\u0131l\u0131 Devlet Memurlar\u0131 Kanununun 4\/B maddesine g\u00f6re istihdam edilmek \u00fczere, Maliye Bakanl\u0131\u011f\u0131 ve Devlet Personel Ba\u015fkanl\u0131\u011f\u0131ndan, 03\/02\/2016 tarihli ve 22487 say\u0131l\u0131 yaz\u0131m\u0131zla, 2016 y\u0131l\u0131nda istihdam edilmek \u00fczere \u00e7e\u015fitli unvanlarda <strong>s\u00f6zle\u015fmeli kadro<\/strong> verilmesi talebinde bulunulmu\u015ftur.<!--more--><\/p>\n<p>Devlet Personel Ba\u015fkanl\u0131\u011f\u0131 ile yap\u0131lan \u015fifai g\u00f6r\u00fc\u015fmede 400 adet Di\u011fer Teknik Hizmet Personeli (<strong><span style=\"color: #ff0000;\">200 adet k\u00fct\u00fcphaneci<\/span><\/strong>, 100 adet arkeolog, 100 adet sanat tarih\u00e7i) pozisyonunun ihdas\u0131n\u0131n uygun g\u00f6r\u00fcld\u00fc\u011f\u00fc ve imza a\u015famas\u0131nda oldu\u011fu bilgisi al\u0131nm\u0131\u015f olup, s\u00f6z konusu <span style=\"text-decoration: underline;\"><strong><span style=\"color: #0000ff; text-decoration: underline;\">teklifimiz Maliye Bakanl\u0131\u011f\u0131nca da vize edilmesi halinde personel al\u0131m\u0131 i\u00e7in ilana gidilecektir.&#8221;<\/span><\/strong><\/span><\/p>\n<p>Kaynak:pdb.kulturturizm.gov.tr<\/p>\n","protected":false},"excerpt":{"rendered":"<p>K\u00fclt\u00fcr Bakanl\u0131\u011f\u0131&#8217;n\u0131n a\u00e7\u0131klad\u0131\u011f\u0131 200 s\u00f6zle\u015fmeli k\u00fct\u00fcphaneci kadrosunda sona yakla\u015f\u0131ld\u0131 ve son s\u00f6z\u00fcn Maliye&#8217;de oldu\u011fu a\u00e7\u0131kland\u0131. Bakanl\u0131\u011f\u0131&#8217;\u0131n sitesinden \u00f6nemli duyuru ba\u015fl\u0131\u011f\u0131 ile \u015fu a\u00e7\u0131klama yap\u0131ld\u0131: &#8220;Bakanl\u0131\u011f\u0131m\u0131zca ta\u015fra te\u015fkilat\u0131nda, 657 say\u0131l\u0131 Devlet Memurlar\u0131 Kanununun 4\/B maddesine g\u00f6re istihdam edilmek \u00fczere, Maliye Bakanl\u0131\u011f\u0131 ve Devlet Personel Ba\u015fkanl\u0131\u011f\u0131ndan, 03\/02\/2016 tarihli ve 22487 say\u0131l\u0131 yaz\u0131m\u0131zla, 2016 y\u0131l\u0131nda istihdam edilmek \u00fczere [&hellip;]<\/p>\n","protected":false},"author":1,"featured_media":0,"comment_status":"open","ping_status":"open","sticky":false,"template":"","format":"standard","meta":{"footnotes":""},"categories":[1513,31,1],"tags":[],"class_list":["post-19172","post","type-post","status-publish","format-standard","hentry","category-2016-1-bby-kpss-kadrolari","category-bbykpss","category-genel"],"_links":{"self":[{"href":"https:\/\/www.bbyhaber.com\/bby\/wp-json\/wp\/v2\/posts\/19172"}],"collection":[{"href":"https:\/\/www.bbyhaber.com\/bby\/wp-json\/wp\/v2\/posts"}],"about":[{"href":"https:\/\/www.bbyhaber.com\/bby\/wp-json\/wp\/v2\/types\/post"}],"author":[{"embeddable":true,"href":"https:\/\/www.bbyhaber.com\/bby\/wp-json\/wp\/v2\/users\/1"}],"replies":[{"embeddable":true,"href":"https:\/\/www.bbyhaber.com\/bby\/wp-json\/wp\/v2\/comments?post=19172"}],"version-history":[{"count":0,"href":"https:\/\/www.bbyhaber.com\/bby\/wp-json\/wp\/v2\/posts\/19172\/revisions"}],"wp:attachment":[{"href":"https:\/\/www.bbyhaber.com\/bby\/wp-json\/wp\/v2\/media?parent=19172"}],"wp:term":[{"taxonomy":"category","embeddable":true,"href":"https:\/\/www.bbyhaber.com\/bby\/wp-json\/wp\/v2\/categories?post=19172"},{"taxonomy":"post_tag","embeddable":true,"href":"https:\/\/www.bbyhaber.com\/bby\/wp-json\/wp\/v2\/tags?post=19172"}],"curies":[{"name":"wp","href":"https:\/\/api.w.org\/{rel}","templated":true}]}}