{"id":19164,"date":"2016-05-17T18:27:05","date_gmt":"2016-05-17T15:27:05","guid":{"rendered":"http:\/\/www.bbyhaber.com\/bby\/?p=19164"},"modified":"2016-05-17T18:27:05","modified_gmt":"2016-05-17T15:27:05","slug":"kutuphane-gibi-berber-dukkani","status":"publish","type":"post","link":"https:\/\/www.bbyhaber.com\/bby\/2016\/05\/17\/kutuphane-gibi-berber-dukkani","title":{"rendered":"K\u00fct\u00fcphane Gibi Berber D\u00fckkan\u0131"},"content":{"rendered":"<p style=\"text-align: justify;\"><img loading=\"lazy\" decoding=\"async\" class=\"alignleft\" src=\"http:\/\/www.yenigunmanisa.com\/images\/habergaleri\/8888517.jpg\" alt=\"\" width=\"316\" height=\"175\" \/>Saruhanl\u0131l\u0131 berber Hakan G\u00fc\u00e7bilekli, hem payla\u015f\u0131m ruhunu yans\u0131tmak hem de kitap okuma al\u0131\u015fkanl\u0131\u011f\u0131n\u0131 kazand\u0131rmak i\u00e7in i\u015f yerini mini k\u00fct\u00fcphaneye d\u00f6n\u00fc\u015ft\u00fcrd\u00fc. Kitap okumay\u0131 \u00e7ok sevdi\u011fini ve bu al\u0131\u015fkanl\u0131\u011f\u0131 m\u00fc\u015fterilerine de a\u015f\u0131lamak istedi\u011fini kaydeden G\u00fc\u00e7bilekli, \u201cBurada futbol ve siyaset d\u0131\u015f\u0131nda bir k\u00fclt\u00fcr alan\u0131 olu\u015fturdu\u011fumuza inan\u0131yoruz\u201d dedi. Yakla\u015f\u0131k 15 senedir berberlik yapan ve Saruhanl\u0131 i\u00e7in neler yap\u0131labilece\u011fini d\u00fc\u015f\u00fcnen Berber Hakan G\u00fc\u00e7bilekli&#8217;nin akl\u0131na ilgin\u00e7 bir fikir geldi. M\u00fc\u015fterilerin s\u0131ra beklerken bo\u015f oturdu\u011funu g\u00f6ren G\u00fc\u00e7bilekli, i\u015fyerine k\u00fct\u00fcphane kurdu.<!--more--><\/p>\n<p style=\"text-align: justify;\">&#8220;OKUYUP \u0130ADE ED\u0130YORLAR&#8221;<\/p>\n<p style=\"text-align: justify;\">\u0130lk olarak payla\u015fma ruhunu yans\u0131tmak i\u00e7in kendi kitaplar\u0131n\u0131n yan\u0131 s\u0131ra m\u00fc\u015fterilerinden de k\u00fct\u00fcphaneye kitap getirmelerini istedi. Payla\u015f\u0131lan kitaplar\u0131n daha de\u011ferli olaca\u011f\u0131n\u0131 d\u00fc\u015f\u00fcnen G\u00fc\u00e7bilekli, olu\u015fturdu\u011fu mini k\u00fct\u00fcphane sayesinde m\u00fc\u015fterilerinin futbol ve siyaset sohbetlerinden kurtulmalar\u0131n\u0131 sa\u011flad\u0131. Berber Hakan G\u00fc\u00e7bilekli, kitap okumay\u0131 ve \u015fiir yazmay\u0131 \u00e7ok sevdi\u011fini, ayn\u0131 zamanda yazd\u0131\u011f\u0131 \u015fiirlerden olu\u015fan bir kitab\u0131n\u0131n da oldu\u011funu belirterek, \u201cBunu gen\u00e7 m\u00fc\u015fterilerime a\u015f\u0131lamak istiyorum. K\u00fct\u00fcphaneyi o ama\u00e7la kurdum zaten. Buradaki k\u00fct\u00fcphanemizin amac\u0131 m\u00fc\u015fterimizle payla\u015f\u0131m d\u00fc\u015f\u00fcncesini yans\u0131tmak ve kaybolan kitap okuma de\u011ferimizi tekrar kazand\u0131rmak. Toplumumuzda insanlar kar\u015f\u0131l\u0131ks\u0131z bir \u015fey payla\u015fm\u0131yor. Buradaki amac\u0131m\u0131z payla\u015fmak. Zaten kitaplar\u0131m\u0131z\u0131n bir \u00e7o\u011funu m\u00fc\u015fterilerimiz getiriyor. Kendi aram\u0131zda payla\u015f\u0131yoruz. Okuyorlar ve tekrar iade ediyorlar\u201d \u015feklinde konu\u015ftu.<\/p>\n<p style=\"text-align: justify;\">\n\u201cFUTBOL VE S\u0130YASET DI\u015eINDA K\u0130TAPLARDAN KONU\u015eUYORUZ\u201d<\/p>\n<p style=\"text-align: justify;\">K\u00fct\u00fcphane uygulamas\u0131ndan herkesin memnun oldu\u011funu ifade eden berber G\u00fc\u00e7bilekli, \u201cFutbol, siyaset d\u0131\u015f\u0131nda bir k\u00fclt\u00fcr alan\u0131 olu\u015fturdu\u011fumuza inan\u0131yoruz. M\u00fc\u015fterilerimiz s\u0131ralar\u0131n\u0131n gelmesini beklerken kitap okumay\u0131 tercih ediyor. Bir\u00e7o\u011fu t\u0131ra\u015f olduktan sonra kitab\u0131 al\u0131p eve g\u00f6t\u00fcr\u00fcyor. Okuduktan sonra tekrar iade ediyorlar. Biz i\u015f yerimizde futbol ve siyaset d\u0131\u015f\u0131nda art\u0131k kitaplar hakk\u0131nda muhabbet ediyoruz\u201d diye konu\u015ftu.<\/p>\n<p style=\"text-align: justify;\">\u201cK\u0130TAP OKUYANLAR \u0130\u00c7\u0130N SESS\u0130Z B\u0130R ORTAM OLU\u015eTURUYORUZ\u201d<\/p>\n<p style=\"text-align: justify;\">Hakan G\u00fc\u00e7bilekli, bir\u00e7ok m\u00fc\u015fterisinin ald\u0131klar\u0131 randevudan yar\u0131m saat \u00f6nce geldi\u011fini ve yar\u0131m saatlik arada kitap okudu\u011funu kaydederek, \u201cBir yandan kitaplar\u0131n\u0131 okuyorlar, bir yandan \u00e7aylar\u0131n\u0131 i\u00e7iyorlar. Biz de sessiz bir ortam olu\u015fturuyoruz kitap okuyanlar i\u00e7in\u201d dedi.\u015eu anda k\u00fct\u00fcphanede y\u00fcze yak\u0131n kitap bulundu\u011funu belirten Hakan G\u00fc\u00e7bilekli, raflardaki bo\u015fluklar\u0131 doldurarak k\u00fct\u00fcphaneyi daha da b\u00fcy\u00fctmeyi d\u00fc\u015f\u00fcnd\u00fc\u011f\u00fcn\u00fc ve destek bulmas\u0131 durumunda &#8216;Saruhanl\u0131 Okuyor&#8217; kampanyas\u0131 ba\u015flatarak, ba\u015fta berber salonlar\u0131, kahvehaneler ve cafelerde kitapl\u0131k kurulmas\u0131 i\u00e7in \u00e7al\u0131\u015fma ba\u015flatmak istedi\u011fini s\u00f6yledi.<\/p>\n<p style=\"text-align: justify;\">Kaynak: <a href=\"http:\/\/www.yenigunmanisa.com\/\" target=\"_blank\">http:\/\/www.yenigunmanisa.com\/<\/a><\/p>\n","protected":false},"excerpt":{"rendered":"<p>Saruhanl\u0131l\u0131 berber Hakan G\u00fc\u00e7bilekli, hem payla\u015f\u0131m ruhunu yans\u0131tmak hem de kitap okuma al\u0131\u015fkanl\u0131\u011f\u0131n\u0131 kazand\u0131rmak i\u00e7in i\u015f yerini mini k\u00fct\u00fcphaneye d\u00f6n\u00fc\u015ft\u00fcrd\u00fc. Kitap okumay\u0131 \u00e7ok sevdi\u011fini ve bu al\u0131\u015fkanl\u0131\u011f\u0131 m\u00fc\u015fterilerine de a\u015f\u0131lamak istedi\u011fini kaydeden G\u00fc\u00e7bilekli, \u201cBurada futbol ve siyaset d\u0131\u015f\u0131nda bir k\u00fclt\u00fcr alan\u0131 olu\u015fturdu\u011fumuza inan\u0131yoruz\u201d dedi. Yakla\u015f\u0131k 15 senedir berberlik yapan ve Saruhanl\u0131 i\u00e7in neler yap\u0131labilece\u011fini d\u00fc\u015f\u00fcnen [&hellip;]<\/p>\n","protected":false},"author":1,"featured_media":0,"comment_status":"open","ping_status":"open","sticky":false,"template":"","format":"standard","meta":{"footnotes":""},"categories":[1],"tags":[780],"class_list":["post-19164","post","type-post","status-publish","format-standard","hentry","category-genel","tag-berber-kutuphaneleri"],"_links":{"self":[{"href":"https:\/\/www.bbyhaber.com\/bby\/wp-json\/wp\/v2\/posts\/19164"}],"collection":[{"href":"https:\/\/www.bbyhaber.com\/bby\/wp-json\/wp\/v2\/posts"}],"about":[{"href":"https:\/\/www.bbyhaber.com\/bby\/wp-json\/wp\/v2\/types\/post"}],"author":[{"embeddable":true,"href":"https:\/\/www.bbyhaber.com\/bby\/wp-json\/wp\/v2\/users\/1"}],"replies":[{"embeddable":true,"href":"https:\/\/www.bbyhaber.com\/bby\/wp-json\/wp\/v2\/comments?post=19164"}],"version-history":[{"count":0,"href":"https:\/\/www.bbyhaber.com\/bby\/wp-json\/wp\/v2\/posts\/19164\/revisions"}],"wp:attachment":[{"href":"https:\/\/www.bbyhaber.com\/bby\/wp-json\/wp\/v2\/media?parent=19164"}],"wp:term":[{"taxonomy":"category","embeddable":true,"href":"https:\/\/www.bbyhaber.com\/bby\/wp-json\/wp\/v2\/categories?post=19164"},{"taxonomy":"post_tag","embeddable":true,"href":"https:\/\/www.bbyhaber.com\/bby\/wp-json\/wp\/v2\/tags?post=19164"}],"curies":[{"name":"wp","href":"https:\/\/api.w.org\/{rel}","templated":true}]}}