{"id":19158,"date":"2016-05-17T13:37:18","date_gmt":"2016-05-17T10:37:18","guid":{"rendered":"http:\/\/www.bbyhaber.com\/bby\/?p=19158"},"modified":"2016-05-17T14:27:52","modified_gmt":"2016-05-17T11:27:52","slug":"bakanlik-neden-alim-takvimini-paylasmamakta-israr-ediyor","status":"publish","type":"post","link":"https:\/\/www.bbyhaber.com\/bby\/2016\/05\/17\/bakanlik-neden-alim-takvimini-paylasmamakta-israr-ediyor","title":{"rendered":"Bakanl\u0131k, neden al\u0131m takvimini payla\u015fmamakta \u0131srar ediyor?"},"content":{"rendered":"<p style=\"text-align: justify;\"><img loading=\"lazy\" decoding=\"async\" class=\"alignleft\" src=\"http:\/\/www.memurlar.net\/common\/news\/images\/584549\/headline.jpg\" alt=\"\" width=\"290\" height=\"145\" \/>Bilindi\u011fi \u00fczere, hem Bakan bey hem de Ba\u015fbakan Davuto\u011flu, Bakanl\u0131\u011f\u0131n 600 personel alaca\u011f\u0131n\u0131 a\u00e7\u0131klam\u0131\u015ft\u0131. &#8220;K\u00fclt\u00fcr ve Turizm Bakanl\u0131\u011f\u0131nda istihdam edilmek \u00fczere 600 ki\u015filik yeni kadro a\u00e7\u0131laca\u011f\u0131n\u0131n m\u00fcjdesini veren Davuto\u011flu, bunlar\u0131n <span style=\"color: #ff0000;\"><strong>200&#8217;\u00fcn\u00fcn k\u00fct\u00fcphaneci<\/strong><\/span>, 100&#8217;\u00fcn\u00fcn sanat tarih\u00e7isi, 100&#8217;\u00fcn\u00fcn arkeolog olaca\u011f\u0131n\u0131 bildirdi.<!--more--> Davuto\u011flu, k\u00fclt\u00fcr varl\u0131klar\u0131n\u0131n restorasyonu ile \u015fehirlerin yeniden ihyas\u0131 i\u00e7in g\u00f6revlendirilmek \u00fczere mimar, m\u00fchendis, \u015fehir planc\u0131s\u0131 ve ka\u011f\u0131t restorat\u00f6r\u00fcnden olu\u015fan 200 ki\u015finin de bu kapsamda istihdam edilece\u011fini kaydetti.&#8221;<\/p>\n<p style=\"text-align: justify;\">Ancak, a\u00e7\u0131klaman\u0131n yap\u0131laca\u011f\u0131 g\u00fcn adaylar\u0131n talebinin ne oldu\u011funa dikkat \u00e7ekmemize ra\u011fmen, <strong>Bakanl\u0131k bilerek ve isteyerek kafas\u0131n\u0131 kuma g\u00f6mm\u00fc\u015f ve sorulara yan\u0131t vermemi\u015ftir.<\/strong> <strong><span style=\"color: #ff0000;\">2014 s\u0131nav puan\u0131n\u0131n ge\u00e7erlili\u011fini yitirece\u011fi bu k\u0131sa zaman diliminde<\/span>, bu al\u0131m\u0131n ne zaman yap\u0131laca\u011f\u0131 konusunda bir a\u00e7\u0131klama yapmak, Bakanl\u0131k Personel Daire Ba\u015fkanl\u0131\u011f\u0131na, M\u00fcste\u015farl\u0131\u011f\u0131na veya Bakan\u0131na neden zor gelmektedir?<\/strong><\/p>\n<p style=\"text-align: justify;\">Kaynak: <a href=\"http:\/\/www.memurlar.net\/\" target=\"_blank\">http:\/\/www.memurlar.net\/<\/a><\/p>\n","protected":false},"excerpt":{"rendered":"<p>Bilindi\u011fi \u00fczere, hem Bakan bey hem de Ba\u015fbakan Davuto\u011flu, Bakanl\u0131\u011f\u0131n 600 personel alaca\u011f\u0131n\u0131 a\u00e7\u0131klam\u0131\u015ft\u0131. &#8220;K\u00fclt\u00fcr ve Turizm Bakanl\u0131\u011f\u0131nda istihdam edilmek \u00fczere 600 ki\u015filik yeni kadro a\u00e7\u0131laca\u011f\u0131n\u0131n m\u00fcjdesini veren Davuto\u011flu, bunlar\u0131n 200&#8217;\u00fcn\u00fcn k\u00fct\u00fcphaneci, 100&#8217;\u00fcn\u00fcn sanat tarih\u00e7isi, 100&#8217;\u00fcn\u00fcn arkeolog olaca\u011f\u0131n\u0131 bildirdi.<\/p>\n","protected":false},"author":1,"featured_media":0,"comment_status":"open","ping_status":"open","sticky":false,"template":"","format":"standard","meta":{"footnotes":""},"categories":[1513,31,1],"tags":[],"class_list":["post-19158","post","type-post","status-publish","format-standard","hentry","category-2016-1-bby-kpss-kadrolari","category-bbykpss","category-genel"],"_links":{"self":[{"href":"https:\/\/www.bbyhaber.com\/bby\/wp-json\/wp\/v2\/posts\/19158"}],"collection":[{"href":"https:\/\/www.bbyhaber.com\/bby\/wp-json\/wp\/v2\/posts"}],"about":[{"href":"https:\/\/www.bbyhaber.com\/bby\/wp-json\/wp\/v2\/types\/post"}],"author":[{"embeddable":true,"href":"https:\/\/www.bbyhaber.com\/bby\/wp-json\/wp\/v2\/users\/1"}],"replies":[{"embeddable":true,"href":"https:\/\/www.bbyhaber.com\/bby\/wp-json\/wp\/v2\/comments?post=19158"}],"version-history":[{"count":0,"href":"https:\/\/www.bbyhaber.com\/bby\/wp-json\/wp\/v2\/posts\/19158\/revisions"}],"wp:attachment":[{"href":"https:\/\/www.bbyhaber.com\/bby\/wp-json\/wp\/v2\/media?parent=19158"}],"wp:term":[{"taxonomy":"category","embeddable":true,"href":"https:\/\/www.bbyhaber.com\/bby\/wp-json\/wp\/v2\/categories?post=19158"},{"taxonomy":"post_tag","embeddable":true,"href":"https:\/\/www.bbyhaber.com\/bby\/wp-json\/wp\/v2\/tags?post=19158"}],"curies":[{"name":"wp","href":"https:\/\/api.w.org\/{rel}","templated":true}]}}