{"id":19150,"date":"2016-05-16T16:18:33","date_gmt":"2016-05-16T13:18:33","guid":{"rendered":"http:\/\/www.bbyhaber.com\/bby\/?p=19150"},"modified":"2016-05-16T16:19:09","modified_gmt":"2016-05-16T13:19:09","slug":"kultur-bakanligi-personel-alimi-konusunda-sessizligini-koruyor","status":"publish","type":"post","link":"https:\/\/www.bbyhaber.com\/bby\/2016\/05\/16\/kultur-bakanligi-personel-alimi-konusunda-sessizligini-koruyor","title":{"rendered":"K\u00fclt\u00fcr Bakanl\u0131\u011f\u0131 Personel Al\u0131m\u0131 Konusunda Sessizli\u011fini Koruyor"},"content":{"rendered":"<p style=\"text-align: justify;\"><img loading=\"lazy\" decoding=\"async\" class=\"alignleft\" src=\"http:\/\/www.kamupersoneli.net\/images\/haberler\/kultur_bakanligi_personel_alimi_konusunda_sessizligini_koruyor_h3312_eb96d.png\" alt=\"\" width=\"255\" height=\"147\" \/>K\u00fclt\u00fcr Paketiyle a\u00e7\u0131klanan 600 kadroya atama i\u00e7in \u015fu ana kadar hi\u00e7bir a\u00e7\u0131klama yap\u0131lmad\u0131. Atama bekleyen adaylar her haftaya umutla girmektedir. 600 ki\u015filik s\u00f6zle\u015fmeli personel al\u0131m\u0131yla ilgili K\u00fclt\u00fcr ve Turizm Bakanl\u0131\u011f\u0131 sessizli\u011fini koruyor. <strong>Atama onay\u0131n\u0131n hangi a\u015famada oldu\u011fu bilinmiyor. Dosya DPB\u2019de mi yoksa \u00c7al\u0131\u015fma ve Sosyal G\u00fcvenlik Bakanl\u0131\u011f\u0131\u2019nda m\u0131, yoksa Maliye Bakanl\u0131\u011f\u0131\u2019nda m\u0131? K\u00fclt\u00fcr ve Turizm Bakanl\u0131\u011f\u0131\u2019n\u0131n adaylar\u0131 bilgilendirmesi faydal\u0131 olacakt\u0131r.<\/strong><!--more--><\/p>\n<p style=\"text-align: justify;\"><span style=\"color: #ff0000;\"><strong>200 k\u00fct\u00fcphaneci<\/strong><\/span>, 100 sanat tarih\u00e7isi, 100 arkeolog ve 200 mimar, m\u00fchendis, \u015fehir planc\u0131s\u0131 ve ka\u011f\u0131t restorat\u00f6r\u00fcnden olu\u015fan 600 ki\u015filik atama i\u00e7in hem adaylar hem de aileleri bir a\u00e7\u0131klamay\u0131 hak ediyor diye d\u00fc\u015f\u00fcn\u00fcyoruz. May\u0131s\u2019ta m\u0131 al\u0131nacak Haziran\u2019da m\u0131 al\u0131nacak veya daha sonra m\u0131 al\u0131nacak? Atama zaman\u0131 bir\u00e7ok ki\u015finin kaderini de etkileyecektir; \u00e7\u00fcnk\u00fc <span style=\"color: #ff0000;\"><strong>2014 KPSS puan\u0131 olan adaylar\u0131n puan\u0131 yakla\u015f\u0131k iki ay sonra ge\u00e7erlili\u011fini yitirecektir.<\/strong><\/span><\/p>\n<p style=\"text-align: justify;\">\u00d6zetle; Bakanl\u0131\u011f\u0131n atama s\u00fcreci ve planlamas\u0131yla ilgili bir bilgilendirme yapmas\u0131, belirsizli\u011fi ortadan kald\u0131rmas\u0131 faydal\u0131 olacakt\u0131r.<\/p>\n<p style=\"text-align: justify;\">Kaynak: <a href=\"http:\/\/www.kamupersoneli.net\/\" target=\"_blank\">http:\/\/www.kamupersoneli.net\/<\/a><\/p>\n","protected":false},"excerpt":{"rendered":"<p>K\u00fclt\u00fcr Paketiyle a\u00e7\u0131klanan 600 kadroya atama i\u00e7in \u015fu ana kadar hi\u00e7bir a\u00e7\u0131klama yap\u0131lmad\u0131. Atama bekleyen adaylar her haftaya umutla girmektedir. 600 ki\u015filik s\u00f6zle\u015fmeli personel al\u0131m\u0131yla ilgili K\u00fclt\u00fcr ve Turizm Bakanl\u0131\u011f\u0131 sessizli\u011fini koruyor. Atama onay\u0131n\u0131n hangi a\u015famada oldu\u011fu bilinmiyor. Dosya DPB\u2019de mi yoksa \u00c7al\u0131\u015fma ve Sosyal G\u00fcvenlik Bakanl\u0131\u011f\u0131\u2019nda m\u0131, yoksa Maliye Bakanl\u0131\u011f\u0131\u2019nda m\u0131? K\u00fclt\u00fcr ve Turizm [&hellip;]<\/p>\n","protected":false},"author":1,"featured_media":0,"comment_status":"open","ping_status":"open","sticky":false,"template":"","format":"standard","meta":{"footnotes":""},"categories":[1513,31,1],"tags":[],"class_list":["post-19150","post","type-post","status-publish","format-standard","hentry","category-2016-1-bby-kpss-kadrolari","category-bbykpss","category-genel"],"_links":{"self":[{"href":"https:\/\/www.bbyhaber.com\/bby\/wp-json\/wp\/v2\/posts\/19150"}],"collection":[{"href":"https:\/\/www.bbyhaber.com\/bby\/wp-json\/wp\/v2\/posts"}],"about":[{"href":"https:\/\/www.bbyhaber.com\/bby\/wp-json\/wp\/v2\/types\/post"}],"author":[{"embeddable":true,"href":"https:\/\/www.bbyhaber.com\/bby\/wp-json\/wp\/v2\/users\/1"}],"replies":[{"embeddable":true,"href":"https:\/\/www.bbyhaber.com\/bby\/wp-json\/wp\/v2\/comments?post=19150"}],"version-history":[{"count":0,"href":"https:\/\/www.bbyhaber.com\/bby\/wp-json\/wp\/v2\/posts\/19150\/revisions"}],"wp:attachment":[{"href":"https:\/\/www.bbyhaber.com\/bby\/wp-json\/wp\/v2\/media?parent=19150"}],"wp:term":[{"taxonomy":"category","embeddable":true,"href":"https:\/\/www.bbyhaber.com\/bby\/wp-json\/wp\/v2\/categories?post=19150"},{"taxonomy":"post_tag","embeddable":true,"href":"https:\/\/www.bbyhaber.com\/bby\/wp-json\/wp\/v2\/tags?post=19150"}],"curies":[{"name":"wp","href":"https:\/\/api.w.org\/{rel}","templated":true}]}}