{"id":19140,"date":"2016-05-09T12:55:46","date_gmt":"2016-05-09T09:55:46","guid":{"rendered":"http:\/\/www.bbyhaber.com\/bby\/?p=19140"},"modified":"2016-05-14T12:58:00","modified_gmt":"2016-05-14T09:58:00","slug":"anadolu-kulturu-%e2%80%98sanat-kutuphaneleri%e2%80%99-ile-yasatilacak","status":"publish","type":"post","link":"https:\/\/www.bbyhaber.com\/bby\/2016\/05\/09\/anadolu-kulturu-%e2%80%98sanat-kutuphaneleri%e2%80%99-ile-yasatilacak","title":{"rendered":"Anadolu k\u00fclt\u00fcr\u00fc \u2018Sanat K\u00fct\u00fcphaneleri\u2019 ile ya\u015fat\u0131lacak"},"content":{"rendered":"<p style=\"text-align: justify;\"><img loading=\"lazy\" decoding=\"async\" class=\"alignleft\" src=\"http:\/\/i.hurimg.com\/i\/hurriyet\/90\/620x350\/57305af718c7733080c29211.jpg\" alt=\"\" width=\"277\" height=\"156\" \/>Ad\u0131yaman&#8217;da T\u00dcB\u0130TAK deste\u011fiyle y\u00fcr\u00fct\u00fclen \u2018Sanat K\u00fct\u00fcphanesi\u2019 projesiyle unutulmaya y\u00fcz tutmu\u015f Anadolu gelenekleri, kad\u0131nlar\u0131n k\u0131yafetleri, mutfak ve tar\u0131m aletleri ile tarihi alanlar\u0131n maketleri, okullarda kurulacak sanat k\u00f6\u015feleriyle yeni nesle aktar\u0131lacak. Yavuz Selim Ortaokulu \u00f6\u011fretmenlerinden Zarife Akdo\u011fan ve \u00f6\u011frencilerinin T\u00dcB\u0130TAK i\u015fbirli\u011fi ile haz\u0131rlad\u0131\u011f\u0131 proje kapsam\u0131nda, Ad\u0131yaman&#8217;daki t\u00fcm okullarda \u2018sanat k\u00f6\u015fesi\u2019 kurulacak.<!--more--><\/p>\n<p style=\"text-align: justify;\">Unutulmaya y\u00fcz tutmu\u015f Anadolu k\u00fclt\u00fcr\u00fcn\u00fcn t\u00fcm unsurlar\u0131n\u0131n, kentin ve b\u00f6lgenin y\u00f6resel k\u0131yafetlerinin, mutfak ve tar\u0131m aletlerinin, tarihi mekanlar\u0131n maketlerinin yer almas\u0131 planlanan sanat k\u00f6\u015feleri ile yeni nesle tarih bilinci kazand\u0131r\u0131lmas\u0131 ve Anadolu k\u00fclt\u00fcr\u00fcn\u00fcn tan\u0131t\u0131lmas\u0131 planlan\u0131yor.<\/p>\n<p style=\"text-align: justify;\">Sanat k\u00f6\u015fesinin ilki Yavuz Selim Ortaokulu&#8217;nda olu\u015fturuldu. Proje dan\u0131\u015fman\u0131 \u00f6\u011fretmen Zarife Akdo\u011fan, k\u00fclt\u00fcrel zenginlikleri gen\u00e7 ku\u015faklara aktarabilmek i\u00e7in b\u00f6yle bir proje geli\u015ftirdi\u011fini anlatt\u0131.<\/p>\n<p style=\"text-align: justify;\">Sanatsal etkinlikleri yo\u011fun olan co\u011frafyada, bu g\u00fczelliklerin gen\u00e7 nesillere aktar\u0131lmas\u0131 gerekti\u011fine inand\u0131\u011f\u0131n\u0131 s\u00f6yleyen Akdo\u011fan, &#8220;K\u00fct\u00fcphanelerimizde sadece yaz\u0131l\u0131 kaynaklarla de\u011fil, g\u00f6rsel objeler ile de bilgiye ula\u015f\u0131labilece\u011fini anlatmak istiyoruz. Her okulda b\u00f6yle bir k\u00fct\u00fcphane in\u015fa ederek, objelerin ders i\u00e7i etkinliklerde kullan\u0131lmas\u0131n\u0131 sa\u011flayarak, daha verimli, daha etkili derslerin yap\u0131lmas\u0131n\u0131 sa\u011flayaca\u011f\u0131z. Bu \u015fekilde k\u00fclt\u00fcr\u00fcm\u00fcz\u00fc de gelecek ku\u015faklara aktarm\u0131\u015f olaca\u011f\u0131z&#8221; dedi.<\/p>\n<p style=\"text-align: justify;\">Olu\u015fturacaklar\u0131 sanat k\u00f6\u015felerinde Anadolu&#8217;nun t\u00fcm k\u00fclt\u00fcrel ve tarihi izlerinin g\u00f6r\u00fclebilece\u011fini belirteh Akdo\u011fan, b\u00f6ylece bunlar\u0131n yeni nesle aktar\u0131labilece\u011fini s\u00f6yledi.<\/p>\n<p style=\"text-align: justify;\">&#8220;Her eve laz\u0131m&#8221;<\/p>\n<p style=\"text-align: justify;\">Ad\u0131yaman Belediye Ba\u015fkan\u0131 H\u00fcsrev Kutlu da k\u00fct\u00fcphanelerin genel amac\u0131n\u0131n insanlar\u0131n k\u00fclt\u00fcr\u00fcn\u00fc geni\u015fletmek oldu\u011funa i\u015faret etti.<\/p>\n<p style=\"text-align: justify;\">Bilgiye, yaz\u0131l\u0131 materyallerin yan\u0131 s\u0131ra g\u00f6rsel objelerle de ula\u015f\u0131labilece\u011fini belirten Kutlu, ge\u00e7mi\u015fte kullan\u0131lan ancak g\u00fcn\u00fcm\u00fczde unutulan \u00fcr\u00fcnlerin, k\u0131yafetlerin, ya\u015famlar\u0131n nas\u0131l oldu\u011funu yeni nesillere aktarmak i\u00e7in b\u00f6yle bir projenin \u00f6nemli oldu\u011funu ifade etti. Kutlu, &#8220;Ben bu t\u00fcr bir k\u00f6\u015fenin faydal\u0131 olaca\u011f\u0131na inan\u0131yorum. B\u00f6yle bir k\u00fct\u00fcphane asl\u0131nda her eve laz\u0131m. Belediye olarak b\u00f6yle bir \u00e7al\u0131\u015fmay\u0131 biz de destekleriz&#8221; dedi.<\/p>\n<p style=\"text-align: justify;\">Ad\u0131yaman Milli E\u011fitim M\u00fcd\u00fcr Yard\u0131mc\u0131s\u0131 Kaz\u0131m \u00c7oban ise bu t\u00fcr \u00e7al\u0131\u015fmalar\u0131n desteklenmesinin \u00f6nemine de\u011findi.<\/p>\n<p style=\"text-align: justify;\">\u00c7ocuklar\u0131n okullar\u0131nda \u00e7ok g\u00fczel bir sanat k\u00f6\u015fesi haz\u0131rlad\u0131klar\u0131n\u0131 belirten \u00c7oban, &#8220;Anadolu k\u00fclt\u00fcr\u00fcn\u00fc okullarda tan\u0131tmak bizim i\u00e7in \u00e7ok \u00f6nemli. Bu \u00e7ocuklar\u0131m\u0131z\u0131n yapt\u0131\u011f\u0131 \u00e7al\u0131\u015fma, k\u00fclt\u00fcr\u00fcm\u00fcz\u00fc anlatmaya \u0131\u015f\u0131k oluyor&#8221; \u015feklinde konu\u015ftu.<\/p>\n<p style=\"text-align: justify;\">Kaynak: http:\/\/www.hurriyet.com.tr\/<\/p>\n","protected":false},"excerpt":{"rendered":"<p>Ad\u0131yaman&#8217;da T\u00dcB\u0130TAK deste\u011fiyle y\u00fcr\u00fct\u00fclen \u2018Sanat K\u00fct\u00fcphanesi\u2019 projesiyle unutulmaya y\u00fcz tutmu\u015f Anadolu gelenekleri, kad\u0131nlar\u0131n k\u0131yafetleri, mutfak ve tar\u0131m aletleri ile tarihi alanlar\u0131n maketleri, okullarda kurulacak sanat k\u00f6\u015feleriyle yeni nesle aktar\u0131lacak. Yavuz Selim Ortaokulu \u00f6\u011fretmenlerinden Zarife Akdo\u011fan ve \u00f6\u011frencilerinin T\u00dcB\u0130TAK i\u015fbirli\u011fi ile haz\u0131rlad\u0131\u011f\u0131 proje kapsam\u0131nda, Ad\u0131yaman&#8217;daki t\u00fcm okullarda \u2018sanat k\u00f6\u015fesi\u2019 kurulacak.<\/p>\n","protected":false},"author":1,"featured_media":0,"comment_status":"open","ping_status":"open","sticky":false,"template":"","format":"standard","meta":{"footnotes":""},"categories":[1],"tags":[],"class_list":["post-19140","post","type-post","status-publish","format-standard","hentry","category-genel"],"_links":{"self":[{"href":"https:\/\/www.bbyhaber.com\/bby\/wp-json\/wp\/v2\/posts\/19140"}],"collection":[{"href":"https:\/\/www.bbyhaber.com\/bby\/wp-json\/wp\/v2\/posts"}],"about":[{"href":"https:\/\/www.bbyhaber.com\/bby\/wp-json\/wp\/v2\/types\/post"}],"author":[{"embeddable":true,"href":"https:\/\/www.bbyhaber.com\/bby\/wp-json\/wp\/v2\/users\/1"}],"replies":[{"embeddable":true,"href":"https:\/\/www.bbyhaber.com\/bby\/wp-json\/wp\/v2\/comments?post=19140"}],"version-history":[{"count":0,"href":"https:\/\/www.bbyhaber.com\/bby\/wp-json\/wp\/v2\/posts\/19140\/revisions"}],"wp:attachment":[{"href":"https:\/\/www.bbyhaber.com\/bby\/wp-json\/wp\/v2\/media?parent=19140"}],"wp:term":[{"taxonomy":"category","embeddable":true,"href":"https:\/\/www.bbyhaber.com\/bby\/wp-json\/wp\/v2\/categories?post=19140"},{"taxonomy":"post_tag","embeddable":true,"href":"https:\/\/www.bbyhaber.com\/bby\/wp-json\/wp\/v2\/tags?post=19140"}],"curies":[{"name":"wp","href":"https:\/\/api.w.org\/{rel}","templated":true}]}}