{"id":19126,"date":"2016-05-12T20:02:27","date_gmt":"2016-05-12T17:02:27","guid":{"rendered":"http:\/\/www.bbyhaber.com\/bby\/?p=19126"},"modified":"2016-06-02T20:04:22","modified_gmt":"2016-06-02T17:04:22","slug":"unak-egitim-2-kataloglama-ve-rda-uygulamalari-27-28-mayis-2016-ankara","status":"publish","type":"post","link":"https:\/\/www.bbyhaber.com\/bby\/2016\/05\/12\/unak-egitim-2-kataloglama-ve-rda-uygulamalari-27-28-mayis-2016-ankara","title":{"rendered":"\u00dcNAK E\u011fitim : 2. Kataloglama ve RDA Uygulamalar\u0131-27-28 May\u0131s 2016, Ankara"},"content":{"rendered":"<figure style=\"width: 258px\" class=\"wp-caption alignleft\"><a href=\"http:\/\/unak.org.tr\/upload\/slide\/1462978702_unak-egitim-2-kataloglama-ve-rda-uygulamalari.jpg\"><img loading=\"lazy\" decoding=\"async\" title=\"\u00dcNAK E\u011fitim : 2. Kataloglama ve RDA Uygulamalar\u0131-27-28 May\u0131s 2016, Ankara\" src=\"http:\/\/unak.org.tr\/upload\/slide\/1462978702_unak-egitim-2-kataloglama-ve-rda-uygulamalari.jpg\" alt=\"\u00dcNAK E\u011fitim : 2. Kataloglama ve RDA Uygulamalar\u0131-27-28 May\u0131s 2016, Ankara\" width=\"258\" height=\"130\" \/><\/a><figcaption class=\"wp-caption-text\">\u00dcNAK E\u011fitim : 2. Kataloglama ve RDA Uygulamalar\u0131-27-28 May\u0131s 2016, Ankara<\/figcaption><\/figure>\n<p style=\"text-align: justify;\">\u00dcniversite ve Ara\u015ft\u0131rma K\u00fct\u00fcphanecileri Derne\u011fi (\u00dcNAK) meslek profesyonellerinin geli\u015fim ve e\u011fitimlerine katk\u0131 sa\u011flamak amac\u0131yla \u00e7al\u0131\u015fmalar\u0131na ba\u015flad\u0131. \u0130lk e\u011fitim \u00e7al\u0131\u015fmas\u0131n\u0131 29-30 Nisan 2016 tarihlerinde Mimar Sinan G\u00fczel Sanatlar \u00dcniversitesi ev sahipli\u011finde ger\u00e7ekle\u015ftirmi\u015fti. E\u011fitim seminerlerinin ikinci d\u00f6nemi ise <span style=\"color: #0000ff;\"><strong>27-28 May\u0131s 2016 <\/strong><\/span>tarihleri aras\u0131nda <strong><span style=\"color: #0000ff;\">\u0130pek \u00dcniversitesi<\/span><\/strong>nin ev sahipli\u011finde\u00a0 <strong><span style=\"color: #0000ff;\">648. Cadde, Turan G\u00fcne\u015f Bulvar\u0131, 06550 Oran\/ \u00c7ankaya-Ankara<\/span><\/strong> adresinde ger\u00e7ekle\u015ftirece\u011fi a\u00e7\u0131kland\u0131.<!--more--><\/p>\n<p style=\"text-align: justify;\">E\u011fitim semineri grubunun 25 ki\u015filik oldu\u011fu ve 2 g\u00fcn s\u00fcrece\u011fi ve e\u011fitimin faydal\u0131, etkile\u015fimli olmas\u0131 a\u00e7\u0131s\u0131ndan daha geni\u015f bir grubun olu\u015fturulmad\u0131\u011f\u0131 belirtildi.<\/p>\n<p style=\"text-align: justify;\"><strong>Seminere m\u00fcracaat eden ve gerekli i\u015flemleri tamamlayan ilk 25 ki\u015fi al\u0131nacakt\u0131r.<\/strong><\/p>\n<p style=\"text-align: justify;\">Seminer ile ilgili bilgi almak i\u00e7in l\u00fctfen\u00a0<strong>egitim@unak.org.tr<\/strong> e-mail adresi ile ileti\u015fime ge\u00e7iniz.<\/p>\n","protected":false},"excerpt":{"rendered":"<p>\u00dcniversite ve Ara\u015ft\u0131rma K\u00fct\u00fcphanecileri Derne\u011fi (\u00dcNAK) meslek profesyonellerinin geli\u015fim ve e\u011fitimlerine katk\u0131 sa\u011flamak amac\u0131yla \u00e7al\u0131\u015fmalar\u0131na ba\u015flad\u0131. \u0130lk e\u011fitim \u00e7al\u0131\u015fmas\u0131n\u0131 29-30 Nisan 2016 tarihlerinde Mimar Sinan G\u00fczel Sanatlar \u00dcniversitesi ev sahipli\u011finde ger\u00e7ekle\u015ftirmi\u015fti. E\u011fitim seminerlerinin ikinci d\u00f6nemi ise 27-28 May\u0131s 2016 tarihleri aras\u0131nda \u0130pek \u00dcniversitesinin ev sahipli\u011finde\u00a0 648. Cadde, Turan G\u00fcne\u015f Bulvar\u0131, 06550 Oran\/ \u00c7ankaya-Ankara adresinde ger\u00e7ekle\u015ftirece\u011fi [&hellip;]<\/p>\n","protected":false},"author":1,"featured_media":0,"comment_status":"open","ping_status":"open","sticky":false,"template":"","format":"standard","meta":{"footnotes":""},"categories":[1,1601,1507],"tags":[1395],"class_list":["post-19126","post","type-post","status-publish","format-standard","hentry","category-genel","category-rda","category-unak","tag-bby-mesleki-etkinlikler-arsivi"],"_links":{"self":[{"href":"https:\/\/www.bbyhaber.com\/bby\/wp-json\/wp\/v2\/posts\/19126"}],"collection":[{"href":"https:\/\/www.bbyhaber.com\/bby\/wp-json\/wp\/v2\/posts"}],"about":[{"href":"https:\/\/www.bbyhaber.com\/bby\/wp-json\/wp\/v2\/types\/post"}],"author":[{"embeddable":true,"href":"https:\/\/www.bbyhaber.com\/bby\/wp-json\/wp\/v2\/users\/1"}],"replies":[{"embeddable":true,"href":"https:\/\/www.bbyhaber.com\/bby\/wp-json\/wp\/v2\/comments?post=19126"}],"version-history":[{"count":0,"href":"https:\/\/www.bbyhaber.com\/bby\/wp-json\/wp\/v2\/posts\/19126\/revisions"}],"wp:attachment":[{"href":"https:\/\/www.bbyhaber.com\/bby\/wp-json\/wp\/v2\/media?parent=19126"}],"wp:term":[{"taxonomy":"category","embeddable":true,"href":"https:\/\/www.bbyhaber.com\/bby\/wp-json\/wp\/v2\/categories?post=19126"},{"taxonomy":"post_tag","embeddable":true,"href":"https:\/\/www.bbyhaber.com\/bby\/wp-json\/wp\/v2\/tags?post=19126"}],"curies":[{"name":"wp","href":"https:\/\/api.w.org\/{rel}","templated":true}]}}