{"id":19122,"date":"2016-05-12T18:24:43","date_gmt":"2016-05-12T15:24:43","guid":{"rendered":"http:\/\/www.bbyhaber.com\/bby\/?p=19122"},"modified":"2016-05-12T18:24:43","modified_gmt":"2016-05-12T15:24:43","slug":"ya-dogalgaz-da-hic-gelmeseydi","status":"publish","type":"post","link":"https:\/\/www.bbyhaber.com\/bby\/2016\/05\/12\/ya-dogalgaz-da-hic-gelmeseydi","title":{"rendered":"Ya do\u011falgaz da hi\u00e7 gelmeseydi!"},"content":{"rendered":"<p style=\"text-align: justify;\"><img loading=\"lazy\" decoding=\"async\" class=\"alignleft\" src=\"http:\/\/i.milliyet.com.tr\/LocalArticle606x304\/2016\/05\/11\/fft261_mf14784697.Jpeg\" alt=\"\" width=\"206\" height=\"103\" \/>Yozgat Erdo\u011fan Akda\u011f \u0130lk ve Ortaokulunda, k\u00f6m\u00fcrl\u00fck olarak kullan\u0131lan alana bak\u0131m ve onar\u0131m \u00e7al\u0131\u015fmas\u0131 yap\u0131larak k\u00fct\u00fcphaneye d\u00f6n\u00fc\u015ft\u00fcr\u00fcld\u00fc. Yozgat Erdo\u011fan Akda\u011f \u0130lk ve Ortaokulu M\u00fcd\u00fcr\u00fc Mustafa \u00d6zy\u00fcrek, <span style=\"text-decoration: underline;\"><strong>okullar\u0131nda \u0131s\u0131nma sistemlerinin do\u011falgaza d\u00f6n\u00fc\u015fmesiyle birlikte k\u00f6m\u00fcrl\u00fck olarak kullan\u0131lan alan\u0131n bo\u015fa \u00e7\u0131kt\u0131\u011f\u0131n\u0131 s\u00f6yledi<\/strong><\/span>. <strong>Okullar\u0131nda bir k\u00fct\u00fcphaneye ihtiya\u00e7 duyuldu\u011funu ve yer s\u0131k\u0131nt\u0131s\u0131ndan dolay\u0131 bunu ger\u00e7ekle\u015ftiremediklerini ifade eden \u00d6zy\u00fcrek, \u201cBo\u015falan k\u00f6m\u00fcrl\u00fc\u011f\u00fcn bak\u0131m ve onar\u0131m\u0131n\u0131 yapt\u0131rd\u0131k. End\u00fcstri meslek lisemizde Kitapl\u0131klar\u0131m\u0131z\u0131 yapt\u0131rd\u0131k.<\/strong><!--more--> Baz\u0131 kurumlardan da masa alarak kitapl\u0131\u011f\u0131m\u0131z\u0131 olu\u015fturduk. Velilerimiz ve vatanda\u015flardan kitap ba\u011f\u0131\u015flar\u0131 alarak bir k\u00fct\u00fcphane kurduk. Kitap ba\u011f\u0131\u015flar\u0131n\u0131 almaya devam ediyoruz. Kitap ba\u011f\u0131\u015flamak isteyen vatanda\u015flar\u0131m\u0131z okulumuz k\u00fct\u00fcphanesine kitap ba\u011f\u0131\u015flayabilir\u201d dedi. Evinde ders \u00e7al\u0131\u015fma ortam\u0131 bulamayan \u00f6\u011frencilerin burada ders \u00e7al\u0131\u015fabildi\u011fini ifade eden \u00d6zy\u00fcrek, \u201cK\u00fct\u00fcphanemiz ayn\u0131 zamanda bir et\u00fct salonu gibi kullan\u0131labiliyor. Evlerinde ders \u00e7al\u0131\u015fma ortam\u0131 bulamayan \u00f6\u011frencilerimiz gelip burada derslerine \u00e7al\u0131\u015fabiliyor\u201d diye konu\u015ftu.<\/p>\n<p style=\"text-align: justify;\">Kaynak: http:\/\/www.milliyet.com.tr\/<\/p>\n<p style=\"text-align: justify;\"><strong><span style=\"color: #ff0000;\">&#8220;Durumumuz ne kadar da k\u00f6t\u00fc; g\u00fcn\u00fcm\u00fczde veya ge\u00e7mi\u015fte bir okul in\u015fa edilirken okul i\u00e7erisine bir k\u00fct\u00fcphane olu\u015fturulmas\u0131 hi\u00e7kimsenin akl\u0131na bile gelmiyor, d\u00fc\u015f\u00fcn\u00fclm\u00fcyor ve sonras\u0131nda y\u00f6netimin akl\u0131na &#8216;bu okulda bir eksiklik var&#8217; diye bir \u0131\u015f\u0131k parl\u0131yor ve akabinde bir \u015fekilde k\u00fct\u00fcphane olmas\u0131 fikri do\u011fuyor!!! Her okula bir k\u00fct\u00fcphane ve her k\u00fct\u00fcphaneye de bir K\u00dcT\u00dcPHANEC\u0130 kesinlikle \u015fartt\u0131r@bbyhaber&#8221;<\/span><\/strong><\/p>\n","protected":false},"excerpt":{"rendered":"<p>Yozgat Erdo\u011fan Akda\u011f \u0130lk ve Ortaokulunda, k\u00f6m\u00fcrl\u00fck olarak kullan\u0131lan alana bak\u0131m ve onar\u0131m \u00e7al\u0131\u015fmas\u0131 yap\u0131larak k\u00fct\u00fcphaneye d\u00f6n\u00fc\u015ft\u00fcr\u00fcld\u00fc. Yozgat Erdo\u011fan Akda\u011f \u0130lk ve Ortaokulu M\u00fcd\u00fcr\u00fc Mustafa \u00d6zy\u00fcrek, okullar\u0131nda \u0131s\u0131nma sistemlerinin do\u011falgaza d\u00f6n\u00fc\u015fmesiyle birlikte k\u00f6m\u00fcrl\u00fck olarak kullan\u0131lan alan\u0131n bo\u015fa \u00e7\u0131kt\u0131\u011f\u0131n\u0131 s\u00f6yledi. Okullar\u0131nda bir k\u00fct\u00fcphaneye ihtiya\u00e7 duyuldu\u011funu ve yer s\u0131k\u0131nt\u0131s\u0131ndan dolay\u0131 bunu ger\u00e7ekle\u015ftiremediklerini ifade eden \u00d6zy\u00fcrek, \u201cBo\u015falan k\u00f6m\u00fcrl\u00fc\u011f\u00fcn [&hellip;]<\/p>\n","protected":false},"author":1,"featured_media":0,"comment_status":"open","ping_status":"open","sticky":false,"template":"","format":"standard","meta":{"footnotes":""},"categories":[1],"tags":[],"class_list":["post-19122","post","type-post","status-publish","format-standard","hentry","category-genel"],"_links":{"self":[{"href":"https:\/\/www.bbyhaber.com\/bby\/wp-json\/wp\/v2\/posts\/19122"}],"collection":[{"href":"https:\/\/www.bbyhaber.com\/bby\/wp-json\/wp\/v2\/posts"}],"about":[{"href":"https:\/\/www.bbyhaber.com\/bby\/wp-json\/wp\/v2\/types\/post"}],"author":[{"embeddable":true,"href":"https:\/\/www.bbyhaber.com\/bby\/wp-json\/wp\/v2\/users\/1"}],"replies":[{"embeddable":true,"href":"https:\/\/www.bbyhaber.com\/bby\/wp-json\/wp\/v2\/comments?post=19122"}],"version-history":[{"count":0,"href":"https:\/\/www.bbyhaber.com\/bby\/wp-json\/wp\/v2\/posts\/19122\/revisions"}],"wp:attachment":[{"href":"https:\/\/www.bbyhaber.com\/bby\/wp-json\/wp\/v2\/media?parent=19122"}],"wp:term":[{"taxonomy":"category","embeddable":true,"href":"https:\/\/www.bbyhaber.com\/bby\/wp-json\/wp\/v2\/categories?post=19122"},{"taxonomy":"post_tag","embeddable":true,"href":"https:\/\/www.bbyhaber.com\/bby\/wp-json\/wp\/v2\/tags?post=19122"}],"curies":[{"name":"wp","href":"https:\/\/api.w.org\/{rel}","templated":true}]}}