{"id":19096,"date":"2016-05-05T16:39:32","date_gmt":"2016-05-05T13:39:32","guid":{"rendered":"http:\/\/www.bbyhaber.com\/bby\/?p=19096"},"modified":"2016-05-05T16:39:32","modified_gmt":"2016-05-05T13:39:32","slug":"halk-kutuphaneleri-sivas-edebiyat-bolge-semineri-gerceklestirildi","status":"publish","type":"post","link":"https:\/\/www.bbyhaber.com\/bby\/2016\/05\/05\/halk-kutuphaneleri-sivas-edebiyat-bolge-semineri-gerceklestirildi","title":{"rendered":"Halk K\u00fct\u00fcphaneleri Sivas Edebiyat B\u00f6lge Semineri Ger\u00e7ekle\u015ftirildi."},"content":{"rendered":"<p style=\"text-align: justify;\"><img loading=\"lazy\" decoding=\"async\" class=\"alignleft\" src=\"http:\/\/bbyhaber.com\/bby\/wp-content\/uploads\/2016\/04\/halk-kutuphaneleri-bolge-semineri-by.jpg\" alt=\"\" width=\"289\" height=\"180\" \/>Prof.Dr. B\u00fclent YILMAZ 24.s\u00fc yap\u0131lan Halk K\u00fct\u00fcphaneleri Sivas Edebiyat B\u00f6lge Semineri hakk\u0131nda bilgilendirme yapt\u0131.Y\u0131lmaz, &#8220;2006 y\u0131l\u0131ndan bu yana Hacettepe \u00dcniversitesi Bilgi ve Belge Y\u00f6netimi B\u00f6l\u00fcm\u00fc, K\u00fct\u00fcphaneler ve Yay\u0131mlar Genel M\u00fcd\u00fcrl\u00fc\u011f\u00fc, T\u00fcrk K\u00fct\u00fcphaneciler Derne\u011fi, Goethe Enstit\u00fcs\u00fc ve G\u00fcn\u0131\u015f\u0131\u011f\u0131 Kitapl\u0131\u011f\u0131 i\u015fbirli\u011fi ile d\u00fczenlenen <a href=\"http:\/\/www.bbyhaber.com\/bby\/tag\/halk-kutuphaneleri-bolge-seminerleri\/\" target=\"_blank\"><span style=\"color: #ff0000;\"><strong>Halk K\u00fct\u00fcphaneleri B\u00f6lge Seminerleri<\/strong><\/span><\/a>\u2019nin <strong><span style=\"color: #ff0000;\">24.s\u00fc 29-30 Nisan 2016<\/span><\/strong> tarihlerinde Sivas \u0130l Halk K\u00fct\u00fcphanesi ev sahipli\u011finde<!--more--> Sivas&#8217;da ger\u00e7ekle\u015ftirildi. Halk K\u00fct\u00fcphaneleri Sivas Edebiyat B\u00f6lge Semineri\u2019nde, \u201cEdebiyat ve halk k\u00fct\u00fcphanesi\u201d, \u201cEdebiyat, yay\u0131nc\u0131l\u0131k ve okuma k\u00fclt\u00fcr\u00fcm\u00fcz\u201d, \u201cHalk k\u00fct\u00fcphanelerinde halkla ili\u015fkiler\u201d, \u201cAlmanya&#8217;da yenilik\u00e7i gezici k\u00fct\u00fcphane hizmetleri\u201d ve \u201cMesleki sorunlar ve payla\u015f\u0131mlar\u201d ba\u015fl\u0131klar\u0131 alt\u0131nda sunumlar yap\u0131ld\u0131. \u00c7a\u011fda\u015f edebiyat\u0131m\u0131z\u0131n ve \u00f6yk\u00fcc\u00fcl\u00fc\u011f\u00fcm\u00fcz\u00fcn \u00f6nemli yazarlar\u0131ndan CEM\u0130L KAVUK\u00c7U ile bulu\u015fma Seminer\u2019in son derece keyifli bir etkinli\u011fi olarak ger\u00e7ekle\u015ftirildi.<\/p>\n<p style=\"text-align: justify;\">Seminer\u2019de halk k\u00fct\u00fcphanecilerinin k\u00fct\u00fcphanelerine ait uygulama \u00f6rneklerini i\u00e7eren payla\u015f\u0131mlar\u0131 da yer ald\u0131. Seminer s\u0131ras\u0131nda yeni binas\u0131 ile hizmete ba\u015flayan Sivas \u0130l Halk K\u00fct\u00fcphanesi gezilerek, kat\u0131l\u0131mc\u0131lar taraf\u0131ndan de\u011ferlendirildi. Seminere Kayseri, Kahramanmara\u015f, Malatya, Elaz\u0131\u011f, Erzincan, Tokat, \u00c7orum, Yozgat, K\u0131r\u0131kkale, Nev\u015fehir ve K\u0131r\u015fehir illerinden toplam 30 k\u00fct\u00fcphaneci ile TKD Genel Ba\u015fkan\u0131, Yazar Mine Soysal ve Hacettepe BBY B\u00f6l\u00fcm\u00fcnden 2 \u00f6\u011frenci kat\u0131ld\u0131. Son derece verimli ge\u00e7en Seminer halk k\u00fct\u00fcphanecileri aras\u0131ndaki ileti\u015fim a\u00e7\u0131s\u0131ndan da yararl\u0131 oldu\u011fu&#8221; y\u00f6n\u00fcnde bilgileri ifade etti ve ayr\u0131ca Sivas \u0130l Halk K\u00fct\u00fcphanesi&#8217;nin ad\u0131n\u0131n &#8220;\u015eems-i Sivasi \u0130l Halk K\u00fct\u00fcphanesi&#8221; olarak de\u011fi\u015ftirildi\u011fi bilgisini de aktard\u0131.<\/p>\n","protected":false},"excerpt":{"rendered":"<p>Prof.Dr. B\u00fclent YILMAZ 24.s\u00fc yap\u0131lan Halk K\u00fct\u00fcphaneleri Sivas Edebiyat B\u00f6lge Semineri hakk\u0131nda bilgilendirme yapt\u0131.Y\u0131lmaz, &#8220;2006 y\u0131l\u0131ndan bu yana Hacettepe \u00dcniversitesi Bilgi ve Belge Y\u00f6netimi B\u00f6l\u00fcm\u00fc, K\u00fct\u00fcphaneler ve Yay\u0131mlar Genel M\u00fcd\u00fcrl\u00fc\u011f\u00fc, T\u00fcrk K\u00fct\u00fcphaneciler Derne\u011fi, Goethe Enstit\u00fcs\u00fc ve G\u00fcn\u0131\u015f\u0131\u011f\u0131 Kitapl\u0131\u011f\u0131 i\u015fbirli\u011fi ile d\u00fczenlenen Halk K\u00fct\u00fcphaneleri B\u00f6lge Seminerleri\u2019nin 24.s\u00fc 29-30 Nisan 2016 tarihlerinde Sivas \u0130l Halk K\u00fct\u00fcphanesi ev [&hellip;]<\/p>\n","protected":false},"author":1,"featured_media":0,"comment_status":"open","ping_status":"open","sticky":false,"template":"","format":"standard","meta":{"footnotes":""},"categories":[1,1576],"tags":[848],"class_list":["post-19096","post","type-post","status-publish","format-standard","hentry","category-genel","category-halk-kutuphaneleri-bolge-seminerleri","tag-halk-kutuphaneleri"],"_links":{"self":[{"href":"https:\/\/www.bbyhaber.com\/bby\/wp-json\/wp\/v2\/posts\/19096"}],"collection":[{"href":"https:\/\/www.bbyhaber.com\/bby\/wp-json\/wp\/v2\/posts"}],"about":[{"href":"https:\/\/www.bbyhaber.com\/bby\/wp-json\/wp\/v2\/types\/post"}],"author":[{"embeddable":true,"href":"https:\/\/www.bbyhaber.com\/bby\/wp-json\/wp\/v2\/users\/1"}],"replies":[{"embeddable":true,"href":"https:\/\/www.bbyhaber.com\/bby\/wp-json\/wp\/v2\/comments?post=19096"}],"version-history":[{"count":0,"href":"https:\/\/www.bbyhaber.com\/bby\/wp-json\/wp\/v2\/posts\/19096\/revisions"}],"wp:attachment":[{"href":"https:\/\/www.bbyhaber.com\/bby\/wp-json\/wp\/v2\/media?parent=19096"}],"wp:term":[{"taxonomy":"category","embeddable":true,"href":"https:\/\/www.bbyhaber.com\/bby\/wp-json\/wp\/v2\/categories?post=19096"},{"taxonomy":"post_tag","embeddable":true,"href":"https:\/\/www.bbyhaber.com\/bby\/wp-json\/wp\/v2\/tags?post=19096"}],"curies":[{"name":"wp","href":"https:\/\/api.w.org\/{rel}","templated":true}]}}