{"id":19089,"date":"2016-05-02T17:57:49","date_gmt":"2016-05-02T14:57:49","guid":{"rendered":"http:\/\/www.bbyhaber.com\/bby\/?p=19089"},"modified":"2016-05-02T18:02:12","modified_gmt":"2016-05-02T15:02:12","slug":"harran%e2%80%99da-bir-super-kahraman","status":"publish","type":"post","link":"https:\/\/www.bbyhaber.com\/bby\/2016\/05\/02\/harran%e2%80%99da-bir-super-kahraman","title":{"rendered":"Harran\u2019da bir s\u00fcper kahraman"},"content":{"rendered":"<p style=\"text-align: justify;\"><img loading=\"lazy\" decoding=\"async\" class=\"alignleft\" src=\"http:\/\/i.hurimg.com\/i\/hurriyet\/90\/459x393\/57261b6818c77359f8b04742\" alt=\"\" width=\"276\" height=\"156\" \/>\u00d6\u011fretmenler ve istismar s\u00f6zc\u00fcklerinin havada u\u00e7u\u015farak ruhumuzu karartt\u0131\u011f\u0131 \u015fu g\u00fcnlerde, gelin sizi kahraman bir \u00f6\u011fretmenle tan\u0131\u015ft\u0131ray\u0131m. 24 ya\u015f\u0131ndaki Emre U\u011fur, \u015eanl\u0131urfa\u2019n\u0131n Harran il\u00e7esindeki \u015eehrince K\u00f6y\u00fc\u2019nde okul \u00f6\u011fretmeni. Ana yolun kenar\u0131ndan ge\u00e7erken \u0131\u015f\u0131klar\u0131n\u0131 g\u00f6remedi\u011finiz, yurdun okyanusta su damlas\u0131 kadar k\u00f6ylerinden biri bu. \u0130stanbul\u2019dan bu k\u00f6ye varan U\u011fur\u2019un meslekte ikinci y\u0131l\u0131.<!--more--><\/p>\n<p style=\"text-align: justify;\">Asl\u0131nda \u2018\u00f6\u011fretmen\u2019 onu anlatmaya yetmiyor; o daha ziyade, pamuk tarlalar\u0131yla \u00e7evrili bir k\u00f6y okulunda, gelece\u011fini tarladan ba\u015fka yerde g\u00f6remeyen \u00e7ocuklar i\u00e7in bir hayal mimar\u0131. \u0130mkans\u0131zl\u0131\u011f\u0131n yarat\u0131c\u0131l\u0131\u011f\u0131 ma\u011flup edemeyece\u011fine inanan bu gencecik adam\u0131n \u00f6\u011frencileriyle beraber hayal avc\u0131l\u0131\u011f\u0131 bir g\u00fcn bir \u00f6\u011frencinin televizyonda Semih Sayg\u0131ner\u2019i izleyip bilardoyu merak etti\u011fini s\u00f6ylemesiyle ba\u015flad\u0131. \u00d6\u011frencinin s\u00f6zleri o gece U\u011fur\u2019un uykular\u0131n\u0131 ka\u00e7\u0131rd\u0131. Sabah ilk i\u015f \u00e7amur karmaya koyuldu; \u00f6\u011frencileriyle birlikte \u00e7amurdan bir bilardo masas\u0131 yapt\u0131lar, kozalaklar\u0131 top diye kulland\u0131lar.<\/p>\n<p style=\"text-align: justify;\"><a href=\"http:\/\/i.hurimg.com\/i\/hurriyet\/90\/393x436\/57261aaf18c77359f8b0472a\"><img loading=\"lazy\" decoding=\"async\" class=\"alignnone\" src=\"http:\/\/i.hurimg.com\/i\/hurriyet\/90\/393x436\/57261aaf18c77359f8b0472a\" alt=\"\" width=\"150\" height=\"150\" \/><\/a><\/p>\n<p style=\"text-align: justify;\">Onu, ders s\u0131ralar\u0131yla in\u015fa ettikleri voleybol sahas\u0131, onu da su \u015fi\u015felerinden yapt\u0131klar\u0131 halterler izledi. *U\u011fur ara s\u0131n\u0131flarda okuma yazma bilmeyen \u00e7ok \u00e7ocuk oldu\u011funu g\u00f6r\u00fcnce okul \u00e7\u0131k\u0131\u015flar\u0131nda okuma yazma mesaileri ba\u015flad\u0131. \u00d6\u011frenme s\u00fcrecini e\u011flenceli hale getirmek i\u00e7in defter yerine tra\u015f k\u00f6p\u00fc\u011f\u00fcne yazd\u0131rd\u0131 alfabeyi. 15 ya\u015f\u0131nda pek \u00e7ok \u00e7ocuk bir ay i\u00e7inde okumay\u0131 s\u00f6kt\u00fc. \u201cBu \u00e7ocuklar Jules Verne&#8217;i tan\u0131madan pamuk tarlas\u0131nda g\u00fcller yeti\u015fmez ki\u201d diye d\u00fc\u015f\u00fcnen U\u011fur, k\u00f6ye k\u00fct\u00fcphane getirmenin \u00e7\u00f6le su getirmekle e\u015fde\u011fer oldu\u011fu inanc\u0131yla \u00e7ocuklara k\u00fct\u00fcphane kurma s\u00f6z\u00fc verdi. Bir ay geceli g\u00fcnd\u00fczl\u00fc \u00e7al\u0131\u015ft\u0131, kitaplar toplad\u0131, raflar buldu.<\/p>\n<p style=\"text-align: justify;\"><a href=\"http:\/\/i.hurimg.com\/i\/hurriyet\/90\/373x422\/57261bde18c77359f8b04749\"><img loading=\"lazy\" decoding=\"async\" class=\"alignnone\" src=\"http:\/\/i.hurimg.com\/i\/hurriyet\/90\/373x422\/57261bde18c77359f8b04749\" alt=\"\" width=\"150\" height=\"150\" \/> <\/a><\/p>\n<p style=\"text-align: justify;\">Bu k\u00fct\u00fcphane 3 bin kitapla \u00e7evredeki k\u00f6y okullar\u0131n\u0131n ilk k\u00fct\u00fcphanesi oldu. U\u011fur \u015fimdilerde \u00e7ocuklarla beraber \u00fc\u00e7\u00fcnc\u00fc bir k\u00f6y okuluna k\u00fct\u00fcphane a\u00e7mak i\u00e7in \u00e7al\u0131\u015f\u0131yor. Dersleri ezbercili\u011fe dayanm\u0131yor. \u2018B\u00f6lgemizi tan\u0131yal\u0131m\u2019 konusu i\u015fleniyorsa misal, kap\u0131yor Harran\u2019\u0131 hi\u00e7 g\u00f6rmemi\u015f Harranl\u0131 \u00f6\u011frencilerini, il\u00e7ede tarihi bir kal\u0131nt\u0131 olan d\u00fcnyan\u0131n ilk \u00fcniversitesinde i\u015fliyorlar dersi. Ya da mesela, \u201cDi\u015flerinizi f\u0131r\u00e7alamal\u0131s\u0131n\u0131z\u201d deyip ge\u00e7miyor, t\u00fcm \u00f6\u011frencilere di\u015f f\u0131r\u00e7as\u0131 ve macun temin ediyor; her sabah birlikte f\u0131r\u00e7al\u0131yorlar di\u015flerini. *U\u011fur \u00f6\u011frencilerine hedeflere ula\u015fman\u0131n imkans\u0131z olmad\u0131\u011f\u0131n\u0131 g\u00f6stermek i\u00e7in s\u0131n\u0131fta onlara defalarca Aziz Sancar\u2019\u0131n Nobel konu\u015fmas\u0131n\u0131 izletiyor. Hedef belirlemeleri i\u00e7in her hafta derslerinde farkl\u0131 bir mesle\u011fi tan\u0131t\u0131yor.<\/p>\n<p style=\"text-align: justify;\">Bazen bir doktor k\u0131yafetiyle giriyor derse; bazen bir m\u00fchendis baretiyle ve her detay\u0131yla inceliyorlar o mesle\u011fi. Bir \u00f6\u011frenci s\u00fct i\u00e7meyi sevmedi\u011fini s\u00f6yledi\u011finde ge\u00e7i\u015ftirmiyor; s\u00fct kutusunun \u00fczerine fil resmi yap\u0131\u015ft\u0131r\u0131yor, pipeti de filin hortumu yap\u0131yor.<\/p>\n<p style=\"text-align: justify;\">Bir \u00f6\u011frenci derste uyuyakal\u0131rsa onu azarlayarak uyand\u0131rmak yerine ceketiyle \u00fczerini \u00f6rt\u00fcyor. \u201c\u00c7ocu\u011fun uykusunu b\u00f6lerek engelleyemeyiz ki sorunu, temeline inmeliyiz her sorunun\u201d diyor. Yeri geliyor \u00e7orap giydiren el oluyor \u00f6\u011frencilere, yeri geliyor s\u0131rt\u0131 merdiven oluyor onlara. \u201cNe kadar \u00f6\u011fretmen isem o kadar abi, o kadar baba olmam gerekiyor. \u00c7\u00fcnk\u00fc yeni nesli yeti\u015ftirmek kolay zanaat olamaz\u201d diyor. \u201cEminim, \u00e7ocuklar\u0131n hedefleri bir fidan olmu\u015f ye\u015feriyor zihinlerinde ve ben onlara can suyu olmaktan mutluluk duyuyorum\u201d diyor.<\/p>\n<p style=\"text-align: justify;\">Asla ba\u011f\u0131rm\u0131yor \u00e7ocuklara. Zira ona g\u00f6re, zambaklar\u0131 yeti\u015ftiren g\u00f6k g\u00fcr\u00fclt\u00fcs\u00fc de\u011fil, ya\u011fmur. \u00d6\u011frencilerin edindi\u011fi her bilgi bir ya\u011fmur damlas\u0131 ve onlar suyun hayat veri\u015fine halen doyamad\u0131lar. Gel zaman git zaman, bir\u00e7ok yar\u0131\u015fmada il ve il\u00e7e birincilikleri edindiler. Okulda bilim fuarlar\u0131 d\u00fczenlediler. Yeri geldi bir yanarda\u011fdan f\u0131\u015fk\u0131ran lavlarda y\u00fcr\u00fcd\u00fcler bilime; yeri geldi s\u00fcrt\u00fcnme kuvvetiyle \u00e7al\u0131\u015fan bir araban\u0131n tekeriyle. Velhas\u0131l\u0131kelam\u2026Umutlar\u0131m\u0131z zaman zaman azalsa da\u2026Umutsuz olmamal\u0131.Bir yerlerde ayd\u0131nl\u0131k gelece\u011fin tohumlar\u0131 at\u0131l\u0131yor.<\/p>\n<p style=\"text-align: justify;\">Kaynak: http:\/\/www.hurriyet.com.tr\/<\/p>\n","protected":false},"excerpt":{"rendered":"<p>\u00d6\u011fretmenler ve istismar s\u00f6zc\u00fcklerinin havada u\u00e7u\u015farak ruhumuzu karartt\u0131\u011f\u0131 \u015fu g\u00fcnlerde, gelin sizi kahraman bir \u00f6\u011fretmenle tan\u0131\u015ft\u0131ray\u0131m. 24 ya\u015f\u0131ndaki Emre U\u011fur, \u015eanl\u0131urfa\u2019n\u0131n Harran il\u00e7esindeki \u015eehrince K\u00f6y\u00fc\u2019nde okul \u00f6\u011fretmeni. Ana yolun kenar\u0131ndan ge\u00e7erken \u0131\u015f\u0131klar\u0131n\u0131 g\u00f6remedi\u011finiz, yurdun okyanusta su damlas\u0131 kadar k\u00f6ylerinden biri bu. \u0130stanbul\u2019dan bu k\u00f6ye varan U\u011fur\u2019un meslekte ikinci y\u0131l\u0131.<\/p>\n","protected":false},"author":1,"featured_media":0,"comment_status":"open","ping_status":"open","sticky":false,"template":"","format":"standard","meta":{"footnotes":""},"categories":[1],"tags":[],"class_list":["post-19089","post","type-post","status-publish","format-standard","hentry","category-genel"],"_links":{"self":[{"href":"https:\/\/www.bbyhaber.com\/bby\/wp-json\/wp\/v2\/posts\/19089"}],"collection":[{"href":"https:\/\/www.bbyhaber.com\/bby\/wp-json\/wp\/v2\/posts"}],"about":[{"href":"https:\/\/www.bbyhaber.com\/bby\/wp-json\/wp\/v2\/types\/post"}],"author":[{"embeddable":true,"href":"https:\/\/www.bbyhaber.com\/bby\/wp-json\/wp\/v2\/users\/1"}],"replies":[{"embeddable":true,"href":"https:\/\/www.bbyhaber.com\/bby\/wp-json\/wp\/v2\/comments?post=19089"}],"version-history":[{"count":0,"href":"https:\/\/www.bbyhaber.com\/bby\/wp-json\/wp\/v2\/posts\/19089\/revisions"}],"wp:attachment":[{"href":"https:\/\/www.bbyhaber.com\/bby\/wp-json\/wp\/v2\/media?parent=19089"}],"wp:term":[{"taxonomy":"category","embeddable":true,"href":"https:\/\/www.bbyhaber.com\/bby\/wp-json\/wp\/v2\/categories?post=19089"},{"taxonomy":"post_tag","embeddable":true,"href":"https:\/\/www.bbyhaber.com\/bby\/wp-json\/wp\/v2\/tags?post=19089"}],"curies":[{"name":"wp","href":"https:\/\/api.w.org\/{rel}","templated":true}]}}