{"id":19067,"date":"2016-04-25T14:39:10","date_gmt":"2016-04-25T11:39:10","guid":{"rendered":"http:\/\/www.bbyhaber.com\/bby\/?p=19067"},"modified":"2016-05-06T17:31:43","modified_gmt":"2016-05-06T14:31:43","slug":"iii-mesleki-yenilenme-toplantisi-%e2%80%9cege-ve-akdeniz-bolgesi%e2%80%9d-06-mayis-2016-izmir","status":"publish","type":"post","link":"https:\/\/www.bbyhaber.com\/bby\/2016\/04\/25\/iii-mesleki-yenilenme-toplantisi-%e2%80%9cege-ve-akdeniz-bolgesi%e2%80%9d-06-mayis-2016-izmir","title":{"rendered":"III.Mesleki Yenilenme Toplant\u0131s\u0131: \u201cEge ve Akdeniz B\u00f6lgesi\u201d-06 May\u0131s 2016, \u0130zmir"},"content":{"rendered":"<p style=\"text-align: justify;\"><img loading=\"lazy\" decoding=\"async\" class=\"alignleft\" src=\"http:\/\/bbyhaber.com\/bby\/wp-content\/uploads\/2016\/04\/gediz-mesleki-yenilenme-toplantisi.jpg\" alt=\"\" width=\"284\" height=\"127\" \/>K\u00fct\u00fcphanecilik ve bilgi bilim alan\u0131ndaki bilgi ve tecr\u00fcbeleri payla\u015fmak, bilgi al\u0131\u015fveri\u015finde bulunulmas\u0131n\u0131 sa\u011flamak, yeni i\u015fbirli\u011fi ve ortak \u00e7al\u0131\u015fma alanlar\u0131 olu\u015fturmak, profesyonel ileti\u015fim ve i\u015fbirliklerini art\u0131rmak amac\u0131yla Gediz \u00dcniversitesi K\u00fct\u00fcphane ve Dok\u00fcmantasyon M\u00fcd\u00fcrl\u00fc\u011f\u00fc ve\u00a0 K\u00fclt\u00fcr Payla\u015f\u0131m Platformu i\u015fbirli\u011fiyle <strong>6 May\u0131s 2016 Cuma<\/strong> g\u00fcn\u00fc <strong>III. Mesleki Yenilenme &#8211; Ege ve Akdeniz B\u00f6lgesi Toplant\u0131s\u0131<\/strong> d\u00fczenlenecektir.<!--more--><\/p>\n<p style=\"text-align: justify;\">K\u00fclt\u00fcr Payla\u015f\u0131m Platformu g\u00f6n\u00fcll\u00fcl\u00fc\u011fe dayanan bir sivil toplum giri\u015fimidir. K\u00fct\u00fcphaneciler, akademisyenler, yazarlar, \u00f6\u011frenciler, \u00f6\u011fretmenler gibi \u00e7e\u015fitli uzman kadrolar\u0131na mensup ki\u015fi veya ki\u015filerle toplum i\u00e7in k\u00fclt\u00fcrel etkinlikler d\u00fczenleyerek k\u00fclt\u00fcr payla\u015f\u0131m\u0131n\u0131 artt\u0131rmay\u0131 kendine ama\u00e7 edinmektedir. Sosyal payla\u015f\u0131m siteleri aras\u0131nda da kendisine \u00f6nemli yer edinen platform, \u00fcyeleri ve \u00fcye adaylar\u0131yla birlikte sivil toplum kurulu\u015flar\u0131n\u0131n i\u015f birli\u011fi ile yeni projeler geli\u015ftirerek \u00e7ok y\u00f6nl\u00fc ses getirmeyi hedeflemektedir.<\/p>\n<p style=\"text-align: justify;\">Gediz \u00dcniversitesi K\u00fct\u00fcphanesi ev sahiplili\u011finde <strong><span style=\"color: #0000ff;\">III.Mesleki Yenilenme Toplant\u0131s\u0131: \u201cEge ve Akdeniz B\u00f6lgesi\u201d : 6 May\u0131s 2016, Gediz \u00dcniversitesi<\/span><\/strong>\u2019nde ger\u00e7ekle\u015ftirilecektir.<\/p>\n<p style=\"text-align: justify;\"><strong>Toplant\u0131 Tarih\u00e7esi:<\/strong><br \/>\n<span style=\"color: #0000ff;\"><strong>III. Mesleki Yenilenme Toplant\u0131s\u0131: \u201cEge ve Akdeniz B\u00f6lgesi\u201d 6 May\u0131s, 2016 \/ Gediz \u00dcniversitesi.<\/strong><\/span><br \/>\n<span style=\"color: #ff0000;\">II. Mesleki Yenilenme Toplant\u0131s\u0131: \u201cKaradeniz B\u00f6lgesi\u201d 20 May\u0131s, 2014 \/ Ondokuz May\u0131s \u00dcniversitesi.<\/span><br \/>\n<span style=\"color: #ff0000;\">I. Mesleki Yenilenme Toplant\u0131s\u0131: \u201cK\u00fct\u00fcphanecilik ve Bilgi Bilim Alan\u0131nda Ya\u015fanan Geli\u015fmeler ile Ortaya \u00c7\u0131kan Sorunlar\u201d 5 \u015eubat, 2014 \/ Trakya \u00dcniversitesi.<\/span><\/p>\n<p style=\"text-align: justify;\"><strong>ETK\u0130NL\u0130K TAR\u0130H\u0130 : 6 MAYIS, 2016 <\/strong><br \/>\n<strong>SON BA\u015eVURU TAR\u0130H\u0130 : 29 N\u0130SAN, 2016 (<a href=\"http:\/\/application.gediz.edu.tr\/MeslekiYenilenmeToplantisi\/\" target=\"_blank\"><span style=\"color: #ff0000;\">BA\u015eVURU \u0130\u00c7\u0130N TIKLAYINIZ<\/span><\/a>)<\/strong><\/p>\n<p style=\"text-align: justify;\"><a href=\"http:\/\/meslekiyenilenme.gediz.edu.tr\/program.html\" target=\"_blank\"><span style=\"color: #0000ff;\">Web Sayfas\u0131 ve Program Detay\u0131 i\u00e7in t\u0131klay\u0131n\u0131z<\/span><\/a><\/p>\n","protected":false},"excerpt":{"rendered":"<p>K\u00fct\u00fcphanecilik ve bilgi bilim alan\u0131ndaki bilgi ve tecr\u00fcbeleri payla\u015fmak, bilgi al\u0131\u015fveri\u015finde bulunulmas\u0131n\u0131 sa\u011flamak, yeni i\u015fbirli\u011fi ve ortak \u00e7al\u0131\u015fma alanlar\u0131 olu\u015fturmak, profesyonel ileti\u015fim ve i\u015fbirliklerini art\u0131rmak amac\u0131yla Gediz \u00dcniversitesi K\u00fct\u00fcphane ve Dok\u00fcmantasyon M\u00fcd\u00fcrl\u00fc\u011f\u00fc ve\u00a0 K\u00fclt\u00fcr Payla\u015f\u0131m Platformu i\u015fbirli\u011fiyle 6 May\u0131s 2016 Cuma g\u00fcn\u00fc III. Mesleki Yenilenme &#8211; Ege ve Akdeniz B\u00f6lgesi Toplant\u0131s\u0131 d\u00fczenlenecektir.<\/p>\n","protected":false},"author":1,"featured_media":0,"comment_status":"open","ping_status":"open","sticky":false,"template":"","format":"standard","meta":{"footnotes":""},"categories":[],"tags":[1395],"class_list":["post-19067","post","type-post","status-publish","format-standard","hentry","tag-bby-mesleki-etkinlikler-arsivi"],"_links":{"self":[{"href":"https:\/\/www.bbyhaber.com\/bby\/wp-json\/wp\/v2\/posts\/19067"}],"collection":[{"href":"https:\/\/www.bbyhaber.com\/bby\/wp-json\/wp\/v2\/posts"}],"about":[{"href":"https:\/\/www.bbyhaber.com\/bby\/wp-json\/wp\/v2\/types\/post"}],"author":[{"embeddable":true,"href":"https:\/\/www.bbyhaber.com\/bby\/wp-json\/wp\/v2\/users\/1"}],"replies":[{"embeddable":true,"href":"https:\/\/www.bbyhaber.com\/bby\/wp-json\/wp\/v2\/comments?post=19067"}],"version-history":[{"count":0,"href":"https:\/\/www.bbyhaber.com\/bby\/wp-json\/wp\/v2\/posts\/19067\/revisions"}],"wp:attachment":[{"href":"https:\/\/www.bbyhaber.com\/bby\/wp-json\/wp\/v2\/media?parent=19067"}],"wp:term":[{"taxonomy":"category","embeddable":true,"href":"https:\/\/www.bbyhaber.com\/bby\/wp-json\/wp\/v2\/categories?post=19067"},{"taxonomy":"post_tag","embeddable":true,"href":"https:\/\/www.bbyhaber.com\/bby\/wp-json\/wp\/v2\/tags?post=19067"}],"curies":[{"name":"wp","href":"https:\/\/api.w.org\/{rel}","templated":true}]}}