{"id":19063,"date":"2016-04-25T13:34:08","date_gmt":"2016-04-25T10:34:08","guid":{"rendered":"http:\/\/www.bbyhaber.com\/bby\/?p=19063"},"modified":"2016-05-09T13:10:46","modified_gmt":"2016-05-09T10:10:46","slug":"kultur-bakanligi-600-kadroya-atama-planlamasini-aciklayacak-mi","status":"publish","type":"post","link":"https:\/\/www.bbyhaber.com\/bby\/2016\/04\/25\/kultur-bakanligi-600-kadroya-atama-planlamasini-aciklayacak-mi","title":{"rendered":"K\u00fclt\u00fcr Bakanl\u0131\u011f\u0131 600 Kadroya Atama Planlamas\u0131n\u0131 A\u00e7\u0131klayacak M\u0131?"},"content":{"rendered":"<p style=\"text-align: justify;\"><img loading=\"lazy\" decoding=\"async\" class=\"alignleft\" src=\"http:\/\/www.kamupersoneli.net\/images\/haberler\/kultur_bakanligi_600_kadroya_atama_planlamasini_aciklayacak_mi_h2338_3dfcb.png\" alt=\"\" width=\"195\" height=\"101\" \/>T\u00fcm kurumlar (Adalet Bakanl\u0131\u011f\u0131, Sa\u011fl\u0131k Bakanl\u0131\u011f\u0131, Aile ve Sosyal Politikalar Bakanl\u0131\u011f\u0131, KYK, G\u0131da, Tar\u0131m ve Hayvanc\u0131l\u0131k Bakanl\u0131\u011f\u0131, Diyanet \u0130\u015fleri Ba\u015fkanl\u0131\u011f\u0131 vb.) 2014 KPSS puan\u0131yla personel al\u0131m\u0131 ger\u00e7ekle\u015ftiriyorken <strong><span style=\"color: #ff0000;\">K\u00fclt\u00fcr ve Turizm Bakanl\u0131\u011f\u0131\u2019ndan da 2014 KPSS puan\u0131yla al\u0131m yap\u0131lmas\u0131 talep edilmektedir.<!--more--><\/span><\/strong><\/p>\n<div style=\"text-align: justify;\"><strong>K\u00fclt\u00fcr Paketi Gecikti, Al\u0131mlar Gecikmesin<br \/>\n<\/strong><\/div>\n<div style=\"text-align: justify;\">Say\u0131n Bakan Mahir \u00dcNAL\u2019\u0131n bizzat ba\u015fkanl\u0131k etti\u011fi k\u00fclt\u00fcr paketi ile ilgili 40 k\u00fcsur toplant\u0131yla bizzat s\u00fcreci y\u00f6netti\u011fi d\u00fc\u015f\u00fcn\u00fcld\u00fc\u011f\u00fcnde, paketin a\u00e7\u0131klanmas\u0131n\u0131n Ba\u015fbakan yurt d\u0131\u015f\u0131 gezileri ve ter\u00f6r g\u00fcndeminden gecikti\u011fi de hesaba kat\u0131ld\u0131\u011f\u0131nda 600 kadroya personel al\u0131m\u0131n planlamas\u0131n\u0131n, takviminin de 2014 KPSS ge\u00e7erlilik s\u00fcresinin bitim tarihine kadar yap\u0131lmas\u0131 faydal\u0131 olacakt\u0131r. Al\u0131mlar\u0131n geciktirilmesinde herhangi bir sebep yoktur. Hatta 2016-4 (Tar\u0131m Bakanl\u0131\u011f\u0131 1677 s\u00f6zle\u015fmeli al\u0131m) tercihleriyle bile K\u00fclt\u00fcr Bakanl\u0131\u011f\u0131 personel al\u0131mlar\u0131n\u0131 ger\u00e7ekle\u015ftirebilir.<\/div>\n<div style=\"text-align: justify;\"><strong>Adaylar, Bakan \u00dcNAL\u2019a G\u00fcveniyor<br \/>\n<\/strong><\/div>\n<div style=\"text-align: justify;\">K\u00fclt\u00fcr paketiyle m\u00fcjdesi verilen 600 kadroya atamalar\u0131n takviminin a\u00e7\u0131klanmas\u0131, herhangi bir tart\u0131\u015fma ve polemi\u011fe gerek olmadan al\u0131mlar\u0131n yap\u0131lmas\u0131 konusunda atama bekleyen adaylar Bakan \u00dcnal\u2019a g\u00fcvenmektedirler. Daha \u00f6nceden oldu\u011fu gibi merkezi yerle\u015ftirmeyle yani KPSS puan \u00fcst\u00fcnl\u00fc\u011f\u00fcne g\u00f6re Bakanl\u0131\u011f\u0131n personel ilan\u0131na \u00e7\u0131kmas\u0131 i\u00e7in adaylar g\u00fcn saymaktad\u0131r. Bakanl\u0131\u011f\u0131n konuyla ilgili bir a\u00e7\u0131klama yapmas\u0131 faydal\u0131 olacakt\u0131r.<\/div>\n<div style=\"text-align: justify;\">Kaynak: <a href=\"http:\/\/www.kamupersoneli.net\/\" target=\"_blank\">http:\/\/www.kamupersoneli.net\/<\/a><\/div>\n","protected":false},"excerpt":{"rendered":"<p>T\u00fcm kurumlar (Adalet Bakanl\u0131\u011f\u0131, Sa\u011fl\u0131k Bakanl\u0131\u011f\u0131, Aile ve Sosyal Politikalar Bakanl\u0131\u011f\u0131, KYK, G\u0131da, Tar\u0131m ve Hayvanc\u0131l\u0131k Bakanl\u0131\u011f\u0131, Diyanet \u0130\u015fleri Ba\u015fkanl\u0131\u011f\u0131 vb.) 2014 KPSS puan\u0131yla personel al\u0131m\u0131 ger\u00e7ekle\u015ftiriyorken K\u00fclt\u00fcr ve Turizm Bakanl\u0131\u011f\u0131\u2019ndan da 2014 KPSS puan\u0131yla al\u0131m yap\u0131lmas\u0131 talep edilmektedir.<\/p>\n","protected":false},"author":1,"featured_media":0,"comment_status":"open","ping_status":"open","sticky":false,"template":"","format":"standard","meta":{"footnotes":""},"categories":[31,1],"tags":[],"class_list":["post-19063","post","type-post","status-publish","format-standard","hentry","category-bbykpss","category-genel"],"_links":{"self":[{"href":"https:\/\/www.bbyhaber.com\/bby\/wp-json\/wp\/v2\/posts\/19063"}],"collection":[{"href":"https:\/\/www.bbyhaber.com\/bby\/wp-json\/wp\/v2\/posts"}],"about":[{"href":"https:\/\/www.bbyhaber.com\/bby\/wp-json\/wp\/v2\/types\/post"}],"author":[{"embeddable":true,"href":"https:\/\/www.bbyhaber.com\/bby\/wp-json\/wp\/v2\/users\/1"}],"replies":[{"embeddable":true,"href":"https:\/\/www.bbyhaber.com\/bby\/wp-json\/wp\/v2\/comments?post=19063"}],"version-history":[{"count":0,"href":"https:\/\/www.bbyhaber.com\/bby\/wp-json\/wp\/v2\/posts\/19063\/revisions"}],"wp:attachment":[{"href":"https:\/\/www.bbyhaber.com\/bby\/wp-json\/wp\/v2\/media?parent=19063"}],"wp:term":[{"taxonomy":"category","embeddable":true,"href":"https:\/\/www.bbyhaber.com\/bby\/wp-json\/wp\/v2\/categories?post=19063"},{"taxonomy":"post_tag","embeddable":true,"href":"https:\/\/www.bbyhaber.com\/bby\/wp-json\/wp\/v2\/tags?post=19063"}],"curies":[{"name":"wp","href":"https:\/\/api.w.org\/{rel}","templated":true}]}}