{"id":19060,"date":"2016-04-25T13:30:33","date_gmt":"2016-04-25T10:30:33","guid":{"rendered":"http:\/\/www.bbyhaber.com\/bby\/?p=19060"},"modified":"2016-04-25T13:30:33","modified_gmt":"2016-04-25T10:30:33","slug":"marmara-universitesi-ogrencileri-sorgunda-kutuphane-kurdu","status":"publish","type":"post","link":"https:\/\/www.bbyhaber.com\/bby\/2016\/04\/25\/marmara-universitesi-ogrencileri-sorgunda-kutuphane-kurdu","title":{"rendered":"Marmara \u00dcniversitesi \u00f6\u011frencileri Sorgun&#8217;da k\u00fct\u00fcphane kurdu"},"content":{"rendered":"<p style=\"text-align: justify;\"><img loading=\"lazy\" decoding=\"async\" class=\"alignleft\" src=\"http:\/\/d.haberspot.net\/news\/11535.jpg\" alt=\"\" width=\"300\" height=\"225\" \/>\u0130l\u00e7e Milli E\u011fitim M\u00fcd\u00fcr\u00fc H\u00fcseyin Ekinci, k\u00fct\u00fcphanenin a\u00e7\u0131l\u0131\u015f\u0131nda yapt\u0131\u011f\u0131 konu\u015fmada, Marmara \u00dcniversitesi Fen Edebiyat Fak\u00fcltesi \u00f6\u011frencilerden k\u00fct\u00fcphane kurmak i\u00e7in kendilerine m\u00fcracaat ettiklerini ifade ederek, \u00f6\u011frencilerden gelen teklifi memnuniyetle kabul ettiklerini s\u00f6yledi. En do\u011fru bilginin kitaplarda oldu\u011funu belirten Ekinci, &#8220;Zaman\u0131m\u0131z \u00f6\u011frencileri kendilerine gerekli olan bilgilere \u00e7ok k\u0131sa s\u00fcrede ula\u015fabiliyorlar. Ancak internette ula\u015f\u0131lan bilgilerin bir\u00e7o\u011funun da tam olarak do\u011fru oldu\u011fu s\u00f6ylenemez. Oysa kitaplar, bu bilgileri bizlere en do\u011fru \u015fekilde ula\u015ft\u0131ran ara\u00e7lard\u0131r. Bunun i\u00e7in g\u00fcn\u00fcm\u00fczde de k\u00fct\u00fcphanenin \u00f6nemi olduk\u00e7a b\u00fcy\u00fckt\u00fcr.&#8221; dedi.<!--more--><\/p>\n<p style=\"text-align: justify;\">300 sayfal\u0131k bir kitap yazabilmek i\u00e7in yazar\u0131n binlerce kitap okumas\u0131 gerekti\u011fini dikkat \u00e7eken Ekinci, k\u00fct\u00fcphanenin kurulmas\u0131nda b\u00fcy\u00fck bir \u00f6zveriyle \u00e7al\u0131\u015fan \u00f6\u011frencilere m\u00fcte\u015fekkir olduklar\u0131n\u0131 kaydetti.<\/p>\n<p style=\"text-align: justify;\">Marmara \u00dcniversitesi Fen Edebiyat Fak\u00fcltesi \u00f6\u011frencilerden \u0130brahim B\u00f6l\u00fckba\u015f\u0131 da baz\u0131 il\u00e7elerde k\u00fct\u00fcphane kurmak i\u00e7in \u00e7al\u0131\u015fma yapacaklar\u0131n\u0131n belirterek &#8220;Bu \u00e7al\u0131\u015fmalar\u0131m\u0131z yakla\u015f\u0131k 3 ay s\u00fcrd\u00fc. 50-60 ki\u015filik bir grupla \u00fcniversitemiz fen edebiyat fak\u00fcltesi, Atat\u00fcrk E\u011fitim Fak\u00fcltesi , cafelerde ve iktisat fak\u00fcltesinde stantlar a\u00e7t\u0131k. So\u011fuk havalarda bile \u00e7al\u0131\u015fmalar\u0131m\u0131z\u0131 s\u00fcrd\u00fcrerek yakla\u015f\u0131k 8 bin kitap toplad\u0131k. Bunlar\u0131n i\u00e7inden lise seviyesine uygun olanlar\u0131 se\u00e7tik. \u00dcniversitemiz bize bir kamyon tahsis etti. Yakla\u015f\u0131k 2 g\u00fcn s\u00fcren bir \u00e7al\u0131\u015fman\u0131n ard\u0131ndan k\u00fct\u00fcphanemiz hizmete haz\u0131r hale geldi.\u201d diye konu\u015ftu.<\/p>\n<p style=\"text-align: justify;\">Konu\u015fmalar\u0131n ard\u0131ndan Ekinci ve \u00f6\u011frenciler birlikte k\u00fct\u00fcphanenin a\u00e7\u0131l\u0131\u015f kurdelesini kesti.<\/p>\n<p style=\"text-align: justify;\">Kaynak:http:\/\/haberspot.net<\/p>\n","protected":false},"excerpt":{"rendered":"<p>\u0130l\u00e7e Milli E\u011fitim M\u00fcd\u00fcr\u00fc H\u00fcseyin Ekinci, k\u00fct\u00fcphanenin a\u00e7\u0131l\u0131\u015f\u0131nda yapt\u0131\u011f\u0131 konu\u015fmada, Marmara \u00dcniversitesi Fen Edebiyat Fak\u00fcltesi \u00f6\u011frencilerden k\u00fct\u00fcphane kurmak i\u00e7in kendilerine m\u00fcracaat ettiklerini ifade ederek, \u00f6\u011frencilerden gelen teklifi memnuniyetle kabul ettiklerini s\u00f6yledi. En do\u011fru bilginin kitaplarda oldu\u011funu belirten Ekinci, &#8220;Zaman\u0131m\u0131z \u00f6\u011frencileri kendilerine gerekli olan bilgilere \u00e7ok k\u0131sa s\u00fcrede ula\u015fabiliyorlar. Ancak internette ula\u015f\u0131lan bilgilerin bir\u00e7o\u011funun da tam [&hellip;]<\/p>\n","protected":false},"author":1,"featured_media":0,"comment_status":"open","ping_status":"open","sticky":false,"template":"","format":"standard","meta":{"footnotes":""},"categories":[1],"tags":[],"class_list":["post-19060","post","type-post","status-publish","format-standard","hentry","category-genel"],"_links":{"self":[{"href":"https:\/\/www.bbyhaber.com\/bby\/wp-json\/wp\/v2\/posts\/19060"}],"collection":[{"href":"https:\/\/www.bbyhaber.com\/bby\/wp-json\/wp\/v2\/posts"}],"about":[{"href":"https:\/\/www.bbyhaber.com\/bby\/wp-json\/wp\/v2\/types\/post"}],"author":[{"embeddable":true,"href":"https:\/\/www.bbyhaber.com\/bby\/wp-json\/wp\/v2\/users\/1"}],"replies":[{"embeddable":true,"href":"https:\/\/www.bbyhaber.com\/bby\/wp-json\/wp\/v2\/comments?post=19060"}],"version-history":[{"count":0,"href":"https:\/\/www.bbyhaber.com\/bby\/wp-json\/wp\/v2\/posts\/19060\/revisions"}],"wp:attachment":[{"href":"https:\/\/www.bbyhaber.com\/bby\/wp-json\/wp\/v2\/media?parent=19060"}],"wp:term":[{"taxonomy":"category","embeddable":true,"href":"https:\/\/www.bbyhaber.com\/bby\/wp-json\/wp\/v2\/categories?post=19060"},{"taxonomy":"post_tag","embeddable":true,"href":"https:\/\/www.bbyhaber.com\/bby\/wp-json\/wp\/v2\/tags?post=19060"}],"curies":[{"name":"wp","href":"https:\/\/api.w.org\/{rel}","templated":true}]}}