{"id":19044,"date":"2016-04-22T17:40:30","date_gmt":"2016-04-22T14:40:30","guid":{"rendered":"http:\/\/www.bbyhaber.com\/bby\/?p=19044"},"modified":"2016-04-22T17:40:30","modified_gmt":"2016-04-22T14:40:30","slug":"kocaelide-gencler-coplerden-kutuphane-yapti","status":"publish","type":"post","link":"https:\/\/www.bbyhaber.com\/bby\/2016\/04\/22\/kocaelide-gencler-coplerden-kutuphane-yapti","title":{"rendered":"Kocaeli&#8217;de gen\u00e7ler \u00e7\u00f6plerden k\u00fct\u00fcphane yapt\u0131"},"content":{"rendered":"<p style=\"text-align: justify;\"><img loading=\"lazy\" decoding=\"async\" class=\"alignleft\" src=\"http:\/\/im.haberturk.com\/2016\/04\/22\/ver1461324171\/1228859_620x410.jpg\" alt=\"\" width=\"327\" height=\"149\" \/>Kitap okuma merakl\u0131s\u0131 arkada\u015flardan olu\u015fan bir grup gen\u00e7, Kocaeli\u2019de \u00e7e\u015fitli yerlerden toplad\u0131klar\u0131 \u00e7\u00f6pe at\u0131lacak e\u015fyalar\u0131 bir araya getirerek k\u00fct\u00fcphane olu\u015fturdular. Gen\u00e7lik ve Spor Bakanl\u0131\u011f\u0131\u2019na ba\u011fl\u0131 olarak faaliyet g\u00f6steren Kocaeli Uluslararas\u0131 Gen\u00e7lik Merkezi i\u00e7erisinde faaliyete ge\u00e7irilen k\u00fct\u00fcphanede \u00e7\u00f6pe at\u0131lm\u0131\u015f olan bavullardan yap\u0131lm\u0131\u015f koltuklarda sebze kasalar\u0131na dizilmi\u015f kitaplardan birini okumak ya da eski araba lastiklerinden yap\u0131lm\u0131\u015f oturaklar ile fabrikalar\u0131n<!--more--> kulland\u0131ktan sonra \u00e7\u00f6pe att\u0131\u011f\u0131 b\u00fcy\u00fck kablo makaralar\u0131ndan yap\u0131lm\u0131\u015f masalar \u00fczerinde ders \u00e7al\u0131\u015fmak m\u00fcmk\u00fcn. Arkada\u015flar\u0131n Gen\u00e7 D\u00f6n\u00fc\u015f\u00fcmK\u00fct\u00fcphanesi ad\u0131n\u0131 verdi\u011fi mekanda, gen\u00e7ler istedikleri gibi kitap okuyabiliyor veya sohbet edebiliyor.<\/p>\n<p style=\"text-align: justify;\">\u201cGER\u0130 D\u00d6N\u00dc\u015e\u00dcMDEN, GEN\u00c7 D\u00d6N\u00dc\u015e\u00dcME\u201d<\/p>\n<p style=\"text-align: justify;\">Gen\u00e7 D\u00f6n\u00fc\u015f\u00fcm K\u00fct\u00fcphanesi\u2019nin mimarlar\u0131ndan biri olan Emine \u00d6zt\u00fcrk, \u201cGen\u00e7 D\u00f6n\u00fc\u015f\u00fcm K\u00fct\u00fcphanesi, geri d\u00f6n\u00fc\u015f\u00fcm fikrinden olu\u015fan bir k\u00fct\u00fcphane. \u2018Geri d\u00f6n\u00fc\u015f\u00fcmden, gen\u00e7 d\u00f6n\u00fc\u015f\u00fcme\u2019 diyoruz biz bu k\u00fct\u00fcphane i\u00e7in. \u0130lk ba\u015flang\u0131\u00e7 noktas\u0131 buydu. 3 ki\u015filik bir arkada\u015f grubunun \u00e7ay muhabbeti esnas\u0131nda bunu nas\u0131l yapabiliriz diye d\u00fc\u015f\u00fcnd\u00fck. En sonunda \u2018Neden geri d\u00f6n\u00fc\u015f\u00fcm malzemelerini kullanmayal\u0131m?\u2019 fikri ortaya \u00e7\u0131kt\u0131. Sonras\u0131nda bizimle bu fikri payla\u015fan ve ilgili 12 arkada\u015f daha bulup 15 ki\u015fi olarak yola devam ettik. \u2018Ak\u0131l ak\u0131ldan \u00fcst\u00fcnd\u00fcr\u2019 s\u00f6z\u00fcn\u00fc do\u011frulayan bir \u015fekilde bir konsept yoktu akl\u0131m\u0131zda. Her defas\u0131nda yeni bir fikir geldi. Mesela tekerleklerden, eski araba lastiklerinden oturak yapt\u0131k. Onu \u015fu renge boyayal\u0131m, bunu bu k\u00f6\u015feye koyal\u0131m gibi, herkes bir fikir verdik\u00e7e bu konsept \u00e7\u0131kt\u0131 ortaya ve sonu\u00e7 olarak bu k\u00fct\u00fcphane olu\u015ftu\u201d dedi.<\/p>\n<p style=\"text-align: justify;\">\u201cOLAB\u0130LD\u0130\u011e\u0130NCE \u00c7OK K\u0130TAP TOPLAMAYA \u00c7ALI\u015eIYORUZ\u201d<\/p>\n<p style=\"text-align: justify;\">K\u00fct\u00fcphanelerindeki kitap say\u0131s\u0131n\u0131n yeterli olmad\u0131\u011f\u0131n\u0131 s\u00f6yleyen \u00d6zt\u00fcrk, \u201cKitaplarla ilgili biraz s\u0131k\u0131nt\u0131m\u0131z var. \u00c7\u00fcnk\u00fc kitaplar\u0131m\u0131z \u015fu anda gen\u00e7lik merkezimizde olan kitaplar. \u00c7ok az ba\u011f\u0131\u015f ald\u0131k. O konuda sadece g\u00f6rsel olarak hitap etsin istemiyoruz. Gen\u00e7lerin ger\u00e7ekten buraya gelerek onlara de\u011fer katabilecek kitaplar\u0131 okumas\u0131n\u0131 istiyoruz. O konuyla ilgili de kampanyalar yap\u0131yoruz. Afi\u015fler haz\u0131rlad\u0131k. Bu afi\u015fleri etraf\u0131m\u0131za da\u011f\u0131tmaya \u00e7al\u0131\u015f\u0131yoruz. Yine sosyal medya \u00fczerinden insanlara duyurular yapmaya \u00e7al\u0131\u015f\u0131yoruz ve bu yollarla olabildi\u011fince \u00e7ok kitap toplamaya \u00e7al\u0131\u015f\u0131yoruz\u201d \u015feklinde konu\u015ftu.<\/p>\n<p style=\"text-align: justify;\">\u201cNORMAL K\u00dcT\u00dcPHANEDEN FARKLI OLMASINI \u0130ST\u0130YORUZ\u201d<\/p>\n<p style=\"text-align: justify;\">\u00c7\u00f6pe at\u0131lan e\u015fyalar\u0131n geri d\u00f6n\u00fc\u015f\u00fcm\u00fc ile olu\u015fturduklar\u0131 k\u00fct\u00fcphanenin gen\u00e7lere her y\u00f6nden hitap etmesini istediklerini belirten \u00d6zt\u00fcrk, \u201c\u0130lk s\u00f6yle\u015fimizi yerel bir \u015fair olan Yavuz Altun\u0131\u015f\u0131k ile ger\u00e7ekle\u015ftirdik. B\u00f6yle s\u00f6yle\u015filer ve kitap okuma etkinlikleri yapmay\u0131 d\u00fc\u015f\u00fcn\u00fcyoruz. Buran\u0131n normal k\u00fct\u00fcphaneden fark\u0131n\u0131n bu olmas\u0131n\u0131 istiyoruz. Biraz daha sala\u015f bir ortam oldu\u011fu i\u00e7in gen\u00e7ler ayn\u0131 zamanda hem kitap okusun hem de sohbet, muhabbet etmek i\u00e7in buraya gelebilsin diye d\u00fc\u015f\u00fcn\u00fcyoruz\u201d ifadelerini kulland\u0131.<\/p>\n<p style=\"text-align: justify;\">\u201c\u0130\u015e\u0130N UCUNDAN TUTTU\u011eUNDA HAYALLER\u0130N\u0130 GER\u00c7EKLE\u015eT\u0130REB\u0130L\u0130RS\u0130N\u201d<\/p>\n<p style=\"text-align: justify;\">Se\u00e7tikleri konseptin farkl\u0131 olmas\u0131n\u0131 da a\u00e7\u0131klayan Emine \u00d6zt\u00fcrk, \u201cBize \u2018Neden geri d\u00f6n\u00fc\u015f\u00fcm?\u2019 sorusu \u00e7ok fazla soruluyor. Bunun cevab\u0131, T\u00fcrkiye\u2019de gen\u00e7lerde bizim g\u00f6zlemledi\u011fimiz \u00e7ok fazla t\u00fcketim odakl\u0131 bir ya\u015fam tarz\u0131 var. Zaten tan\u0131t\u0131m katalo\u011fumuzda da \u2018T\u00fcketimden \u00fcretime\u2019 diyoruz. Bir \u00e7ok insan\u0131n \u00e7\u00f6p diye nitelendirdi\u011fi e\u015fyalar\u0131 biz bir \u015fekilde i\u015flevsel hale getirdik ve sonunda hala \u2018Yahu valizden koltuk mu olur? Araba lasti\u011finden oturak m\u0131 olur?\u2019 gibi tepkiler al\u0131yoruz. \u0130lk ba\u015flarda bunu bahsetti\u011fimizde herkese hayal gibi geliyordu. Ama biz gen\u00e7lere i\u015fin ucundan bir kez tuttu\u011funda hayallerini ger\u00e7ekle\u015ftirebilece\u011fini ve bir \u015fey istiyorsan\u0131z bunu hayata ge\u00e7irmenin emek ve \u00e7abadan ge\u00e7ti\u011fini g\u00f6sterme amac\u0131yla yapt\u0131k\u201d diye konu\u015ftu.<\/p>\n<p style=\"text-align: justify;\">\u201cPAZARA G\u0130D\u0130P KASA TOPLADIK\u201d<\/p>\n<p style=\"text-align: justify;\">Olu\u015fturduklar\u0131 k\u00fct\u00fcphanede bulunan e\u015fyalar\u0131 da ekip olarak \u00e7e\u015fitli yerlerden toplad\u0131klar\u0131n\u0131 anlatan \u00d6zt\u00fcrk, \u201cKasalar\u0131m\u0131z\u0131, buradaki Per\u015fembe Pazar\u0131\u2019na giderek oradan toplad\u0131k. Araba lastiklerini, ilerideki lastik\u00e7i bir abinin d\u00fckkan\u0131na giderek ondan ald\u0131k. Asl\u0131nda kullan\u0131lamaz durumda olan, onun yakaca\u011f\u0131 lastikleri ald\u0131k oradan. Eski ah\u015fap makaralar\u0131m\u0131z var. Onlar\u0131 da \u00fcniversitenin etraf\u0131nda \u00f6\u011frenciler bulmu\u015f, bize s\u00f6ylediler onlar\u0131 da oradan al\u0131p getirdik. Paletler yine ayn\u0131 \u015fekilde eski, kullan\u0131lmayan kasetler. Eski teyp kasetleri var, soda \u015fi\u015feleri, ayran \u015fi\u015feleri var. K\u00fc\u00e7\u00fck makaralar var mesela onlar\u0131 da raf \u015fekline getirdik. Eski bir televizyonumuz var. \u0130\u00e7ini bo\u015falt\u0131p raf \u015fekline getirdik. Hem bunun sosyal mesaj da i\u00e7ermesini istedik\u201d ifadelerini kulland\u0131.<\/p>\n<p style=\"text-align: justify;\">Kaynak:http:\/\/www.haberturk.com\/<\/p>\n","protected":false},"excerpt":{"rendered":"<p>Kitap okuma merakl\u0131s\u0131 arkada\u015flardan olu\u015fan bir grup gen\u00e7, Kocaeli\u2019de \u00e7e\u015fitli yerlerden toplad\u0131klar\u0131 \u00e7\u00f6pe at\u0131lacak e\u015fyalar\u0131 bir araya getirerek k\u00fct\u00fcphane olu\u015fturdular. Gen\u00e7lik ve Spor Bakanl\u0131\u011f\u0131\u2019na ba\u011fl\u0131 olarak faaliyet g\u00f6steren Kocaeli Uluslararas\u0131 Gen\u00e7lik Merkezi i\u00e7erisinde faaliyete ge\u00e7irilen k\u00fct\u00fcphanede \u00e7\u00f6pe at\u0131lm\u0131\u015f olan bavullardan yap\u0131lm\u0131\u015f koltuklarda sebze kasalar\u0131na dizilmi\u015f kitaplardan birini okumak ya da eski araba lastiklerinden yap\u0131lm\u0131\u015f oturaklar [&hellip;]<\/p>\n","protected":false},"author":1,"featured_media":0,"comment_status":"open","ping_status":"open","sticky":false,"template":"","format":"standard","meta":{"footnotes":""},"categories":[1],"tags":[],"class_list":["post-19044","post","type-post","status-publish","format-standard","hentry","category-genel"],"_links":{"self":[{"href":"https:\/\/www.bbyhaber.com\/bby\/wp-json\/wp\/v2\/posts\/19044"}],"collection":[{"href":"https:\/\/www.bbyhaber.com\/bby\/wp-json\/wp\/v2\/posts"}],"about":[{"href":"https:\/\/www.bbyhaber.com\/bby\/wp-json\/wp\/v2\/types\/post"}],"author":[{"embeddable":true,"href":"https:\/\/www.bbyhaber.com\/bby\/wp-json\/wp\/v2\/users\/1"}],"replies":[{"embeddable":true,"href":"https:\/\/www.bbyhaber.com\/bby\/wp-json\/wp\/v2\/comments?post=19044"}],"version-history":[{"count":0,"href":"https:\/\/www.bbyhaber.com\/bby\/wp-json\/wp\/v2\/posts\/19044\/revisions"}],"wp:attachment":[{"href":"https:\/\/www.bbyhaber.com\/bby\/wp-json\/wp\/v2\/media?parent=19044"}],"wp:term":[{"taxonomy":"category","embeddable":true,"href":"https:\/\/www.bbyhaber.com\/bby\/wp-json\/wp\/v2\/categories?post=19044"},{"taxonomy":"post_tag","embeddable":true,"href":"https:\/\/www.bbyhaber.com\/bby\/wp-json\/wp\/v2\/tags?post=19044"}],"curies":[{"name":"wp","href":"https:\/\/api.w.org\/{rel}","templated":true}]}}