{"id":19037,"date":"2016-04-21T13:00:56","date_gmt":"2016-04-21T10:00:56","guid":{"rendered":"http:\/\/www.bbyhaber.com\/bby\/?p=19037"},"modified":"2016-06-26T09:43:16","modified_gmt":"2016-06-26T06:43:16","slug":"200-kutuphanecinin-ne-zaman-ve-hangi-puan-ile-alinacagi-hala-aciklanmadi","status":"publish","type":"post","link":"https:\/\/www.bbyhaber.com\/bby\/2016\/04\/21\/200-kutuphanecinin-ne-zaman-ve-hangi-puan-ile-alinacagi-hala-aciklanmadi","title":{"rendered":"200 K\u00fct\u00fcphaneci&#8217;nin ne zaman ve hangi puan ile al\u0131naca\u011f\u0131 hala a\u00e7\u0131klanmad\u0131!"},"content":{"rendered":"<p style=\"text-align: justify;\"><img loading=\"lazy\" decoding=\"async\" class=\"alignleft\" src=\"http:\/\/www.memurlar.net\/common\/news\/images\/579446\/headline.jpg\" alt=\"\" width=\"220\" height=\"110\" \/>K\u00fclt\u00fcr ve Turizm Bakanl\u0131\u011f\u0131nda istihdam edilmek \u00fczere 600 ki\u015filik yeni kadro a\u00e7\u0131laca\u011f\u0131n\u0131n m\u00fcjdesini veren Ba\u015fbakan Ahmet Davuto\u011flu, bunlar\u0131n <span style=\"color: #ff0000;\"><strong>200&#8217;\u00fcn\u00fcn k\u00fct\u00fcphaneci<\/strong><\/span>, 100&#8217;\u00fcn\u00fcn sanat tarih\u00e7isi, 100&#8217;\u00fcn\u00fcn arkeolog olaca\u011f\u0131n\u0131 bildirdi. Davuto\u011flu, k\u00fclt\u00fcr varl\u0131klar\u0131n\u0131n restorasyonu ile \u015fehirlerin yeniden ihyas\u0131 i\u00e7in g\u00f6revlendirilmek \u00fczere mimar, m\u00fchendis, \u015fehir planc\u0131s\u0131 ve ka\u011f\u0131t restorat\u00f6r\u00fcnden olu\u015fan 200 ki\u015finin de bu kapsamda istihdam edilece\u011fini kaydetti.<!--more--><\/p>\n<p style=\"text-align: justify;\">Kaynak: <a href=\"http:\/\/www.memurlar.net\/\" target=\"_blank\">http:\/\/www.memurlar.net\/<\/a><\/p>\n<p style=\"text-align: justify;\"><strong><span style=\"color: #ff0000;\">200 K\u00fct\u00fcphaneci&#8217;nin ne zaman ve hangi puan ile ve hangi stat\u00fcde (s\u00f6zle\u015fmeli mi, kadrolu mu, m\u00fclakatl\u0131 m\u0131 (torpilli mi!!) ge\u00e7ici mi?) al\u0131naca\u011f\u0131 hala a\u00e7\u0131klanmad\u0131! Bu bilgiler, kadro bekleyen meslekta\u015flar\u0131m\u0131z i\u00e7in \u00e7ok \u00f6nem arzetmektedir.<\/span><\/strong><\/p>\n<p><strong><span style=\"color: #0000ff;\">TKD Ba\u015fkan\u0131 Ali Fuat KARTAL&#8217;\u0131n yukar\u0131daki s\u00fcrece dair a\u00e7\u0131klamalar\u0131 ise a\u015fa\u011f\u0131daki gibidir:<\/span><\/strong><\/p>\n<p style=\"text-align: justify;\">&#8220;Ba\u015fbakan Say\u0131n Ahmet Davuto\u011flu \u201cS\u00fcrd\u00fcr\u00fclebilir K\u00fclt\u00fcrel Kalk\u0131nma Program\u0131\u201d toplant\u0131s\u0131nda mesle\u011fimizi ilgilendiren a\u015fa\u011f\u0131daki a\u00e7\u0131klamalar\u0131 yapm\u0131\u015ft\u0131r.<\/p>\n<p style=\"text-align: justify;\">Rami K\u0131\u015flas\u0131&#8217;n\u0131 restore ederek 10 milyon kitap projesiyle T\u00fcrkiye&#8217;nin en b\u00fcy\u00fck k\u00fct\u00fcphanesini hayata ge\u00e7irece\u011fiz.<\/p>\n<p style=\"text-align: justify;\">30 b\u00fcy\u00fck\u015fehire 1 milyon kitab\u0131n bulundu\u011fu k\u00fct\u00fcphane yapaca\u011f\u0131z.<\/p>\n<p style=\"text-align: justify;\">Bir dijital k\u00fclt\u00fcr ar\u015fivi olu\u015fturaca\u011f\u0131z.<\/p>\n<p style=\"text-align: justify;\">K\u00fclt\u00fcr ve Turizm Bakanl\u0131\u011f\u0131m\u0131zda istihdam edilmek \u00fczere 600 ki\u015filik yeni kadro a\u00e7\u0131laca\u011f\u0131n\u0131 bunlardan 200\u2019n\u00fcn k\u00fct\u00fcphaneci olaca\u011f\u0131n\u0131 s\u00f6ylemi\u015ftir.<\/p>\n<p style=\"text-align: justify;\">De\u011ferli meslekta\u015flar\u0131m, mesle\u011fimiz ilgilendiren bu g\u00fczel a\u00e7\u0131klamalar\u0131, \u00f6ncelikle memnuniyetle kar\u015f\u0131lad\u0131\u011f\u0131m\u0131z\u0131 belirtmek isterim.<\/p>\n<p style=\"text-align: justify;\">Sosyal medya da meslekta\u015flar\u0131m\u0131z\u0131n konuyla ilgili sorular sormas\u0131 \u00fczerine baz\u0131 a\u00e7\u0131klamalar yapma ihtiyac\u0131 do\u011fmu\u015ftur.<\/p>\n<p style=\"text-align: justify;\">\u00d6ncelikle bu i\u015flerin sabahtan ak\u015fama olacak konular olmad\u0131\u011f\u0131n\u0131 bilmenizi isterim. Zira Rami K\u0131\u015flas\u0131\u2019na k\u00fct\u00fcphane kurma i\u015fi 7-8 y\u0131l \u00f6nce ba\u015flam\u0131\u015ft\u0131. \u0130stanbul\u2019da benim de i\u00e7inde oldu\u011fum geni\u015f kat\u0131l\u0131ml\u0131 bir toplant\u0131 d\u00fczenlenmi\u015fti. Toplant\u0131ya kat\u0131lan meslekta\u015flar\u0131m\u0131z hat\u0131rlayacakt\u0131r. \u015eimdi yeniden ayn\u0131 konu g\u00fcndeme gelmi\u015ftir.<\/p>\n<p style=\"text-align: justify;\">K\u00fclt\u00fcr Bakan\u0131 ile g\u00f6r\u00fc\u015fmemizde 250 k\u00fct\u00fcphaneci al\u0131naca\u011f\u0131n\u0131 belirtmi\u015fti, bug\u00fcn Say\u0131n Ba\u015fbakan 200 olarak a\u00e7\u0131klad\u0131.<\/p>\n<p style=\"text-align: justify;\">\u00a0T\u00dc\u0130K\u2019in Ocak ay\u0131 verilerine g\u00f6re, gen\u00e7 n\u00fcfusta i\u015fsizlik oran\u0131n\u0131n %17,9 oldu\u011fu \u00fclkemizde, meslekta\u015flar\u0131m\u0131zdan 200 ki\u015finin istihdam edilecek olmas\u0131, mesle\u011fimiz a\u00e7\u0131s\u0131ndan sevindirici bir durum.<\/p>\n<p style=\"text-align: justify;\">\u015euanda ne kadar i\u015fsiz k\u00fct\u00fcphaneci arkada\u015f\u0131m\u0131z var bilmiyorum; ama bu durum hem Vak\u0131f \u00dcniversitelerinde d\u00fc\u015f\u00fck \u00fccretle \u00e7al\u0131\u015fan meslekta\u015flar\u0131m\u0131z\u0131 hem de i\u015fsiz arkada\u015flar\u0131m\u0131z\u0131 olumlu y\u00f6nde etkileyecektir.<\/p>\n<p style=\"text-align: justify;\">Maliye ile yapt\u0131\u011f\u0131m g\u00f6r\u00fc\u015fmeye g\u00f6re; ataman\u0131n nas\u0131l ve ne zaman olaca\u011f\u0131 konusunda hen\u00fcz net bir durum yok.<\/p>\n<p style=\"text-align: justify;\">TKD olarak yukar\u0131daki konular\u0131n takip\u00e7isi olaca\u011f\u0131m\u0131z\u0131 sayg\u0131lar\u0131mla bildiririm.&#8221;<\/p>\n","protected":false},"excerpt":{"rendered":"<p>K\u00fclt\u00fcr ve Turizm Bakanl\u0131\u011f\u0131nda istihdam edilmek \u00fczere 600 ki\u015filik yeni kadro a\u00e7\u0131laca\u011f\u0131n\u0131n m\u00fcjdesini veren Ba\u015fbakan Ahmet Davuto\u011flu, bunlar\u0131n 200&#8217;\u00fcn\u00fcn k\u00fct\u00fcphaneci, 100&#8217;\u00fcn\u00fcn sanat tarih\u00e7isi, 100&#8217;\u00fcn\u00fcn arkeolog olaca\u011f\u0131n\u0131 bildirdi. Davuto\u011flu, k\u00fclt\u00fcr varl\u0131klar\u0131n\u0131n restorasyonu ile \u015fehirlerin yeniden ihyas\u0131 i\u00e7in g\u00f6revlendirilmek \u00fczere mimar, m\u00fchendis, \u015fehir planc\u0131s\u0131 ve ka\u011f\u0131t restorat\u00f6r\u00fcnden olu\u015fan 200 ki\u015finin de bu kapsamda istihdam edilece\u011fini kaydetti.<\/p>\n","protected":false},"author":1,"featured_media":0,"comment_status":"open","ping_status":"open","sticky":false,"template":"","format":"standard","meta":{"footnotes":""},"categories":[31,1,1604],"tags":[],"class_list":["post-19037","post","type-post","status-publish","format-standard","hentry","category-bbykpss","category-genel","category-sozlesmeli-kutuphaneci"],"_links":{"self":[{"href":"https:\/\/www.bbyhaber.com\/bby\/wp-json\/wp\/v2\/posts\/19037"}],"collection":[{"href":"https:\/\/www.bbyhaber.com\/bby\/wp-json\/wp\/v2\/posts"}],"about":[{"href":"https:\/\/www.bbyhaber.com\/bby\/wp-json\/wp\/v2\/types\/post"}],"author":[{"embeddable":true,"href":"https:\/\/www.bbyhaber.com\/bby\/wp-json\/wp\/v2\/users\/1"}],"replies":[{"embeddable":true,"href":"https:\/\/www.bbyhaber.com\/bby\/wp-json\/wp\/v2\/comments?post=19037"}],"version-history":[{"count":0,"href":"https:\/\/www.bbyhaber.com\/bby\/wp-json\/wp\/v2\/posts\/19037\/revisions"}],"wp:attachment":[{"href":"https:\/\/www.bbyhaber.com\/bby\/wp-json\/wp\/v2\/media?parent=19037"}],"wp:term":[{"taxonomy":"category","embeddable":true,"href":"https:\/\/www.bbyhaber.com\/bby\/wp-json\/wp\/v2\/categories?post=19037"},{"taxonomy":"post_tag","embeddable":true,"href":"https:\/\/www.bbyhaber.com\/bby\/wp-json\/wp\/v2\/tags?post=19037"}],"curies":[{"name":"wp","href":"https:\/\/api.w.org\/{rel}","templated":true}]}}