{"id":19008,"date":"2016-04-15T20:21:51","date_gmt":"2016-04-15T17:21:51","guid":{"rendered":"http:\/\/www.bbyhaber.com\/bby\/?p=19008"},"modified":"2016-04-15T20:21:51","modified_gmt":"2016-04-15T17:21:51","slug":"kutuphane-isik-saciyor","status":"publish","type":"post","link":"https:\/\/www.bbyhaber.com\/bby\/2016\/04\/15\/kutuphane-isik-saciyor","title":{"rendered":"K\u00fct\u00fcphane \u0131\u015f\u0131k sa\u00e7\u0131yor"},"content":{"rendered":"<p style=\"text-align: justify;\"><img loading=\"lazy\" decoding=\"async\" class=\"alignleft\" src=\"http:\/\/www.akdenizdeyeniyuzyil.com\/images\/haberler\/kutuphane_isik_saciyor_h11516.jpg\" alt=\"\" width=\"297\" height=\"154\" \/>Raflar\u0131nda bulunan 62 bine yak\u0131n kitap ve 25 ki\u015filik personeliyle Antalya\u2019n\u0131n en b\u00fcy\u00fck k\u00fct\u00fcphanesi olan\u00a0Tekelio\u011flu \u0130l Halk K\u00fct\u00fcphanesi, tadilat \u00e7al\u0131\u015fmalar\u0131 sonras\u0131 daha modern bir g\u00f6r\u00fcnt\u00fcye kavu\u015ftu. \u00d6zellikle g\u00f6r-i\u015fit b\u00f6l\u00fcm\u00fc g\u00f6rme engelli vatanda\u015flar i\u00e7in daha teknolojik hale getirildi. Yeni g\u00f6r\u00fcnt\u00fcs\u00fc ile 10 bine yak\u0131n \u00fcyesi bulunan k\u00fct\u00fcphanenin \u00fcye say\u0131s\u0131n\u0131n h\u0131zla artt\u0131\u011f\u0131 \u00f6\u011frenildi. Antalya kitapl\u0131\u011f\u0131 b\u00f6l\u00fcm\u00fcnde ise Antalya\u2019ya \u00f6zg\u00fc eserlerin okuyucularla payla\u015f\u0131m\u0131 sa\u011flan\u0131yor.<!--more--><\/p>\n<p style=\"text-align: justify;\">Antalya genelinde 16 k\u00fct\u00fcphane, 300 bin kitap ve 327 bin okuyucu say\u0131s\u0131 bulundu\u011fu bildirilirken, Tekelio\u011flu \u0130l Halk K\u00fct\u00fcphanesi uzun s\u00fcren bir tadilat d\u00f6neminin ard\u0131ndan kap\u0131lar\u0131n\u0131 ziyaret\u00e7ilere a\u00e7t\u0131.\u00a02013 y\u0131l\u0131 Haziran ay\u0131 i\u00e7inde \u00e7at\u0131 kat\u0131nda yap\u0131lan tadilat \u00e7al\u0131\u015fmas\u0131 s\u0131ras\u0131nda \u00e7\u0131kan yang\u0131n nedeniyle korku dolu anlar\u0131n ya\u015fanmas\u0131na neden olan 4 katl\u0131\u00a0Tekelio\u011flu \u0130l Halk K\u00fct\u00fcphanesi, yepyeni bir \u00e7ehreye kavu\u015ftu.\u00a0Antalya Valili\u011fi, Yat\u0131r\u0131m \u0130zleme ve Koordinasyon Ba\u015fkanl\u0131\u011f\u0131 taraf\u0131ndan ihale edilen tadilat \u00e7al\u0131\u015fmalar\u0131 tamamland\u0131.<\/p>\n<p style=\"text-align: justify;\">\u00c7al\u0131\u015fma salonu, sanatsal faaliyetler b\u00f6l\u00fcm\u00fc, s\u00fcreli yay\u0131nlar, Antalya kitapl\u0131\u011f\u0131, 24 bilgisayarl\u0131 internet salonu, \u00f6d\u00fcn\u00e7 verme b\u00f6l\u00fcmleri, g\u00f6r-i\u015fit b\u00f6l\u00fcm\u00fc, \u00e7ocuk oyun-e\u011flence b\u00f6l\u00fcm\u00fc, gen\u00e7lik b\u00f6l\u00fcm\u00fc, ara\u015ft\u0131rma b\u00f6l\u00fcm\u00fc ve kafeteryas\u0131 ile ziyaret\u00e7ilerin b\u00fcy\u00fck be\u011fenisini toplayan k\u00fct\u00fcphane ayr\u0131ca engellilerin geli\u015f gidi\u015fleri i\u00e7in de y\u00f6netmeliklere uygun \u015fekile getirildi.<\/p>\n<p style=\"text-align: justify;\">Raflar\u0131nda bulunan 62 bine yak\u0131n kitap ve 25 ki\u015filik personeliyle Antalya\u2019n\u0131n en b\u00fcy\u00fck k\u00fct\u00fcphanesi olan Tekelio\u011flu Halk K\u00fct\u00fcphanesi\u00a0\u00f6zellikle g\u00f6r-i\u015fit b\u00f6l\u00fcm\u00fc g\u00f6rme engelli vatanda\u015flar i\u00e7in daha teknolojik hale getirildi. St\u00fcdyoya g\u00f6n\u00fcll\u00fc bireyler al\u0131narak okutulan kitaplar\u0131n ses kayd\u0131, g\u00f6rme engelli ziyaret\u00e7ilere sunuluyor. G\u00f6n\u00fcll\u00fc bireyler en fazla yar\u0131m saat st\u00fcdyoda kitab\u0131 sesli okuyor. 300\u2019e yak\u0131n g\u00f6rme engelli okuyucunun eserleri iyi \u015fekilde alg\u0131layabilmesi i\u00e7in g\u00f6n\u00fcll\u00fc bireylerin ses tonu, imla kurallar\u0131na dikkat etmesi ve diksiyonunun uygun olmas\u0131 da kriterler aras\u0131nda yer al\u0131yor.<\/p>\n<p style=\"text-align: justify;\">Antalya kitapl\u0131\u011f\u0131 b\u00f6l\u00fcm\u00fcnde ise Antalya\u2019ya \u00f6zg\u00fc eserlerin payla\u015f\u0131m\u0131 sa\u011flan\u0131yor. Buraya gelen vatanda\u015flar Antalya\u2019n\u0131n tarihini, k\u00fclt\u00fcrel y\u00f6n\u00fcn\u00fc yaz\u0131l\u0131 eserleri inceleyerek hazmediyor. Sanatsal faaliyetler b\u00f6l\u00fcm\u00fcnde ebru ve resim sanat\u0131 alan\u0131nda uzman ki\u015filer kurslar veriyor. \u00c7ocuk b\u00f6l\u00fcm\u00fcnde ise satran\u00e7, dama gibi zeka geli\u015ftirici oyunlar oynan\u0131yor. Y\u00fczlerce \u00e7ocuk kitab\u0131n\u0131n da yer ald\u0131\u011f\u0131 b\u00f6l\u00fcmde \u00e7ocuklar e\u011flenceli vakitler ge\u00e7iriyor.<\/p>\n<p style=\"text-align: justify;\">K\u00fct\u00fcphane\u2019de yakla\u015f\u0131k 60 bin eserin oldu\u011fu \u00f6\u011frenilirken, duvarlar yerine caml\u0131 b\u00f6lmeler \u015feklinde tasarlanan odalarda, beyaz mobilya kullan\u0131lmas\u0131 ziyaret\u00e7iler taraf\u0131ndan memnuniyetle kar\u015f\u0131land\u0131. Tekelio\u011flu\u2019nun yeni hali ile \u00fcye say\u0131s\u0131n\u0131 art\u0131rmaya ba\u015flad\u0131\u011f\u0131 da edinilen bilgiler aras\u0131nda yer ald\u0131.<\/p>\n<p style=\"text-align: justify;\">Kaynak: http:\/\/www.akdenizdeyeniyuzyil.com<\/p>\n","protected":false},"excerpt":{"rendered":"<p>Raflar\u0131nda bulunan 62 bine yak\u0131n kitap ve 25 ki\u015filik personeliyle Antalya\u2019n\u0131n en b\u00fcy\u00fck k\u00fct\u00fcphanesi olan\u00a0Tekelio\u011flu \u0130l Halk K\u00fct\u00fcphanesi, tadilat \u00e7al\u0131\u015fmalar\u0131 sonras\u0131 daha modern bir g\u00f6r\u00fcnt\u00fcye kavu\u015ftu. \u00d6zellikle g\u00f6r-i\u015fit b\u00f6l\u00fcm\u00fc g\u00f6rme engelli vatanda\u015flar i\u00e7in daha teknolojik hale getirildi. Yeni g\u00f6r\u00fcnt\u00fcs\u00fc ile 10 bine yak\u0131n \u00fcyesi bulunan k\u00fct\u00fcphanenin \u00fcye say\u0131s\u0131n\u0131n h\u0131zla artt\u0131\u011f\u0131 \u00f6\u011frenildi. Antalya kitapl\u0131\u011f\u0131 b\u00f6l\u00fcm\u00fcnde ise [&hellip;]<\/p>\n","protected":false},"author":1,"featured_media":0,"comment_status":"open","ping_status":"open","sticky":false,"template":"","format":"standard","meta":{"footnotes":""},"categories":[1],"tags":[],"class_list":["post-19008","post","type-post","status-publish","format-standard","hentry","category-genel"],"_links":{"self":[{"href":"https:\/\/www.bbyhaber.com\/bby\/wp-json\/wp\/v2\/posts\/19008"}],"collection":[{"href":"https:\/\/www.bbyhaber.com\/bby\/wp-json\/wp\/v2\/posts"}],"about":[{"href":"https:\/\/www.bbyhaber.com\/bby\/wp-json\/wp\/v2\/types\/post"}],"author":[{"embeddable":true,"href":"https:\/\/www.bbyhaber.com\/bby\/wp-json\/wp\/v2\/users\/1"}],"replies":[{"embeddable":true,"href":"https:\/\/www.bbyhaber.com\/bby\/wp-json\/wp\/v2\/comments?post=19008"}],"version-history":[{"count":0,"href":"https:\/\/www.bbyhaber.com\/bby\/wp-json\/wp\/v2\/posts\/19008\/revisions"}],"wp:attachment":[{"href":"https:\/\/www.bbyhaber.com\/bby\/wp-json\/wp\/v2\/media?parent=19008"}],"wp:term":[{"taxonomy":"category","embeddable":true,"href":"https:\/\/www.bbyhaber.com\/bby\/wp-json\/wp\/v2\/categories?post=19008"},{"taxonomy":"post_tag","embeddable":true,"href":"https:\/\/www.bbyhaber.com\/bby\/wp-json\/wp\/v2\/tags?post=19008"}],"curies":[{"name":"wp","href":"https:\/\/api.w.org\/{rel}","templated":true}]}}