{"id":18997,"date":"2016-04-14T10:34:19","date_gmt":"2016-04-14T07:34:19","guid":{"rendered":"http:\/\/www.bbyhaber.com\/bby\/?p=18997"},"modified":"2016-04-14T10:42:36","modified_gmt":"2016-04-14T07:42:36","slug":"kutuphanede-1-nisan-sakasi","status":"publish","type":"post","link":"https:\/\/www.bbyhaber.com\/bby\/2016\/04\/14\/kutuphanede-1-nisan-sakasi","title":{"rendered":"K\u00fct\u00fcphanede 1 Nisan \u015fakas\u0131"},"content":{"rendered":"<p style=\"text-align: justify;\"><img loading=\"lazy\" decoding=\"async\" class=\"alignleft\" src=\"https:\/\/static.panoramio.com.storage.googleapis.com\/photos\/large\/9073567.jpg\" alt=\"\" width=\"233\" height=\"150\" \/>1 Nisan D\u00fcnya \u015eaka G\u00fcn\u00fc kapsam\u0131nda \u0130stanbul Orhan Kemal \u0130l Halk K\u00fct\u00fcphanesi\u2019nde kullan\u0131c\u0131lara 1 Nisan \u015fakas\u0131 haz\u0131rland\u0131.\u00a0 \u0130stanbul K\u00fclt\u00fcr \u00dcniversitesi \u00c7oksesli Korosu ile ortakla\u015fa d\u00fczenlenen flashmob t\u00fcr\u00fcndeki \u015fakay\u0131 izleyebilirsiniz.<!--more--><\/p>\n<p><iframe loading=\"lazy\" src=\"https:\/\/www.youtube.com\/embed\/lgcDA0ufpn8\" frameborder=\"0\" width=\"560\" height=\"315\"><\/iframe><\/p>\n","protected":false},"excerpt":{"rendered":"<p>1 Nisan D\u00fcnya \u015eaka G\u00fcn\u00fc kapsam\u0131nda \u0130stanbul Orhan Kemal \u0130l Halk K\u00fct\u00fcphanesi\u2019nde kullan\u0131c\u0131lara 1 Nisan \u015fakas\u0131 haz\u0131rland\u0131.\u00a0 \u0130stanbul K\u00fclt\u00fcr \u00dcniversitesi \u00c7oksesli Korosu ile ortakla\u015fa d\u00fczenlenen flashmob t\u00fcr\u00fcndeki \u015fakay\u0131 izleyebilirsiniz.<\/p>\n","protected":false},"author":1,"featured_media":0,"comment_status":"open","ping_status":"open","sticky":false,"template":"","format":"standard","meta":{"footnotes":""},"categories":[1],"tags":[],"class_list":["post-18997","post","type-post","status-publish","format-standard","hentry","category-genel"],"_links":{"self":[{"href":"https:\/\/www.bbyhaber.com\/bby\/wp-json\/wp\/v2\/posts\/18997"}],"collection":[{"href":"https:\/\/www.bbyhaber.com\/bby\/wp-json\/wp\/v2\/posts"}],"about":[{"href":"https:\/\/www.bbyhaber.com\/bby\/wp-json\/wp\/v2\/types\/post"}],"author":[{"embeddable":true,"href":"https:\/\/www.bbyhaber.com\/bby\/wp-json\/wp\/v2\/users\/1"}],"replies":[{"embeddable":true,"href":"https:\/\/www.bbyhaber.com\/bby\/wp-json\/wp\/v2\/comments?post=18997"}],"version-history":[{"count":0,"href":"https:\/\/www.bbyhaber.com\/bby\/wp-json\/wp\/v2\/posts\/18997\/revisions"}],"wp:attachment":[{"href":"https:\/\/www.bbyhaber.com\/bby\/wp-json\/wp\/v2\/media?parent=18997"}],"wp:term":[{"taxonomy":"category","embeddable":true,"href":"https:\/\/www.bbyhaber.com\/bby\/wp-json\/wp\/v2\/categories?post=18997"},{"taxonomy":"post_tag","embeddable":true,"href":"https:\/\/www.bbyhaber.com\/bby\/wp-json\/wp\/v2\/tags?post=18997"}],"curies":[{"name":"wp","href":"https:\/\/api.w.org\/{rel}","templated":true}]}}