{"id":18989,"date":"2016-04-13T14:33:17","date_gmt":"2016-04-13T11:33:17","guid":{"rendered":"http:\/\/www.bbyhaber.com\/bby\/?p=18989"},"modified":"2016-04-26T14:30:02","modified_gmt":"2016-04-26T11:30:02","slug":"bby-kariyer-gunu-2016-26-nisan-2016","status":"publish","type":"post","link":"https:\/\/www.bbyhaber.com\/bby\/2016\/04\/13\/bby-kariyer-gunu-2016-26-nisan-2016","title":{"rendered":"BBY Kariyer G\u00fcn\u00fc 2016-26 Nisan 2016"},"content":{"rendered":"<p style=\"text-align: justify;\"><a href=\"http:\/\/bbyhaber.com\/\/bby\/wp-content\/uploads\/2016\/04\/bbykariyer.jpg\"><img loading=\"lazy\" decoding=\"async\" class=\"alignleft\" src=\"http:\/\/bbyhaber.com\/\/bby\/wp-content\/uploads\/2016\/04\/bbykariyer.jpg\" alt=\"\" width=\"270\" height=\"118\" \/><\/a>26 Nisan 2016 Sal\u0131 g\u00fcn\u00fc Beytepe Yerle\u015fkesi Mehmet Akif Ersoy Salonunda bu y\u0131l alt\u0131nc\u0131s\u0131 d\u00fczenlenecek olan &#8220;BBY Kariyer G\u00fcn\u00fc&#8221; etkinli\u011finde farkl\u0131 sekt\u00f6rlerde \u00e7al\u0131\u015fan, alan\u0131nda uzman konu\u015fmac\u0131lar taraf\u0131ndan Bilgi ve Belge Y\u00f6netiminde kariyer planlamas\u0131na y\u00f6nelik bilgiler sunulacakt\u0131r. A\u00e7\u0131\u015f konferans\u0131,<!--more--> E\u011fitim Ko\u00e7u Asl\u0131 Nacar&#8217;\u0131n &#8220;\u0130\u015f Hayat\u0131 \u00d6ncesi Haz\u0131r Bulunu\u015fluk&#8221; ba\u015fl\u0131kl\u0131 sunu\u015fuyla ger\u00e7ekle\u015ftirilecek olan <span style=\"color: #ff0000;\">etkinli\u011fin program\u0131<\/span>na <span style=\"color: #0000ff;\"><strong><a href=\"https:\/\/drive.google.com\/file\/d\/0B44hzG8T9_Z-dTN5aWlsTEdKVVE\/view\" target=\"_blank\"><span style=\"color: #0000ff;\">buradan<\/span><\/a><\/strong><\/span>\u00a0ula\u015fabilirsiniz.<\/p>\n","protected":false},"excerpt":{"rendered":"<p>26 Nisan 2016 Sal\u0131 g\u00fcn\u00fc Beytepe Yerle\u015fkesi Mehmet Akif Ersoy Salonunda bu y\u0131l alt\u0131nc\u0131s\u0131 d\u00fczenlenecek olan &#8220;BBY Kariyer G\u00fcn\u00fc&#8221; etkinli\u011finde farkl\u0131 sekt\u00f6rlerde \u00e7al\u0131\u015fan, alan\u0131nda uzman konu\u015fmac\u0131lar taraf\u0131ndan Bilgi ve Belge Y\u00f6netiminde kariyer planlamas\u0131na y\u00f6nelik bilgiler sunulacakt\u0131r. A\u00e7\u0131\u015f konferans\u0131,<\/p>\n","protected":false},"author":1,"featured_media":0,"comment_status":"open","ping_status":"open","sticky":false,"template":"","format":"standard","meta":{"footnotes":""},"categories":[],"tags":[1395],"class_list":["post-18989","post","type-post","status-publish","format-standard","hentry","tag-bby-mesleki-etkinlikler-arsivi"],"_links":{"self":[{"href":"https:\/\/www.bbyhaber.com\/bby\/wp-json\/wp\/v2\/posts\/18989"}],"collection":[{"href":"https:\/\/www.bbyhaber.com\/bby\/wp-json\/wp\/v2\/posts"}],"about":[{"href":"https:\/\/www.bbyhaber.com\/bby\/wp-json\/wp\/v2\/types\/post"}],"author":[{"embeddable":true,"href":"https:\/\/www.bbyhaber.com\/bby\/wp-json\/wp\/v2\/users\/1"}],"replies":[{"embeddable":true,"href":"https:\/\/www.bbyhaber.com\/bby\/wp-json\/wp\/v2\/comments?post=18989"}],"version-history":[{"count":0,"href":"https:\/\/www.bbyhaber.com\/bby\/wp-json\/wp\/v2\/posts\/18989\/revisions"}],"wp:attachment":[{"href":"https:\/\/www.bbyhaber.com\/bby\/wp-json\/wp\/v2\/media?parent=18989"}],"wp:term":[{"taxonomy":"category","embeddable":true,"href":"https:\/\/www.bbyhaber.com\/bby\/wp-json\/wp\/v2\/categories?post=18989"},{"taxonomy":"post_tag","embeddable":true,"href":"https:\/\/www.bbyhaber.com\/bby\/wp-json\/wp\/v2\/tags?post=18989"}],"curies":[{"name":"wp","href":"https:\/\/api.w.org\/{rel}","templated":true}]}}