{"id":18972,"date":"2016-04-12T18:04:51","date_gmt":"2016-04-12T15:04:51","guid":{"rendered":"http:\/\/www.bbyhaber.com\/bby\/?p=18972"},"modified":"2016-04-13T14:20:24","modified_gmt":"2016-04-13T11:20:24","slug":"ankos-akademi-ifla%e2%80%99da","status":"publish","type":"post","link":"https:\/\/www.bbyhaber.com\/bby\/2016\/04\/12\/ankos-akademi-ifla%e2%80%99da","title":{"rendered":"ANKOS Akademi IFLA\u2019da"},"content":{"rendered":"<p style=\"text-align: justify;\"><img loading=\"lazy\" decoding=\"async\" class=\"alignleft\" src=\"http:\/\/www.bbyhaber.com\/bby\/wp-content\/uploads\/2016\/02\/ankos-akademi.jpg\" alt=\"\" width=\"200\" height=\"79\" \/>13-19 A\u011fustos 2016 tarihlerinde Columbus, Ohio, ABD\u2019de ger\u00e7ekle\u015ftirilecek olan IFLA D\u00fcnya K\u00fct\u00fcphane ve Bilgi Kongresi 82. IFLA Genel Konferans\u0131 ve Konseyi\u2019nde (IFLA World Library and Information Congress, 82nd IFLA General Conference and Assembly)\u00a0ANKOS Akademi taraf\u0131ndan yap\u0131lan bildiri sunma ba\u015fvurusunun kabul edildi\u011fi bildirildi.<!--more--><\/p>\n<p style=\"text-align: justify;\">IFLA E\u011fitim ve \u00d6\u011fretim B\u00f6l\u00fcm\u00fc (IFLA Education and Training Section),\u00a0 S\u00fcrekli Mesleki Geli\u015fim ve \u0130\u015fyeri \u00d6\u011frenme B\u00f6l\u00fcm\u00fc (Continuing Professional Development and Workplace Learning Section) ve Bilgi Teknolojileri B\u00f6l\u00fcm\u00fc (Information Technology Section) ortakl\u0131\u011f\u0131nda ger\u00e7ekle\u015ftirilecek olan \u201cE-\u00d6\u011frenmeye Do\u011fru Her \u015eey: Ba\u011flant\u0131. \u0130\u015fbirli\u011fi. Topluluk.\u201d (All about E-learning towards: Connection. Collaboration. Community.) temal\u0131 a\u00e7\u0131k oturum i\u00e7in \u201cK\u00fct\u00fcphane\u00a0 \u00c7al\u0131\u015fanlar\u0131 \u00a0\u0130\u00e7in Online E\u011fitim Platformu: ANKOS Akademi\u201d (Online Training Platform for Library Professionals : ANKOS Academy) ba\u015fl\u0131kl\u0131 bildirinin y\u00fcksek say\u0131da ba\u015fvuru aras\u0131ndan zor bir se\u00e7im sonras\u0131 kabul edildi\u011fi bilgisi 11 Nisan 2016 tarihinde ANKOS Akademi Grubu\u2019na iletilmi\u015ftir.<\/p>\n","protected":false},"excerpt":{"rendered":"<p>13-19 A\u011fustos 2016 tarihlerinde Columbus, Ohio, ABD\u2019de ger\u00e7ekle\u015ftirilecek olan IFLA D\u00fcnya K\u00fct\u00fcphane ve Bilgi Kongresi 82. IFLA Genel Konferans\u0131 ve Konseyi\u2019nde (IFLA World Library and Information Congress, 82nd IFLA General Conference and Assembly)\u00a0ANKOS Akademi taraf\u0131ndan yap\u0131lan bildiri sunma ba\u015fvurusunun kabul edildi\u011fi bildirildi.<\/p>\n","protected":false},"author":1,"featured_media":0,"comment_status":"open","ping_status":"open","sticky":false,"template":"","format":"standard","meta":{"footnotes":""},"categories":[1536,1],"tags":[],"class_list":["post-18972","post","type-post","status-publish","format-standard","hentry","category-ankos-akademi","category-genel"],"_links":{"self":[{"href":"https:\/\/www.bbyhaber.com\/bby\/wp-json\/wp\/v2\/posts\/18972"}],"collection":[{"href":"https:\/\/www.bbyhaber.com\/bby\/wp-json\/wp\/v2\/posts"}],"about":[{"href":"https:\/\/www.bbyhaber.com\/bby\/wp-json\/wp\/v2\/types\/post"}],"author":[{"embeddable":true,"href":"https:\/\/www.bbyhaber.com\/bby\/wp-json\/wp\/v2\/users\/1"}],"replies":[{"embeddable":true,"href":"https:\/\/www.bbyhaber.com\/bby\/wp-json\/wp\/v2\/comments?post=18972"}],"version-history":[{"count":0,"href":"https:\/\/www.bbyhaber.com\/bby\/wp-json\/wp\/v2\/posts\/18972\/revisions"}],"wp:attachment":[{"href":"https:\/\/www.bbyhaber.com\/bby\/wp-json\/wp\/v2\/media?parent=18972"}],"wp:term":[{"taxonomy":"category","embeddable":true,"href":"https:\/\/www.bbyhaber.com\/bby\/wp-json\/wp\/v2\/categories?post=18972"},{"taxonomy":"post_tag","embeddable":true,"href":"https:\/\/www.bbyhaber.com\/bby\/wp-json\/wp\/v2\/tags?post=18972"}],"curies":[{"name":"wp","href":"https:\/\/api.w.org\/{rel}","templated":true}]}}