{"id":18953,"date":"2016-04-10T09:31:47","date_gmt":"2016-04-10T06:31:47","guid":{"rendered":"http:\/\/www.bbyhaber.com\/bby\/?p=18953"},"modified":"2016-05-09T13:11:22","modified_gmt":"2016-05-09T10:11:22","slug":"beklenen-kadrolar-en-yakin-surede-aciklanacak","status":"publish","type":"post","link":"https:\/\/www.bbyhaber.com\/bby\/2016\/04\/10\/beklenen-kadrolar-en-yakin-surede-aciklanacak","title":{"rendered":"Beklenen kadrolar en yak\u0131n s\u00fcrede a\u00e7\u0131klanacak"},"content":{"rendered":"<p style=\"text-align: justify;\"><img loading=\"lazy\" decoding=\"async\" class=\"alignleft\" src=\"http:\/\/bbyhaber.com\/bby\/wp-content\/uploads\/2015\/12\/ktbakani.jpg\" alt=\"\" width=\"250\" height=\"125\" \/>K\u00fclt\u00fcr ve Turizm Bakan\u0131 Mahir \u00dcnal taraf\u0131ndan T\u00fcrkiye genelinde ba\u015flat\u0131lan turizm \u00e7al\u0131\u015ftaylar\u0131 devam ediyor. T\u00fcrk turizminde ya\u015fan\u0131lan sorunlar\u0131n\u0131n masaya yat\u0131r\u0131ld\u0131\u011f\u0131 turizm \u00e7al\u0131\u015ftaylar\u0131nda son durak Kahramanmara\u015f oldu. Burada yap\u0131lan bas\u0131n toplant\u0131s\u0131nda daha \u00f6nce kadrolara dair yapt\u0131\u011f\u0131 a\u00e7\u0131klamalar\u0131n en yak\u0131n zamanda netle\u015ftirilece\u011fini belirtti ve \u015f\u00f6yle ifade etti:<!--more--><\/p>\n<p style=\"text-align: justify;\">\u201cK\u00fclt\u00fcr alan\u0131n\u0131 da elbette ihmal etmemeliyiz. Biz bir k\u00fclt\u00fcr paketi haz\u0131rlad\u0131k. K\u00fclt\u00fcrle ilgili ayr\u0131 bir reform paketi a\u00e7\u0131klayaca\u011f\u0131z demi\u015fti Say\u0131n Ba\u015fbakan\u2019\u0131m\u0131z. Yeni bir k\u00fclt\u00fcr-sanat y\u00f6netiminin ve yeni bir k\u00fclt\u00fcr paradigmas\u0131n\u0131n ortaya konaca\u011f\u0131 bir bak\u0131\u015f a\u00e7\u0131s\u0131yla bir paket haz\u0131rlad\u0131k.Bu paketi duyuraca\u011f\u0131m\u0131z\u0131 iki kez ilan ettik ama maalesef programdan kaynaklanan ya da T\u00fcrkiye\u2019nin zaman zaman g\u00fcndeminin de\u011fi\u015fmesinden kaynakl\u0131 olarak bu paketimizin a\u00e7\u0131klanmas\u0131 biraz ertelendi.<\/p>\n<p style=\"text-align: justify;\">Bu paketli ilgili haber bekleyen \u00f6zellikle arkeolog, sanat tarih\u00e7i ve <strong><span style=\"color: #ff0000;\">k\u00fct\u00fcphanecilikle<\/span> ilgili <span style=\"color: #ff0000;\">kadro<\/span> bekleyenlerde hakl\u0131 olarak bu paketin ne zaman a\u00e7\u0131klanaca\u011f\u0131n\u0131 hep merak ettiler<\/strong>. Buradan ben arkeolog, <strong><span style=\"color: #ff0000;\">k\u00fct\u00fcphaneci<\/span><\/strong> ve sanat tarih\u00e7i karde\u015flerimize de in\u015fallah \u00f6n\u00fcm\u00fczdeki s\u00fcre\u00e7te, <strong>en k\u0131sa s\u00fcrede bunun da a\u00e7\u0131klanaca\u011f\u0131n\u0131 Kahramanmara\u015f\u2019\u0131m\u0131zdan payla\u015fmak istedim<\/strong>.\u201d<\/p>\n<p>Kaynak: http:\/\/basin.kulturturizm.gov.tr\/<\/p>\n","protected":false},"excerpt":{"rendered":"<p>K\u00fclt\u00fcr ve Turizm Bakan\u0131 Mahir \u00dcnal taraf\u0131ndan T\u00fcrkiye genelinde ba\u015flat\u0131lan turizm \u00e7al\u0131\u015ftaylar\u0131 devam ediyor. T\u00fcrk turizminde ya\u015fan\u0131lan sorunlar\u0131n\u0131n masaya yat\u0131r\u0131ld\u0131\u011f\u0131 turizm \u00e7al\u0131\u015ftaylar\u0131nda son durak Kahramanmara\u015f oldu. Burada yap\u0131lan bas\u0131n toplant\u0131s\u0131nda daha \u00f6nce kadrolara dair yapt\u0131\u011f\u0131 a\u00e7\u0131klamalar\u0131n en yak\u0131n zamanda netle\u015ftirilece\u011fini belirtti ve \u015f\u00f6yle ifade etti:<\/p>\n","protected":false},"author":1,"featured_media":0,"comment_status":"open","ping_status":"open","sticky":false,"template":"","format":"standard","meta":{"footnotes":""},"categories":[1513,31,1],"tags":[],"class_list":["post-18953","post","type-post","status-publish","format-standard","hentry","category-2016-1-bby-kpss-kadrolari","category-bbykpss","category-genel"],"_links":{"self":[{"href":"https:\/\/www.bbyhaber.com\/bby\/wp-json\/wp\/v2\/posts\/18953"}],"collection":[{"href":"https:\/\/www.bbyhaber.com\/bby\/wp-json\/wp\/v2\/posts"}],"about":[{"href":"https:\/\/www.bbyhaber.com\/bby\/wp-json\/wp\/v2\/types\/post"}],"author":[{"embeddable":true,"href":"https:\/\/www.bbyhaber.com\/bby\/wp-json\/wp\/v2\/users\/1"}],"replies":[{"embeddable":true,"href":"https:\/\/www.bbyhaber.com\/bby\/wp-json\/wp\/v2\/comments?post=18953"}],"version-history":[{"count":0,"href":"https:\/\/www.bbyhaber.com\/bby\/wp-json\/wp\/v2\/posts\/18953\/revisions"}],"wp:attachment":[{"href":"https:\/\/www.bbyhaber.com\/bby\/wp-json\/wp\/v2\/media?parent=18953"}],"wp:term":[{"taxonomy":"category","embeddable":true,"href":"https:\/\/www.bbyhaber.com\/bby\/wp-json\/wp\/v2\/categories?post=18953"},{"taxonomy":"post_tag","embeddable":true,"href":"https:\/\/www.bbyhaber.com\/bby\/wp-json\/wp\/v2\/tags?post=18953"}],"curies":[{"name":"wp","href":"https:\/\/api.w.org\/{rel}","templated":true}]}}