{"id":18919,"date":"2016-04-06T10:58:35","date_gmt":"2016-04-06T07:58:35","guid":{"rendered":"http:\/\/www.bbyhaber.com\/bby\/?p=18919"},"modified":"2016-05-20T13:15:58","modified_gmt":"2016-05-20T10:15:58","slug":"kultur-bakani-mahir-unalin-vaatleri-gerceklesecek-mi","status":"publish","type":"post","link":"https:\/\/www.bbyhaber.com\/bby\/2016\/04\/06\/kultur-bakani-mahir-unalin-vaatleri-gerceklesecek-mi","title":{"rendered":"K\u00fclt\u00fcr Bakan\u0131 Mahir \u00dcnal&#8217;\u0131n vaatleri ger\u00e7ekle\u015fecek mi!!!"},"content":{"rendered":"<p style=\"text-align: justify;\"><img loading=\"lazy\" decoding=\"async\" class=\"alignleft\" src=\"http:\/\/bbyhaber.com\/bby\/wp-content\/uploads\/2015\/12\/ktbakani.jpg\" alt=\"\" width=\"254\" height=\"127\" \/>Baz\u0131 bakanl\u0131klarda, sorunlar dile getirilmesine ra\u011fmen, soruna e\u011filen y\u00f6netici ve siyaset\u00e7i bulunmuyor. \u00dclkenin Cumhurba\u015fkan\u0131 ve Ba\u015fbakan&#8217;\u0131 her daim &#8220;Biz halka hizmet i\u00e7in var\u0131z&#8221; demesine ra\u011fmen, baz\u0131 bakanlar ve b\u00fcrokratlar bu g\u00f6revlerini yerine getirmiyor. Bu konuda en \u00e7ok ele\u015ftirilen<strong> Bakanl\u0131k Tar\u0131m Bakanl\u0131\u011f\u0131.<\/strong>.. Tar\u0131m&#8217;da 4 aya yak\u0131n bir s\u00fcredir naklen atamalar yap\u0131lam\u0131yor. Bakan \u00c7elik daha \u00f6nce, Bakanl\u0131\u011f\u0131 tan\u0131mak ad\u0131na bu \u015fekilde bir uygulamaya gitmi\u015f oldu\u011funu ifade etmi\u015ftir. Ancak hi\u00e7bir Bakanl\u0131kta olmayan bir uygulaman\u0131n Tar\u0131m Bakanl\u0131\u011f\u0131nda s\u00fcrd\u00fcr\u00fcl\u00fcyor olmas\u0131 personel isyan ediyor.<!--more--><\/p>\n<p style=\"text-align: justify;\">Bir di\u011fer sorunlu bakanl\u0131k <strong>\u00c7al\u0131\u015fma Bakanl\u0131\u011f\u0131.<\/strong>.Bu Bakanl\u0131k da dile getirilen \u00f6neri ve tepkilere sa\u011f\u0131r kesiliyor. <strong>\u0130\u015f m\u00fcfetti\u015f yard\u0131mc\u0131lar\u0131n\u0131n<\/strong> atamalar\u0131 ayd\u0131r Bakan beyi bekliyor.<\/p>\n<p style=\"text-align: justify;\"><strong>Sa\u011fl\u0131k Bakanl\u0131\u011f\u0131 <\/strong>da yine personel al\u0131m s\u00fcrecini sonu\u00e7land\u0131ramad\u0131\u011f\u0131 i\u00e7in ele\u015ftirilen bakanl\u0131klardan bir di\u011feri.<strong> Bakanl\u0131k denet\u00e7i yard\u0131mc\u0131l\u0131\u011f\u0131<\/strong> s\u0131nav sonu\u00e7lar\u0131 20 g\u00fcn\u00fc a\u015fk\u0131n s\u00fcredir a\u00e7\u0131klanam\u0131yor.<\/p>\n<p style=\"text-align: justify;\"><span style=\"color: #ff0000;\">S\u0131k\u00e7a ele\u015ftirilen bakanlardan birisi de K\u00fclt\u00fcr Bakan\u0131 Mahir \u00dcnal&#8230;\u00dcnal daha \u00f6nce personel al\u0131m\u0131 yap\u0131laca\u011f\u0131n\u0131 ifade etmi\u015f olmas\u0131na ra\u011fmen, personel al\u0131m takvimine y\u00f6nelik bir a\u00e7\u0131klama yapmad\u0131. \u00dcnal, Ocak ay\u0131nda, 300&#8217;\u00fcn \u00fczerinde k\u00fct\u00fcphaneci, arkeolog ve sanat tarih\u00e7isi alaca\u011f\u0131z<\/span> <a title=\"300\u2032\u00fcn \u00fczerinde k\u00fct\u00fcphaneci, arkeolog ve sanat tarih\u00e7isi alaca\u011f\u0131z\" href=\"http:\/\/www.bbyhaber.com\/bby\/2015\/12\/22\/300un-uzerinde-kutuphaneci-alinacak\/\" target=\"_blank\"><span style=\"color: #0000ff;\"><span style=\"color: #0000ff;\">demi\u015fti<\/span>.<\/span><\/a><\/p>\n<p style=\"text-align: justify;\">Kaynak: <a href=\"http:\/\/www.memurlar.net\/\" target=\"_blank\">http:\/\/www.memurlar.net\/<\/a><\/p>\n","protected":false},"excerpt":{"rendered":"<p>Baz\u0131 bakanl\u0131klarda, sorunlar dile getirilmesine ra\u011fmen, soruna e\u011filen y\u00f6netici ve siyaset\u00e7i bulunmuyor. \u00dclkenin Cumhurba\u015fkan\u0131 ve Ba\u015fbakan&#8217;\u0131 her daim &#8220;Biz halka hizmet i\u00e7in var\u0131z&#8221; demesine ra\u011fmen, baz\u0131 bakanlar ve b\u00fcrokratlar bu g\u00f6revlerini yerine getirmiyor. Bu konuda en \u00e7ok ele\u015ftirilen Bakanl\u0131k Tar\u0131m Bakanl\u0131\u011f\u0131&#8230; Tar\u0131m&#8217;da 4 aya yak\u0131n bir s\u00fcredir naklen atamalar yap\u0131lam\u0131yor. Bakan \u00c7elik daha \u00f6nce, Bakanl\u0131\u011f\u0131 [&hellip;]<\/p>\n","protected":false},"author":1,"featured_media":0,"comment_status":"open","ping_status":"open","sticky":false,"template":"","format":"standard","meta":{"footnotes":""},"categories":[1513,31,1],"tags":[],"class_list":["post-18919","post","type-post","status-publish","format-standard","hentry","category-2016-1-bby-kpss-kadrolari","category-bbykpss","category-genel"],"_links":{"self":[{"href":"https:\/\/www.bbyhaber.com\/bby\/wp-json\/wp\/v2\/posts\/18919"}],"collection":[{"href":"https:\/\/www.bbyhaber.com\/bby\/wp-json\/wp\/v2\/posts"}],"about":[{"href":"https:\/\/www.bbyhaber.com\/bby\/wp-json\/wp\/v2\/types\/post"}],"author":[{"embeddable":true,"href":"https:\/\/www.bbyhaber.com\/bby\/wp-json\/wp\/v2\/users\/1"}],"replies":[{"embeddable":true,"href":"https:\/\/www.bbyhaber.com\/bby\/wp-json\/wp\/v2\/comments?post=18919"}],"version-history":[{"count":0,"href":"https:\/\/www.bbyhaber.com\/bby\/wp-json\/wp\/v2\/posts\/18919\/revisions"}],"wp:attachment":[{"href":"https:\/\/www.bbyhaber.com\/bby\/wp-json\/wp\/v2\/media?parent=18919"}],"wp:term":[{"taxonomy":"category","embeddable":true,"href":"https:\/\/www.bbyhaber.com\/bby\/wp-json\/wp\/v2\/categories?post=18919"},{"taxonomy":"post_tag","embeddable":true,"href":"https:\/\/www.bbyhaber.com\/bby\/wp-json\/wp\/v2\/tags?post=18919"}],"curies":[{"name":"wp","href":"https:\/\/api.w.org\/{rel}","templated":true}]}}