{"id":18914,"date":"2016-04-05T10:24:20","date_gmt":"2016-04-05T07:24:20","guid":{"rendered":"http:\/\/www.bbyhaber.com\/bby\/?p=18914"},"modified":"2016-04-05T10:24:20","modified_gmt":"2016-04-05T07:24:20","slug":"okuma-aliskanligi-ve-kutuphaneler-icin-pedal-cevirdiler","status":"publish","type":"post","link":"https:\/\/www.bbyhaber.com\/bby\/2016\/04\/05\/okuma-aliskanligi-ve-kutuphaneler-icin-pedal-cevirdiler","title":{"rendered":"Okuma Al\u0131\u015fkanl\u0131\u011f\u0131 ve K\u00fct\u00fcphaneler \u0130\u00e7in Pedal \u00c7evirdiler"},"content":{"rendered":"<p style=\"text-align: justify;\"><a href=\"http:\/\/i.sozcu.com.tr\/wp-content\/uploads\/2016\/04\/04\/kutuphane-haftasi_pedal_2.jpg\"><img loading=\"lazy\" decoding=\"async\" class=\"alignleft\" src=\"http:\/\/i.sozcu.com.tr\/wp-content\/uploads\/2016\/04\/04\/kutuphane-haftasi_pedal_2.jpg\" alt=\"\" width=\"248\" height=\"137\" \/><\/a>T\u00fcrkiye\u2019de ilk kez 1964\u2019te, Kas\u0131m ay\u0131n\u0131n son haftas\u0131 kutlanan K\u00fct\u00fcphane Haftas\u0131, T\u00fcrk K\u00fct\u00fcphaneciler Derne\u011fi karar\u0131yla 1971\u2019den bu yana her Mart ay\u0131n\u0131n son Pazartesi g\u00fcn\u00fc kutlan\u0131yor. Bu y\u0131l 52.\u2019si kutlanan K\u00fct\u00fcphane Haftas\u0131, 28 Mart-3 Nisan tarihleri aras\u0131nda \u00e7e\u015fitli etkinliklerle kutland\u0131. Bu haftaya \u00f6zel etkinliklerden biri de 52. K\u00fct\u00fcphane Haftas\u0131 bisiklet turuydu. Kat\u0131l\u0131mc\u0131lar \u00f6nce pedal sonra kitap sayfalar\u0131n\u0131 \u00e7evirdiler.<!--more--><\/p>\n<p style=\"text-align: justify;\">3 Nisan Pazar g\u00fcn\u00fc yaz havas\u0131 tad\u0131nda bir havada, mart\u0131 sesi, deniz kokusu e\u015fli\u011finde 52. K\u00fct\u00fcphane Haftas\u0131 bisiklet turu Heybeliadada \u0130l\u00e7e Halk K\u00fct\u00fcphanesi \u00f6n\u00fcnden 100 bisiklet severle ba\u015flat\u0131ld\u0131. Adan\u0131n fiziksel ko\u015fullar\u0131 nedeniyle yar\u0131m ada turu \u015feklinde s\u00fcren bisiklet turu 50 dakika s\u00fcrd\u00fc. Heybelida \u0130l\u00e7e Halk K\u00fct\u00fcphanesi \u00f6n\u00fcnde sonland\u0131r\u0131lan tura kat\u0131lanlara, Yitik \u00dclke Yay\u0131nlar\u0131n\u0131n hediye kitaplar\u0131 da da\u011f\u0131t\u0131ld\u0131. Yan\u0131nda kitap getirenlerle kitaplar takas edildi.<\/p>\n<p style=\"text-align: justify;\">HEYBEL\u0130ADA HALK K\u00dcT\u00dcPHANES\u0130 DE UNUTULMADI<\/p>\n<p style=\"text-align: justify;\">Tura kat\u0131lanlar, okuma al\u0131\u015fkanl\u0131\u011f\u0131na dikkat \u00e7ekmek, halen kapal\u0131 olan ve binas\u0131 Milli E\u011fitime devredilen Heybeliada \u0130l\u00e7e Halk K\u00fct\u00fcphanesinin k\u00fct\u00fcphane olarak ada halk\u0131na ve \u0130stanbullulara hizmet vermesi i\u00e7in 15 dakika boyunca kitap okudu.<\/p>\n<p style=\"text-align: justify;\">T\u00fcrk K\u00fct\u00fcphaneciler Derne\u011fi (TKD) Genel Ba\u015fkan Yard\u0131mc\u0131s\u0131 Ayd\u0131n \u0130leri, k\u00fct\u00fcphane haftas\u0131nda d\u00fczenledikleri etkinlikle ilgili \u015funlar\u0131 s\u00f6yledi:<\/p>\n<p style=\"text-align: justify;\">\u201cGELECE\u011e\u0130M\u0130Z \u0130\u00c7\u0130N K\u0130TAP OKUDUK\u201d<\/p>\n<p style=\"text-align: justify;\">\u201d Okuma Al\u0131\u015fkanl\u0131\u011f\u0131na dikkat \u00e7ekmek, halen kapal\u0131 olan ve binas\u0131 Milli E\u011fitime devredilen Heybeliada \u0130l\u00e7e Halk K\u00fct\u00fcphnesinin k\u00fct\u00fcphane olarak ada halk\u0131na ve \u0130stanbullulara hizmet vermesi i\u00e7in 15 dakika kitap okuduk. \u0130stanbul\u2019un do\u011fa ve k\u00fclt\u00fcrel g\u00fczelliklerinden olan Heybeliada\u2019y\u0131 yak\u0131ndan tan\u0131d\u0131k, birlikte pedal \u00e7evirdik ve en \u00f6nemlisi birlikte sayfalar\u0131 \u00e7evirdik. Gelece\u011fimiz i\u00e7in kitap okuduk. \u00dclke genelinde nitelikli k\u00fct\u00fcphaneler a\u00e7\u0131lmas\u0131 ve bu k\u00fct\u00fcphanelerde k\u00fct\u00fcphanecilerin \u00e7al\u0131\u015fmas\u0131 dile\u011fimiz. K\u00fct\u00fcphanecilik mesle\u011fini, k\u00fct\u00fcphanelerimizi, okuma ve bilgiye \u00fccretsiz ve e\u015fit eri\u015fim hakk\u0131m\u0131z\u0131 her zaman savunaca\u011f\u0131z. T\u00fcrk K\u00fct\u00fcphaneciler Derne\u011fi \u0130stanbul \u015eubesi, Okul K\u00fct\u00fcphanecileri Derne\u011fi, Heybelida K\u00fct\u00fcphane Koruma Derne\u011fi, \u00d6zg\u00fcr S\u00fcr\u00fc\u015f Toplulu\u011fu, \u00d6zg\u00fcrl\u00fc\u011fe Pedal, Okuma Ajans\u0131, Yitik \u00dclke Yay\u0131nlar\u0131 i\u015fbirli\u011fi ile yap\u0131lan bisiklet turuna kat\u0131lan b\u00fct\u00fcn bisiklet gruplar\u0131na, topluluklar\u0131na, bisiklet aktivistlerine, bisiklet turu ve okuma etkinli\u011fine destek veren t\u00fcm ki\u015fi ve kurumlara sonsuz te\u015fekk\u00fcr ediyoruz.\u201d<\/p>\n<p style=\"text-align: justify;\">Kaynak: Ayd\u0131n \u0130leri<\/p>\n","protected":false},"excerpt":{"rendered":"<p>T\u00fcrkiye\u2019de ilk kez 1964\u2019te, Kas\u0131m ay\u0131n\u0131n son haftas\u0131 kutlanan K\u00fct\u00fcphane Haftas\u0131, T\u00fcrk K\u00fct\u00fcphaneciler Derne\u011fi karar\u0131yla 1971\u2019den bu yana her Mart ay\u0131n\u0131n son Pazartesi g\u00fcn\u00fc kutlan\u0131yor. Bu y\u0131l 52.\u2019si kutlanan K\u00fct\u00fcphane Haftas\u0131, 28 Mart-3 Nisan tarihleri aras\u0131nda \u00e7e\u015fitli etkinliklerle kutland\u0131. Bu haftaya \u00f6zel etkinliklerden biri de 52. K\u00fct\u00fcphane Haftas\u0131 bisiklet turuydu. Kat\u0131l\u0131mc\u0131lar \u00f6nce pedal sonra kitap [&hellip;]<\/p>\n","protected":false},"author":1,"featured_media":0,"comment_status":"open","ping_status":"open","sticky":false,"template":"","format":"standard","meta":{"footnotes":""},"categories":[1471,1476,1],"tags":[1461],"class_list":["post-18914","post","type-post","status-publish","format-standard","hentry","category-52-kutuphane-haftasi","category-aydin-ileri","category-genel","tag-kutuphane-haftasi"],"_links":{"self":[{"href":"https:\/\/www.bbyhaber.com\/bby\/wp-json\/wp\/v2\/posts\/18914"}],"collection":[{"href":"https:\/\/www.bbyhaber.com\/bby\/wp-json\/wp\/v2\/posts"}],"about":[{"href":"https:\/\/www.bbyhaber.com\/bby\/wp-json\/wp\/v2\/types\/post"}],"author":[{"embeddable":true,"href":"https:\/\/www.bbyhaber.com\/bby\/wp-json\/wp\/v2\/users\/1"}],"replies":[{"embeddable":true,"href":"https:\/\/www.bbyhaber.com\/bby\/wp-json\/wp\/v2\/comments?post=18914"}],"version-history":[{"count":0,"href":"https:\/\/www.bbyhaber.com\/bby\/wp-json\/wp\/v2\/posts\/18914\/revisions"}],"wp:attachment":[{"href":"https:\/\/www.bbyhaber.com\/bby\/wp-json\/wp\/v2\/media?parent=18914"}],"wp:term":[{"taxonomy":"category","embeddable":true,"href":"https:\/\/www.bbyhaber.com\/bby\/wp-json\/wp\/v2\/categories?post=18914"},{"taxonomy":"post_tag","embeddable":true,"href":"https:\/\/www.bbyhaber.com\/bby\/wp-json\/wp\/v2\/tags?post=18914"}],"curies":[{"name":"wp","href":"https:\/\/api.w.org\/{rel}","templated":true}]}}