{"id":18911,"date":"2016-04-05T10:18:16","date_gmt":"2016-04-05T07:18:16","guid":{"rendered":"http:\/\/www.bbyhaber.com\/bby\/?p=18911"},"modified":"2016-04-05T10:34:18","modified_gmt":"2016-04-05T07:34:18","slug":"tarsus%e2%80%99ta-agaclar-kitap-acti","status":"publish","type":"post","link":"https:\/\/www.bbyhaber.com\/bby\/2016\/04\/05\/tarsus%e2%80%99ta-agaclar-kitap-acti","title":{"rendered":"Tarsus\u2019ta a\u011fa\u00e7lar kitap a\u00e7t\u0131"},"content":{"rendered":"<p style=\"text-align: justify;\"><img loading=\"lazy\" decoding=\"async\" class=\"alignleft\" src=\"http:\/\/www.evrensel.net\/upload\/dosya\/cache\/820x435\/48181.jpg\" alt=\"\" width=\"270\" height=\"143\" \/>Tarsus Belediyesi taraf\u0131ndan K\u00fct\u00fcphane Haftas\u0131 nedeni ile kent meydanda bulunan b\u00fct\u00fcn a\u011fa\u00e7lara kitap as\u0131ld\u0131. Sabah\u0131n ilk \u0131\u015f\u0131klar\u0131yla a\u011fa\u00e7larda as\u0131l\u0131 olan kitaplar\u0131 g\u00f6ren vatanda\u015flar \u015fa\u015fk\u0131nl\u0131k ve sevin\u00e7le kar\u015f\u0131lay\u0131p a\u011fa\u00e7lardaki kitaplara yo\u011fun ilgi g\u00f6sterdiler. Konu hakk\u0131nda a\u00e7\u0131klama yapan Tarsus Belediye Ba\u015fkan\u0131 \u015eevket Can ise &#8220;G\u00f6reve geldi\u011fimiz g\u00fcnden bu yana \u015fehrimizde ya\u015fayan vatanda\u015flar\u0131m\u0131za k\u00fclt\u00fcrel manada yeni imkanlar tan\u0131mak, var olan imkanlar\u0131 daha geli\u015ftirmek i\u00e7in \u00e7aba sarf ediyoruz. <!--more--><\/p>\n<p style=\"text-align: justify;\">Bu d\u00fc\u015f\u00fcnceden hareketle i\u00e7erisinde bulundu\u011fumuz K\u00fct\u00fcphane Haftas\u0131 nedeni ile bizde vatanda\u015flar\u0131m\u0131z\u0131 kitap okumaya y\u00f6nlendirmek ve toplumda fark\u0131ndal\u0131k yaratmak ad\u0131na kent meydan\u0131nda bulunan a\u011fa\u00e7lara yakla\u015f\u0131k 1000 adet kullan\u0131lmam\u0131\u015f ve kullan\u0131labilir kitap ast\u0131k, isteyen vatanda\u015flar\u0131m\u0131za istedikleri kitab\u0131 hediye ettik. Yapt\u0131\u011f\u0131m\u0131z faaliyetin vatanda\u015flar\u0131m\u0131z taraf\u0131ndan b\u00fcy\u00fck ilgi g\u00f6rmesi bizi \u00e7ok memnun etti&#8221; dedi.<\/p>\n<p style=\"text-align: justify;\">Kaynak: http:\/\/www.evrensel.net\/<\/p>\n","protected":false},"excerpt":{"rendered":"<p>Tarsus Belediyesi taraf\u0131ndan K\u00fct\u00fcphane Haftas\u0131 nedeni ile kent meydanda bulunan b\u00fct\u00fcn a\u011fa\u00e7lara kitap as\u0131ld\u0131. Sabah\u0131n ilk \u0131\u015f\u0131klar\u0131yla a\u011fa\u00e7larda as\u0131l\u0131 olan kitaplar\u0131 g\u00f6ren vatanda\u015flar \u015fa\u015fk\u0131nl\u0131k ve sevin\u00e7le kar\u015f\u0131lay\u0131p a\u011fa\u00e7lardaki kitaplara yo\u011fun ilgi g\u00f6sterdiler. Konu hakk\u0131nda a\u00e7\u0131klama yapan Tarsus Belediye Ba\u015fkan\u0131 \u015eevket Can ise &#8220;G\u00f6reve geldi\u011fimiz g\u00fcnden bu yana \u015fehrimizde ya\u015fayan vatanda\u015flar\u0131m\u0131za k\u00fclt\u00fcrel manada yeni imkanlar tan\u0131mak, [&hellip;]<\/p>\n","protected":false},"author":1,"featured_media":0,"comment_status":"open","ping_status":"open","sticky":false,"template":"","format":"standard","meta":{"footnotes":""},"categories":[1471,1],"tags":[1461],"class_list":["post-18911","post","type-post","status-publish","format-standard","hentry","category-52-kutuphane-haftasi","category-genel","tag-kutuphane-haftasi"],"_links":{"self":[{"href":"https:\/\/www.bbyhaber.com\/bby\/wp-json\/wp\/v2\/posts\/18911"}],"collection":[{"href":"https:\/\/www.bbyhaber.com\/bby\/wp-json\/wp\/v2\/posts"}],"about":[{"href":"https:\/\/www.bbyhaber.com\/bby\/wp-json\/wp\/v2\/types\/post"}],"author":[{"embeddable":true,"href":"https:\/\/www.bbyhaber.com\/bby\/wp-json\/wp\/v2\/users\/1"}],"replies":[{"embeddable":true,"href":"https:\/\/www.bbyhaber.com\/bby\/wp-json\/wp\/v2\/comments?post=18911"}],"version-history":[{"count":0,"href":"https:\/\/www.bbyhaber.com\/bby\/wp-json\/wp\/v2\/posts\/18911\/revisions"}],"wp:attachment":[{"href":"https:\/\/www.bbyhaber.com\/bby\/wp-json\/wp\/v2\/media?parent=18911"}],"wp:term":[{"taxonomy":"category","embeddable":true,"href":"https:\/\/www.bbyhaber.com\/bby\/wp-json\/wp\/v2\/categories?post=18911"},{"taxonomy":"post_tag","embeddable":true,"href":"https:\/\/www.bbyhaber.com\/bby\/wp-json\/wp\/v2\/tags?post=18911"}],"curies":[{"name":"wp","href":"https:\/\/api.w.org\/{rel}","templated":true}]}}