{"id":18897,"date":"2016-04-03T10:40:30","date_gmt":"2016-04-03T07:40:30","guid":{"rendered":"http:\/\/www.bbyhaber.com\/bby\/?p=18897"},"modified":"2016-04-03T10:40:30","modified_gmt":"2016-04-03T07:40:30","slug":"elazig-sarili-koyunde-kutuphane-acildi","status":"publish","type":"post","link":"https:\/\/www.bbyhaber.com\/bby\/2016\/04\/03\/elazig-sarili-koyunde-kutuphane-acildi","title":{"rendered":"Elaz\u0131\u011f Sar\u0131l\u0131 K\u00f6y\u00fcnde K\u00fct\u00fcphane A\u00e7\u0131ld\u0131"},"content":{"rendered":"<p style=\"text-align: justify;\"><img loading=\"lazy\" decoding=\"async\" class=\"alignleft\" src=\"http:\/\/d.elazighaber.com\/news\/6278.jpg\" alt=\"\" width=\"258\" height=\"148\" \/>\u00dclk\u00fc Ocaklar\u0131 E\u011fitim ve K\u00fclt\u00fcr Vakf\u0131 Elaz\u0131\u011f \u015eubesi taraf\u0131ndan Sar\u0131l\u0131 k\u00f6y\u00fcnde Pir-i T\u00fcrkistan Hoca Ahmet Yesevi ad\u0131n\u0131n verildi\u011fi k\u00fct\u00fcphane kuruldu. K\u00fct\u00fcphanenin a\u00e7\u0131l\u0131\u015f\u0131na \u00dclk\u00fc Ocaklar\u0131 E\u011fitim ve K\u00fclt\u00fcr Vakf\u0131 Elaz\u0131\u011f \u0130l Ba\u015fkan\u0131 Fatih Murat Ta\u015fk\u0131n, Sar\u0131l\u0131 k\u00f6y\u00fc Muhtar\u0131 Servet G\u00fclt\u00fcrk, Elaz\u0131\u011f \u00dclk\u00fc Ocaklar\u0131 E\u011fitim ve K\u00fclt\u00fcr Vakf\u0131 \u00fcyeleri ve vatanda\u015flar kat\u0131ld\u0131. Bir milletin uyan\u0131\u015f\u0131nda kitap okuman\u0131n, okutman\u0131n ve k\u00fct\u00fcphaneleri \u00f6zendirmenin \u00e7ok \u00f6nemli bir hamle oldu\u011funu belirten \u00dclk\u00fc Ocaklar\u0131 E\u011fitim ve K\u00fclt\u00fcr Vakf\u0131 Elaz\u0131\u011f \u0130l Ba\u015fkan\u0131 Fatih Murat Ta\u015fk\u0131n, &#8220;Elaz\u0131\u011f\u2019da, \u00dclk\u00fc Ocaklar\u0131 E\u011fitim ve K\u00fclt\u00fcr Vakf\u0131 olarak kurmu\u015f oldu\u011fumuz 4. K\u00fct\u00fcphanenin a\u00e7\u0131l\u0131\u015f\u0131n\u0131 yapman\u0131n gururunu ya\u015f\u0131yoruz. K\u00fct\u00fcphanemiz yakla\u015f\u0131k 3 bin kitaptan olu\u015fuyor&#8221; dedi.<!--more--><\/p>\n<p style=\"text-align: justify;\">Millet olarak \u00e7ok zor g\u00fcnler ya\u015fand\u0131\u011f\u0131n\u0131 s\u00f6yleyen Ta\u015fk\u0131n, &#8220;Bizim dini inanc\u0131m\u0131zda umutsuzlu\u011fun yeri yok. Biz T\u00fcrk milletinin etraf\u0131n\u0131 saran sinsi ku\u015fatmalar\u0131 yaraca\u011f\u0131n\u0131, d\u00fc\u015ft\u00fc\u011f\u00fc dar bo\u011fazdan kurtulaca\u011f\u0131n\u0131 biliyoruz. Peygamber efendimizin, \u2018\u00d6nce tedbir sonra tefekk\u00fcr dedi\u011fini\u2019 biliyoruz. Bize di\u015f bileyenlere kar\u015f\u0131 her t\u00fcrl\u00fc haz\u0131rl\u0131\u011f\u0131 yapmak mecburiyetindeyiz. Bunun i\u00e7in ayd\u0131nl\u0131k yar\u0131nlar ve daha g\u00fczel bir T\u00fcrkiye i\u00e7in evvela okumak diyoruz&#8221; diye konu\u015ftu.<\/p>\n<p style=\"text-align: justify;\">Konu\u015fman\u0131n ard\u0131ndan kurdele kesilerek k\u00fct\u00fcphane hizmete a\u00e7\u0131ld\u0131.<\/p>\n<p style=\"text-align: justify;\">Kaynak: http:\/\/www.elazighaber.com\/<\/p>\n","protected":false},"excerpt":{"rendered":"<p>\u00dclk\u00fc Ocaklar\u0131 E\u011fitim ve K\u00fclt\u00fcr Vakf\u0131 Elaz\u0131\u011f \u015eubesi taraf\u0131ndan Sar\u0131l\u0131 k\u00f6y\u00fcnde Pir-i T\u00fcrkistan Hoca Ahmet Yesevi ad\u0131n\u0131n verildi\u011fi k\u00fct\u00fcphane kuruldu. K\u00fct\u00fcphanenin a\u00e7\u0131l\u0131\u015f\u0131na \u00dclk\u00fc Ocaklar\u0131 E\u011fitim ve K\u00fclt\u00fcr Vakf\u0131 Elaz\u0131\u011f \u0130l Ba\u015fkan\u0131 Fatih Murat Ta\u015fk\u0131n, Sar\u0131l\u0131 k\u00f6y\u00fc Muhtar\u0131 Servet G\u00fclt\u00fcrk, Elaz\u0131\u011f \u00dclk\u00fc Ocaklar\u0131 E\u011fitim ve K\u00fclt\u00fcr Vakf\u0131 \u00fcyeleri ve vatanda\u015flar kat\u0131ld\u0131. Bir milletin uyan\u0131\u015f\u0131nda kitap okuman\u0131n, [&hellip;]<\/p>\n","protected":false},"author":1,"featured_media":0,"comment_status":"open","ping_status":"open","sticky":false,"template":"","format":"standard","meta":{"footnotes":""},"categories":[1,1498],"tags":[],"class_list":["post-18897","post","type-post","status-publish","format-standard","hentry","category-genel","category-koy-kutuphaneleri"],"_links":{"self":[{"href":"https:\/\/www.bbyhaber.com\/bby\/wp-json\/wp\/v2\/posts\/18897"}],"collection":[{"href":"https:\/\/www.bbyhaber.com\/bby\/wp-json\/wp\/v2\/posts"}],"about":[{"href":"https:\/\/www.bbyhaber.com\/bby\/wp-json\/wp\/v2\/types\/post"}],"author":[{"embeddable":true,"href":"https:\/\/www.bbyhaber.com\/bby\/wp-json\/wp\/v2\/users\/1"}],"replies":[{"embeddable":true,"href":"https:\/\/www.bbyhaber.com\/bby\/wp-json\/wp\/v2\/comments?post=18897"}],"version-history":[{"count":0,"href":"https:\/\/www.bbyhaber.com\/bby\/wp-json\/wp\/v2\/posts\/18897\/revisions"}],"wp:attachment":[{"href":"https:\/\/www.bbyhaber.com\/bby\/wp-json\/wp\/v2\/media?parent=18897"}],"wp:term":[{"taxonomy":"category","embeddable":true,"href":"https:\/\/www.bbyhaber.com\/bby\/wp-json\/wp\/v2\/categories?post=18897"},{"taxonomy":"post_tag","embeddable":true,"href":"https:\/\/www.bbyhaber.com\/bby\/wp-json\/wp\/v2\/tags?post=18897"}],"curies":[{"name":"wp","href":"https:\/\/api.w.org\/{rel}","templated":true}]}}