{"id":18892,"date":"2016-04-02T11:00:25","date_gmt":"2016-04-02T08:00:25","guid":{"rendered":"http:\/\/www.bbyhaber.com\/bby\/?p=18892"},"modified":"2016-04-24T18:06:56","modified_gmt":"2016-04-24T15:06:56","slug":"21-izmir-kitap-fuari-16-24-nisan-2016uluslararasi-izmir-fuar-alani","status":"publish","type":"post","link":"https:\/\/www.bbyhaber.com\/bby\/2016\/04\/02\/21-izmir-kitap-fuari-16-24-nisan-2016uluslararasi-izmir-fuar-alani","title":{"rendered":"21.\u0130zmir Kitap Fuar\u0131-16-24 Nisan 2016,Uluslararas\u0131 \u0130zmir Fuar Alan\u0131"},"content":{"rendered":"<p style=\"text-align: justify;\" align=\"justify\"><img loading=\"lazy\" decoding=\"async\" class=\"alignleft\" src=\"http:\/\/www.izmir.com.tr\/Images\/Events\/thumbs3\/event31075.jpg\" alt=\"\" width=\"132\" height=\"219\" \/>Kurulu\u015fumuz\u00a0<strong>T\u00fcyap T\u00fcm Fuarc\u0131l\u0131k Yap\u0131m A.\u015e.<\/strong>\u00a0taraf\u0131ndan,\u00a0<strong>T\u00fcrkiye Yay\u0131nc\u0131lar Birli\u011fi<\/strong>\u00a0i\u015fbirli\u011fiyle haz\u0131rlanan\u00a0<strong>21. \u0130zmir Kitap Fuar\u0131, 16-24 Nisan 2016\u00a0<\/strong>tarihleri aras\u0131nda her zamanki yerinde<strong>Uluslararas\u0131 \u0130zmir Fuar Alan\u0131\u2019nda (K\u00fclt\u00fcrpark)\u00a0<\/strong>d\u00fczenlenecektir. \u0130zmirli \u015fair-yazar\u00a0<strong>H\u00fcseyin Yurtta\u015f<\/strong>, 21. \u0130zmir Kitap Fuar\u0131\u2019n\u0131n onur konu\u011fu olacak. 1946 y\u0131l\u0131nda Fo\u00e7a\u2019da d\u00fcnyaya gelen H\u00fcseyin Yurtta\u015f, Edirne Erkek \u0130lk\u00f6\u011fretmen Okulu\u2019ndan mezun olduktan sonra 1983 y\u0131l\u0131na kadar \u00e7e\u015fitli illerde \u00f6\u011fretmenlik yapm\u0131\u015ft\u0131r. \u015eiirleriyle 1960 sonras\u0131n\u0131n ikinci ku\u015fak \u015fairleri aras\u0131nda toplumcu y\u00f6n\u00fcyle dikkat \u00e7eken Yurtta\u015f, \u0130zmir merkezli sanat ve edebiyat dergileri D\u00f6neme\u00e7 ve \u00dcnlem\u2019in \u00e7\u0131k\u0131\u015f\u0131na ve yay\u0131m\u0131na katk\u0131da bulunmu\u015ftur. \u00d6yk\u00fc, roman, \u015fiir ve \u00e7ocuk kitaplar\u0131 bulunan H\u00fcseyin Yurtta\u015f, \u00f6nemli edebiyat \u00f6d\u00fcllerinin de sahibidir.<!--more--><\/p>\n<p style=\"text-align: justify;\" align=\"justify\">Bu y\u0131l 400 yay\u0131nevi ve sivil toplum kurulu\u015funun kat\u0131l\u0131m\u0131yla ger\u00e7ekle\u015fecek 21. \u0130zmir Kitap Fuar\u0131,\u00a0 yakla\u015f\u0131k 150 k\u00fclt\u00fcr etkinli\u011fine ev sahipli\u011fi yapacakt\u0131r. Fuar boyunca kendisinin de kat\u0131l\u0131m\u0131yla onur konu\u011fumuz H\u00fcseyin Yurtta\u015f i\u00e7in \u00e7e\u015fitli paneller ve s\u00f6yle\u015filer d\u00fczenlenecektir.<\/p>\n<p style=\"text-align: justify;\" align=\"justify\">T\u00dcYAP, edebiyat\u0131m\u0131z\u0131n b\u00fcy\u00fck ustalar\u0131n\u0131 100. ya\u015flar\u0131nda sayg\u0131yla an\u0131yor. Kitap Fuar\u0131, \u0130zmir\u2019de Beh\u00e7et Necatigil\u2019in 100. ya\u015f\u0131n\u0131 kutlamaya haz\u0131rlan\u0131yor. Fuar s\u00fcresince Necatigil\u2019in ya\u015fam\u0131 ve eserleri s\u00f6yle\u015fi ve panellerle ele al\u0131nacakt\u0131r.<\/p>\n<p style=\"text-align: justify;\" align=\"justify\">Giri\u015fin \u00fccretsiz oldu\u011fu 21. \u0130zmir Kitap Fuar\u0131, 16-23 Nisan 2016 tarihleri aras\u0131nda 11.00-20.00, fuar\u0131n son g\u00fcn\u00fc olan 24 Nisan 2016 tarihinde ise 11.00-19.00 saatleri aras\u0131nda ziyaret edilebilir.<\/p>\n<p style=\"text-align: justify;\" align=\"justify\"><span style=\"color: #ff0000;\"><a href=\"http:\/\/www.izmirkitapfuari.com\/index.php?main=etkinlik\" target=\"_blank\"><span style=\"color: #ff0000;\">Fuar Program\u0131 i\u00e7in t\u0131klay\u0131n\u0131z.<\/span><\/a><\/span><\/p>\n<p style=\"text-align: justify;\" align=\"justify\"><strong><span style=\"color: #0000ff;\">21. \u0130ZM\u0130R K\u0130TAP FUARI ONUR KONU\u011eU H\u00dcSEY\u0130N YURTTA\u015e<\/span><\/strong><\/p>\n<p>H\u00fcseyin Yurtta\u015f, 1946 y\u0131l\u0131nda Fo\u00e7a\u2019n\u0131n Kozbeyli K\u00f6y\u00fc\u2019nde do\u011fdu. \u0130lkokulu k\u00f6y\u00fcnde, ortaokulu Menemen\u2019de okudu. Paras\u0131z yat\u0131l\u0131 okudu\u011fu Edirne Erkek \u00d6\u011fretmen Okulu\u2019ndan 1964 y\u0131l\u0131nda mezun oldu. Van (\u00d6zalp), Amasya (G\u00fcm\u00fc\u015fhac\u0131k\u00f6y), \u0130zmir (\u00d6demi\u015f, Fo\u00e7a) illerine ba\u011fl\u0131 k\u00f6ylerde on y\u0131l \u00e7al\u0131\u015ft\u0131ktan sonra \u0130zmir merkezine atand\u0131. \u00c7e\u015fitli okullarda \u00e7al\u0131\u015ft\u0131. On ay kadar Merkez \u0130l\u00e7e (sonradan Konak il\u00e7esi\u2026) Halk E\u011fitimi Merkezi\u2019nde m\u00fcd\u00fcr yard\u0131mc\u0131l\u0131\u011f\u0131 yapt\u0131 (1979). Bu g\u00f6revinden ayr\u0131l\u0131p tekrar \u00f6\u011fretmenli\u011fe d\u00f6nd\u00fc. 1983 y\u0131l\u0131nda \u00f6\u011fretmenlikten istifa etti. Bir s\u00fcre yay\u0131nc\u0131l\u0131k ve da\u011f\u0131t\u0131mc\u0131l\u0131k i\u015fiyle u\u011fra\u015ft\u0131. Daha sonra, yaln\u0131zca yazarak ya\u015famaya \u00e7al\u0131\u015ft\u0131\u011f\u0131 bir d\u00f6nemin ard\u0131ndan\u00a0 (sonradan Atat\u00fcrk Kitapl\u0131\u011f\u0131 ad\u0131n\u0131 alacak olan) Bornova Belediye Kitapl\u0131\u011f\u0131 ve Okumaevi\u2019ni kurdu. Bu g\u00f6revinden 1994 y\u0131l\u0131nda ayr\u0131larak emekli oldu.<\/p>\n<p>H\u00fcseyin Yurtta\u015f\u2019\u0131n ilk \u015fiiri, Ke\u015fan\u2019da yay\u0131mlanan \u00d6nder gazetesinde yay\u0131mland\u0131. (3.1.1973). Daha sonra da \u00e7e\u015fitli gazete ve dergilerde \u015fiir ve yaz\u0131 yay\u0131mlamaya devam eden Yurtta\u015f,\u00a0 arkada\u015flar\u0131yla birlikte \u0130zmir\u2019in en uzun \u00f6m\u00fcrl\u00fc edebiyat dergisi D\u00f6neme\u00e7\u2019i \u00e7\u0131kard\u0131. An\u0131, anekdot ve d\u00fc\u015f\u00fcncelerini i\u00e7eren deneme tad\u0131ndaki yaz\u0131lar\u0131na yer verdi\u011fi \u201cCumartesi Sohbeti\u201d adl\u0131 k\u00f6\u015fesiyle, 1995-2001 y\u0131llar\u0131 aras\u0131nda Yeni As\u0131r gazetesinde yer ald\u0131. 2003\u2019te yay\u0131mlanmaya ba\u015flayan \u00dcnlem dergisinin \u00e7\u0131k\u0131\u015f\u0131na ve yay\u0131m\u0131na katk\u0131da bulundu.<\/p>\n<p>Yurtta\u015f, yazma ser\u00fcveninin ba\u015flar\u0131ndan itibaren \u015fiir d\u0131\u015f\u0131ndaki alanlara da ilgi g\u00f6sterdi. Kalemini,\u00a0 deneme, an\u0131, g\u00fcncel yaz\u0131, \u00f6yk\u00fc, oyun ve romanda da s\u0131nad\u0131. \u00d6\u011fretmenli\u011fi nedeniyle yak\u0131ndan tan\u0131k oldu\u011fu \u00e7ocuk edebiyat\u0131ndaki yetersizli\u011fi ve d\u00fczeysizli\u011fi -kar\u0131nca karar\u0131nca- gidermek d\u00fc\u015f\u00fcncesiyle, 1975 y\u0131l\u0131ndan itibaren bu alanda \u00fcr\u00fcn vermeye ba\u015flad\u0131. \u00c7ok say\u0131daki \u00e7ocuk kitab\u0131na imza att\u0131. Zamanla bu alandaki \u00f6nemli imzalardan biri haline geldi. T\u00d6MER\u2019in 1997 y\u0131l\u0131nda d\u00fczenledi\u011fi ankette en ba\u015far\u0131l\u0131 on \u00e7ocuk yazar\u0131 aras\u0131na girerek \u00f6d\u00fcl ald\u0131. \u015eiir kitaplar\u0131yla \u00fclkemizin \u00f6nemli \u00f6d\u00fcllerini kazand\u0131.<\/p>\n<p>T\u00fcrkiye \u00d6\u011fretmenler Sendikas\u0131 (T\u00d6S), T\u00d6B-DER gibi meslek \u00f6rg\u00fctleri \u00fcyesiydi. \u00d6\u011fretmenli\u011fi s\u00fcrerken T\u00fcrkiye Yazarlar Sendikas\u0131\u2019na \u00fcye oldu. Daha sonra PEN Yazarlar Derne\u011fi (T\u00fcrkiye) \u00fcyesi oldu\u011fu gibi, merkezi Ankara\u2019da bulunan Edebiyat\u00e7\u0131lar Derne\u011fi\u2019nin kurulu\u015funa kat\u0131ld\u0131 ve bu derne\u011fi \u0130zmir\u2019de \u00f6rg\u00fctledi.<\/p>\n<p>1979 y\u0131l\u0131nda siyasi olarak ciddi bi\u00e7imde can g\u00fcvenli\u011fi sorunu ya\u015fad\u0131. 1993 y\u0131l\u0131ndaald\u0131\u011f\u0131 tehditlerin bo\u015f korkutma giri\u015fimleri oldu\u011funu, \u00e7al\u0131\u015ft\u0131\u011f\u0131 Bornova Bedediyesi Okumaevi\u2019nde koruma alt\u0131nda ya\u015fad\u0131\u011f\u0131 s\u00fcre\u00e7te kendisi ortaya \u00e7\u0131kard\u0131. Ancak, Emniyet, korumay\u0131 bir s\u00fcre daha s\u00fcrd\u00fcrd\u00fc.<\/p>\n<p>1989 y\u0131l\u0131nda \u0130zmir\u2019in Alia\u011fa il\u00e7esine ba\u011fl\u0131 \u00c7akmakl\u0131 k\u00f6y\u00fcne termik santral kurulaca\u011f\u0131n\u0131 \u00f6\u011frenince, \u0130zmir\u2019deki \u00e7evrecilerin harekete ge\u00e7mesini sa\u011flad\u0131. \u0130zmir-Alia\u011fa aras\u0131nda kurulan \u201cinsan zinciri\u201d gibi efsanevi direni\u015f eylemlerinde ve bu konuda g\u00fcn\u00fcm\u00fcze kadar uzanan m\u00fccadelelerde en \u00f6ndeki adlardan biri oldu.<\/p>\n<p>Toplumcu (ya da \u2018toplumsal\u2019) ger\u00e7ek\u00e7i sanat anlay\u0131\u015f\u0131n\u0131 benimseyen bir \u015fair ve yazar olan H\u00fcseyin Yurtta\u015f, yazd\u0131klar\u0131nda oldu\u011fu gibi, ya\u015fam \u00e7izgisinde de toplumculu\u011fu, a\u00e7\u0131k kimliklili\u011fi ve a\u00e7\u0131k s\u00f6zl\u00fcl\u00fc\u011f\u00fc ilke edindi.<\/p>\n<p>YAPITLARI<\/p>\n<p>\u015e\u0130\u0130R:<br \/>\n\u0130lk \u0130\u015fim Uyanmak (1970)<br \/>\nGelincik G\u00fcnleri (1977)<br \/>\nUzun Yollar Yolcusu (1978)<br \/>\nUzun\u00e7alar (1979)<br \/>\nSanayi \u00c7ar\u015f\u0131s\u0131 (1980\u00a0 -1980 Nevzat \u00dcst\u00fcn \u015eiir Ba\u015far\u0131 \u00d6d\u00fcl\u00fc)<br \/>\nGecede Kanat Sesleri (1984 -1982 \u00d6mer Faruk Toprak \u015eiir \u00d6d\u00fcl\u00fc, mansiyon)<br \/>\n\u00c7\u00fcr\u00fcme (1986)<br \/>\nKod Ad\u0131: Mansur (1993 -1992 Ceyhun Atuf Kansu \u015eiir \u00d6d\u00fcl\u00fc)<br \/>\nKirli Tarih\u00a0 (1993 -1993 Yunus Nadi Yay\u0131mlanmam\u0131\u015f \u015eiir \u00d6d\u00fcl\u00fc, 1994 Cevdet Kudret\u00a0 Edebiyat \u00d6d\u00fcl\u00fc)<br \/>\nSevgiden \u00d6tesi Cehennem (1995)<br \/>\nYirminci Y\u00fczy\u0131l A\u011f\u0131tlar\u0131 (1996)<br \/>\nA\u015fklar\u0131n Gizli Defteri (1998)<br \/>\nA\u015fka Bahar Yetmez (2001)<br \/>\nRa (2005)<br \/>\nKay\u0131p \u0130klimler (2007)<br \/>\nSevgiler Kanarken (2012 &#8211; 2012 Melih Cevdet Anday \u015eiir \u00d6d\u00fcl\u00fc)<br \/>\nBir Senfonidir Ya\u015famak (2014)<br \/>\n\u00c7anakkale \u0130\u00e7inde (2015)<\/p>\n<p>DENEME \/ ANI \/ S\u00d6YLE\u015e\u0130:<br \/>\nAyna K\u0131r\u0131klar\u0131:<\/p>\n<p>Bir S\u0131cak Merhaba (1996)<br \/>\nBu \u015eehir, Bu Topraklar (1999)<br \/>\nK\u0131\u015f Masallar\u0131 (2001)<br \/>\n\u00d6zg\u00fcrl\u00fck \u00c7i\u00e7ekleri (2005)<br \/>\nD\u00fc\u015flerde U\u00e7mak (2006)<br \/>\nMolek\u00fcl\u00a0 -\u00c7ocukluk ve Gen\u00e7lik An\u0131lar\u0131- (2008)<br \/>\nOnlar\u0131 Tan\u0131d\u0131m -An\u0131larla Portreler- (2014)<\/p>\n<p>\u00d6YK\u00dc:<br \/>\n\u00d6mr\u00fcn Iss\u0131z G\u00fcnleri (2001)<br \/>\nBu\u011fulu Camlar\u0131n Ard\u0131 (2007)<br \/>\nA\u015fk \u0130zleri (2014)<\/p>\n<p>ROMAN:<br \/>\nSakl\u0131 Kimlik (2003)<br \/>\nGDO \u00dclkesi -Gen\u00e7lik\/Bilim kurgu- (2005)<br \/>\nRobotlar \u00dclkesi -Gen\u00e7lik\/Bilim Kurgu- (2008)<br \/>\nYaz Arkada\u015flar\u0131\/ 1. Kara\u00e7al\u0131 \u00c7etesinin \u0130zinde (2010)<br \/>\n2. Ma\u011faradaki \u0130skelet (2012)<br \/>\n3. Farta Kartal\u0131 (2014)<br \/>\nMucizeler \u00c7itfli\u011fi (2012)<\/p>\n<p>OYUN:<br \/>\nBask\u0131y\u0131 Durdur Usta (Devlet Tiyatrolar\u0131 repertuvar\u0131na al\u0131nm\u0131\u015ft\u0131r.)<br \/>\n\u00c7\u0131nar Dede (Yazar\u0131n kendi \u00e7ocuk kitab\u0131ndan uyarlad\u0131\u011f\u0131 oyun, Devlet Tiyatrolar\u0131<br \/>\nrepertuvar\u0131na al\u0131nm\u0131\u015ft\u0131r.)<\/p>\n<p>\u00c7OCUK K\u0130TAPLARI: (1975-2016)<br \/>\nG\u00fcvercin Kayalar\u0131<br \/>\nE\u015fekler Cenneti<br \/>\nAstronot \u00c7ekirge<br \/>\n\u00c7\u0131nar Dede (Yazar taraf\u0131ndan oyunla\u015ft\u0131r\u0131lm\u0131\u015f ve Devlet Tiyatrolar\u0131 repertuar\u0131na al\u0131nm\u0131\u015ft\u0131r.)<br \/>\n\u00c7aml\u0131 Kuledeki Giz<br \/>\nBeyaz Bisiklet<br \/>\nUzayl\u0131lar Gelince<br \/>\nC\u00fcceler Gezegeni<br \/>\nSevgiyle D\u00f6ns\u00fcn D\u00fcnya (1992 \u00c7ankaya Belediyesi ve Damar Dergisi \u0130lkbahar \u00d6d\u00fclleri \u00c7ocuk \u015eiiri Birincili\u011fi)<br \/>\nK\u00f6r Kaptan\u0131n Ser\u00fcvenleri<br \/>\nSakar Tay<br \/>\nTav\u015fanc\u0131 Dede<br \/>\nMavi Bilye<br \/>\nAk\u0131ll\u0131 K\u00f6pek Alaba\u015f<br \/>\nDa\u011fa D\u00fc\u015fen U\u00e7ak<br \/>\nK\u00fc\u00e7\u00fck Telsizci<br \/>\nIrmak \u00c7ocuklar\u0131<br \/>\nDeli U\u00e7urtma<br \/>\nK\u00fc\u00e7\u00fck Bal\u0131k\u00e7\u0131lar<br \/>\nK\u0131y\u0131daki Tekne<br \/>\nG\u00fclce K\u0131z\u0131n D\u00fc\u015fleri<br \/>\nH\u0131nz\u0131r \u00c7i\u00e7ek<br \/>\nSar\u0131bey<br \/>\nKonu\u015fan Kukla<br \/>\nAslan \u0130bi\u015f<br \/>\nArkada\u015f\u0131m Cingo<br \/>\nMerakl\u0131 Maymun<br \/>\nCing\u00f6z Bal\u0131k<br \/>\nH\u0131nz\u0131r Kelebek<br \/>\nNiyet Tav\u015fan\u0131<br \/>\nKahraman Kazlar<br \/>\nYaral\u0131 Fok<br \/>\nHayvanlar \u015eenli\u011fi<br \/>\nHasan Dede\u2019nin Hayvanlar\u0131.<br \/>\nKorkak Pati<br \/>\nBenim Mavi Gezegenim<br \/>\nBu D\u00fcnya Hepimizin<br \/>\nBizim Evde Vampir Var<br \/>\nBizim Soka\u011f\u0131n Hayvanlar\u0131<br \/>\nDeney Faresi<br \/>\nR\u00fczg\u00e2r\u0131n Oyunu<br \/>\nKa\u015f\u0131k\u00e7\u0131 K\u00f6pr\u00fcs\u00fc<br \/>\nK\u00fc\u00e7\u00fck Kafadarlar<br \/>\nKarde\u015fim Benim<br \/>\nKu\u015flar korosu<br \/>\nK\u00fcpeli O\u011flak<br \/>\n\u015eu Benim Sahibim<\/p>\n<p>G\u00fcne\u015f \u00dclkesi\u2019nde Gezi \/ Edirne K\u00f6pr\u00fclerinden Yeditepe \u0130stanbul\u2019a<\/p>\n","protected":false},"excerpt":{"rendered":"<p>Kurulu\u015fumuz\u00a0T\u00fcyap T\u00fcm Fuarc\u0131l\u0131k Yap\u0131m A.\u015e.\u00a0taraf\u0131ndan,\u00a0T\u00fcrkiye Yay\u0131nc\u0131lar Birli\u011fi\u00a0i\u015fbirli\u011fiyle haz\u0131rlanan\u00a021. \u0130zmir Kitap Fuar\u0131, 16-24 Nisan 2016\u00a0tarihleri aras\u0131nda her zamanki yerindeUluslararas\u0131 \u0130zmir Fuar Alan\u0131\u2019nda (K\u00fclt\u00fcrpark)\u00a0d\u00fczenlenecektir. \u0130zmirli \u015fair-yazar\u00a0H\u00fcseyin Yurtta\u015f, 21. \u0130zmir Kitap Fuar\u0131\u2019n\u0131n onur konu\u011fu olacak. 1946 y\u0131l\u0131nda Fo\u00e7a\u2019da d\u00fcnyaya gelen H\u00fcseyin Yurtta\u015f, Edirne Erkek \u0130lk\u00f6\u011fretmen Okulu\u2019ndan mezun olduktan sonra 1983 y\u0131l\u0131na kadar \u00e7e\u015fitli illerde \u00f6\u011fretmenlik yapm\u0131\u015ft\u0131r. \u015eiirleriyle 1960 [&hellip;]<\/p>\n","protected":false},"author":1,"featured_media":0,"comment_status":"open","ping_status":"open","sticky":false,"template":"","format":"standard","meta":{"footnotes":""},"categories":[1493,588],"tags":[],"class_list":["post-18892","post","type-post","status-publish","format-standard","hentry","category-kitap-fuarlari-2","category-kitap-fuarlari"],"_links":{"self":[{"href":"https:\/\/www.bbyhaber.com\/bby\/wp-json\/wp\/v2\/posts\/18892"}],"collection":[{"href":"https:\/\/www.bbyhaber.com\/bby\/wp-json\/wp\/v2\/posts"}],"about":[{"href":"https:\/\/www.bbyhaber.com\/bby\/wp-json\/wp\/v2\/types\/post"}],"author":[{"embeddable":true,"href":"https:\/\/www.bbyhaber.com\/bby\/wp-json\/wp\/v2\/users\/1"}],"replies":[{"embeddable":true,"href":"https:\/\/www.bbyhaber.com\/bby\/wp-json\/wp\/v2\/comments?post=18892"}],"version-history":[{"count":0,"href":"https:\/\/www.bbyhaber.com\/bby\/wp-json\/wp\/v2\/posts\/18892\/revisions"}],"wp:attachment":[{"href":"https:\/\/www.bbyhaber.com\/bby\/wp-json\/wp\/v2\/media?parent=18892"}],"wp:term":[{"taxonomy":"category","embeddable":true,"href":"https:\/\/www.bbyhaber.com\/bby\/wp-json\/wp\/v2\/categories?post=18892"},{"taxonomy":"post_tag","embeddable":true,"href":"https:\/\/www.bbyhaber.com\/bby\/wp-json\/wp\/v2\/tags?post=18892"}],"curies":[{"name":"wp","href":"https:\/\/api.w.org\/{rel}","templated":true}]}}