{"id":18865,"date":"2016-04-01T10:46:54","date_gmt":"2016-04-01T07:46:54","guid":{"rendered":"http:\/\/www.bbyhaber.com\/bby\/?p=18865"},"modified":"2016-04-01T10:46:54","modified_gmt":"2016-04-01T07:46:54","slug":"asiklar-kutuphane-haftasinda-atisti","status":"publish","type":"post","link":"https:\/\/www.bbyhaber.com\/bby\/2016\/04\/01\/asiklar-kutuphane-haftasinda-atisti","title":{"rendered":"A\u015f\u0131klar, k\u00fct\u00fcphane haftas\u0131nda at\u0131\u015ft\u0131"},"content":{"rendered":"<p style=\"text-align: justify;\"><img loading=\"lazy\" decoding=\"async\" class=\"alignleft\" src=\"http:\/\/www.nazilliadalet.org\/images\/haberler\/asiklar_kutuphane_haftasinda_atisti_h1225721.jpg\" alt=\"\" width=\"261\" height=\"163\" \/>Ayd\u0131n \u0130l Halk K\u00fct\u00fcphanesi taraf\u0131ndan 52. K\u00fct\u00fcphane Haftas\u0131 kapmas\u0131nda gen\u00e7lere T\u00fcrk k\u00fclt\u00fcr\u00fcn\u00fcn \u00f6nemli bir par\u00e7as\u0131 olan A\u015f\u0131k at\u0131\u015fmalar\u0131n\u0131 tan\u0131tmak ve k\u00fct\u00fcphanede kitap okuman\u0131n \u00f6nemine dikkat \u00e7ekmek i\u00e7in \u2018Halk A\u015f\u0131klar\u0131 At\u0131\u015fmas\u0131\u2019 d\u00fczenledi.\u00a0 Ayd\u0131n \u0130l Halk K\u00fct\u00fcphanesi \u00a0konferans salonunda yap\u0131lan etkinli\u011fe Ayd\u0131n \u0130l K\u00fclt\u00fcr ve Turizm m\u00fcd\u00fcr\u00fc Nuri Aktakka, Ayd\u0131n \u0130l Halk K\u00fct\u00fcphanesi m\u00fcd\u00fcr\u00fc Ahmet Kaya, davetliler ve \u00f6\u011frenciler kat\u0131ld\u0131.<!--more--><\/p>\n<div style=\"text-align: justify;\">\u00a0 T\u00f6renin a\u00e7\u0131l\u0131\u015f konu\u015fmas\u0131n\u0131 yapan Ayd\u0131n \u0130l K\u00fclt\u00fcr ve Turizm m\u00fcd\u00fcr\u00fc Nuri Aktakka, \u00a0A\u015f\u0131kl\u0131\u011f\u0131n T\u00fcrk gelene\u011fi ve k\u00fclt\u00fcr\u00fcn\u00fcn bir par\u00e7as\u0131 oldu\u011funu s\u00f6yledi. Davetlilerin ve \u00f6\u011frencilerin beklide ilk defa a\u015f\u0131k at\u0131\u015fmas\u0131na \u015fahit olabilece\u011fine de\u011finen Aktakka, \u201cBize d\u00fc\u015fen gelene\u011fimiz ve k\u00fclt\u00fcr\u00fcm\u00fcz olan a\u015f\u0131k at\u0131\u015fmalar\u0131n\u0131 ya\u015fatmak ve tan\u0131tmak.bunun i\u00e7in \u00e7e\u015fitli etkinliklere destek verip sahnelemeye \u00e7al\u0131\u015f\u0131yoruz. Bu k\u00fclt\u00fcr\u00fc sizleri tan\u0131tmaya vesile olmaktan b\u00fcy\u00fck memnuniyet duyuyoruz. Bu edebiyat\u0131n \u00f6zelli\u011fi, anonim olmas\u0131d\u0131r. \u00d6nceden haz\u0131rl\u0131\u011f\u0131 yoktur. \u015eiirde oldu\u011fu gibi \u00f6l\u00e7\u00fc kafiye haz\u0131r de\u011fildir. Her \u015fey o anda kafada ba\u015flar \u00f6l\u00e7\u00fc, kafiye hepsi sahnede yap\u0131l\u0131r\u201d dedi.<\/div>\n<div style=\"text-align: justify;\"><strong>\u00a0E\u011eLEND\u0130R\u0130RKEN D\u00dc\u015e\u00dcND\u00dcRD\u00dcLER<\/strong><\/div>\n<div style=\"text-align: justify;\">At\u0131\u015fmaya ba\u015flamadan \u00f6nce k\u0131sa bir konu\u015fma yapan Muhsin \u00d6zen, \u2018Mehmet bey ile hep kar\u015f\u0131 kar\u015f\u0131ya gelirdik bug\u00fcn de Ayd\u0131n\u2019da kar\u015f\u0131 kar\u015f\u0131yay\u0131z. Sahnede baba o\u011flu tan\u0131maz bu meydan \u00f6yle bir meydan\u2019 dedi. \u00a0Kaptani Mehmet K\u00f6\u015fe de cevap olarak \u2018En g\u00fczel s\u00f6z sazla s\u00f6ylenen s\u00f6zd\u00fcr\u2019 deyip at\u0131\u015fmay\u0131 ba\u015flatt\u0131. Hem \u00f6\u011frencilerle sohbet edip hem de sazla at\u0131\u015fan a\u015f\u0131klar gerek konu ba\u015fl\u0131klar\u0131 olsun gerekse \u015fiirleriyle salondakileri e\u011flendirirken d\u00fc\u015f\u00fcnd\u00fcrd\u00fcler. A\u015f\u0131klar, hem K\u00fct\u00fcphane Haftas\u0131 hem de Atat\u00fcrk ve T\u00fcrkiye i\u00e7in saz \u00e7ald\u0131lar. Ayd\u0131nl\u0131 Halk Ozan\u0131 Davazl\u0131 S\u00fcleyman \u0130ncedal\u2019\u0131n okudu\u011fu \u015fiir de a\u015f\u0131klar\u0131n at\u0131\u015fmas\u0131na renk katt\u0131. At\u0131\u015fman\u0131n sonunda her iki Ozan\u2019da kat\u0131lan \u00f6\u011frencilere, \u00f6\u011fretmenlere ve etkinli\u011fi d\u00fczenleyen Ayd\u0131n \u0130l Halk K\u00fct\u00fcphanesi\u2019ne te\u015fekk\u00fcrlerini sundu. Ayr\u0131ca Ayd\u0131n \u0130l Halk K\u00fct\u00fcphanesi olarak ozanlara kat\u0131l\u0131mlar\u0131ndan dolay\u0131 te\u015fekk\u00fcr belgeleri verildi.<\/div>\n<div style=\"text-align: justify;\">Kaynak: http:\/\/www.nazilliadalet.org\/<\/div>\n","protected":false},"excerpt":{"rendered":"<p>Ayd\u0131n \u0130l Halk K\u00fct\u00fcphanesi taraf\u0131ndan 52. K\u00fct\u00fcphane Haftas\u0131 kapmas\u0131nda gen\u00e7lere T\u00fcrk k\u00fclt\u00fcr\u00fcn\u00fcn \u00f6nemli bir par\u00e7as\u0131 olan A\u015f\u0131k at\u0131\u015fmalar\u0131n\u0131 tan\u0131tmak ve k\u00fct\u00fcphanede kitap okuman\u0131n \u00f6nemine dikkat \u00e7ekmek i\u00e7in \u2018Halk A\u015f\u0131klar\u0131 At\u0131\u015fmas\u0131\u2019 d\u00fczenledi.\u00a0 Ayd\u0131n \u0130l Halk K\u00fct\u00fcphanesi \u00a0konferans salonunda yap\u0131lan etkinli\u011fe Ayd\u0131n \u0130l K\u00fclt\u00fcr ve Turizm m\u00fcd\u00fcr\u00fc Nuri Aktakka, Ayd\u0131n \u0130l Halk K\u00fct\u00fcphanesi m\u00fcd\u00fcr\u00fc Ahmet Kaya, davetliler [&hellip;]<\/p>\n","protected":false},"author":1,"featured_media":0,"comment_status":"open","ping_status":"open","sticky":false,"template":"","format":"standard","meta":{"footnotes":""},"categories":[1471,1],"tags":[1461],"class_list":["post-18865","post","type-post","status-publish","format-standard","hentry","category-52-kutuphane-haftasi","category-genel","tag-kutuphane-haftasi"],"_links":{"self":[{"href":"https:\/\/www.bbyhaber.com\/bby\/wp-json\/wp\/v2\/posts\/18865"}],"collection":[{"href":"https:\/\/www.bbyhaber.com\/bby\/wp-json\/wp\/v2\/posts"}],"about":[{"href":"https:\/\/www.bbyhaber.com\/bby\/wp-json\/wp\/v2\/types\/post"}],"author":[{"embeddable":true,"href":"https:\/\/www.bbyhaber.com\/bby\/wp-json\/wp\/v2\/users\/1"}],"replies":[{"embeddable":true,"href":"https:\/\/www.bbyhaber.com\/bby\/wp-json\/wp\/v2\/comments?post=18865"}],"version-history":[{"count":0,"href":"https:\/\/www.bbyhaber.com\/bby\/wp-json\/wp\/v2\/posts\/18865\/revisions"}],"wp:attachment":[{"href":"https:\/\/www.bbyhaber.com\/bby\/wp-json\/wp\/v2\/media?parent=18865"}],"wp:term":[{"taxonomy":"category","embeddable":true,"href":"https:\/\/www.bbyhaber.com\/bby\/wp-json\/wp\/v2\/categories?post=18865"},{"taxonomy":"post_tag","embeddable":true,"href":"https:\/\/www.bbyhaber.com\/bby\/wp-json\/wp\/v2\/tags?post=18865"}],"curies":[{"name":"wp","href":"https:\/\/api.w.org\/{rel}","templated":true}]}}