{"id":18862,"date":"2016-04-01T10:43:52","date_gmt":"2016-04-01T07:43:52","guid":{"rendered":"http:\/\/www.bbyhaber.com\/bby\/?p=18862"},"modified":"2016-04-01T14:31:45","modified_gmt":"2016-04-01T11:31:45","slug":"alevi-inanc-merkezi-sahkulunda-kutuphane-haftasi-kutlamasi","status":"publish","type":"post","link":"https:\/\/www.bbyhaber.com\/bby\/2016\/04\/01\/alevi-inanc-merkezi-sahkulunda-kutuphane-haftasi-kutlamasi","title":{"rendered":"Alevi inan\u00e7 merkezi \u015eahkulu&#8217;nda K\u00fct\u00fcphane Haftas\u0131 kutlamas\u0131"},"content":{"rendered":"<p style=\"text-align: justify;\"><img loading=\"lazy\" decoding=\"async\" class=\"alignleft\" src=\"http:\/\/sahkulu.org\/wp-content\/uploads\/2016\/01\/son.png\" alt=\"\" width=\"231\" height=\"164\" \/><strong>T\u00fcrkiye&#8217;de ilk kez bir alevi inan\u00e7 merkezi k\u00fct\u00fcphane haftas\u0131n\u0131 kutluyor<\/strong>. 687 y\u0131ll\u0131k ge\u00e7mi\u015fi olan Bekta\u015fi Tekkesi \u015eahkulu Sultan Dergah\u0131 bu ak\u015fam k\u00fct\u00fcphanecileri konuk edecek. \u015eahkulu Sultan Vakf\u0131 Alevi Bilgi Merkezi taraf\u0131ndan d\u00fczenlenen \u201cAnadolu&#8217;da \u00c7okk\u00fclt\u00fcrl\u00fcl\u00fck ve Etkile\u015fim\u201d ba\u015fl\u0131kl\u0131 s\u00f6yle\u015fiye, Hacettepe \u00dcniversitesi Alman Dili ve Edebiyat\u0131 B\u00f6l\u00fcm Ba\u015fkan\u0131 Prof. Dr. Onur Bilge Kula&#8217;n\u0131n konu\u015fmac\u0131 olarak kat\u0131lacak, gazeteci ve yazar Necdet Sara\u00e7 ise s\u00f6yle\u015finin moderat\u00f6rl\u00fc\u011f\u00fcn\u00fc \u00fcstlenecek. 52. K\u00fct\u00fcphane Haftas\u0131 kutlama etkinlikleri kapsam\u0131nda ger\u00e7ekle\u015fecek s\u00f6yle\u015fi \u00f6ncesinde \u015eahkulu Sultan Vakf\u0131 Semah Ekibi k\u00fct\u00fcphaneler, k\u00fct\u00fcphaneciler ve kitaplar i\u00e7in semah d\u00f6necek. Herkese a\u00e7\u0131k ve \u00fccretsiz olan etkinlik 18.00&#8217;de ba\u015flayacak.<!--more--><\/p>\n<p style=\"text-align: justify;\">\u015eahkulu Sultan Dergah\u0131<br \/>\n\u015eahkulu Sultan Dergah\u0131; Osmanl\u0131 D\u00f6nemi\u2019nde varolan yakla\u015f\u0131k 20 Alevi-Bekta\u015fi Dergah\u0131n\u2019dan biridir. Horasan erenlerinden kabul edilen \u015eahkulu Sultan, Bizans\u2019\u0131n son d\u00f6nemlerinde; yakla\u015f\u0131k 1370-1380 y\u0131llar\u0131nda \u0130stanbul\u2019a gelip dergah\u0131n\u0131 kurmu\u015ftur. \u015eahkulu Sultan ile birlikte ayn\u0131 y\u0131lda dergahlar\u0131n\u0131 kuranlar ise Karacaahmet Sultan, G\u00f6zc\u00fc Baba, Eren Baba, Sancaktar Baba, Kartal Baba gibi isimler. Bu erenler \u00f6l\u00fcmlerinden sonra, kurduklar\u0131 dergahlarda isimlerini verdikleri semt adlar\u0131 ile ya\u015famaktalar. Eren Baba\u2019dan Erenk\u00f6y, Kartal Baba\u2019dan Kartal, G\u00f6zc\u00fc Baba\u2019dan G\u00f6ztepe, Karacaahmet Sultan\u2019dan Karacaahmet semti ad\u0131n\u0131 alm\u0131\u015ft\u0131r.<\/p>\n<p style=\"text-align: justify;\">Kaynak: http:\/\/kulturservisi.com\/<\/p>\n<div style=\"text-align: justify;\"><span style=\"color: #0000ff;\"><strong>\u015eAHKULUNDA K\u00dcT\u00dcPHANE HAFTASI KUTLANDI<\/strong><\/span><\/div>\n<div style=\"text-align: justify;\">\u015eahkulu Alevi Bilgi Merkezi Koordinat\u00f6r\u00fc Ayd\u0131n \u0130leri&#8217;nin verdi\u011fi bilgilere g\u00f6re, 52. K\u00fct\u00fcphane Haftas\u0131 \u0130stanbul kutlama program\u0131 kapsam\u0131nda ger\u00e7ekle\u015fen etkinli\u011fe kat\u0131l\u0131m yo\u011fundu. Etkinlik ba\u015flamadan \u00f6nce dergah taraf\u0131ndan haz\u0131rlanan ve canlar taraf\u0131ndan getirilen loklamalar yendi. Etkinlik \u015eahkulu Sultan Vakf\u0131 Ba\u015fkan Yard\u0131mc\u0131s\u0131 H\u00fcseyin Ta\u015ftekin&#8217;in a\u00e7\u0131l\u0131\u015f konu\u015fmas\u0131 ile ba\u015flad\u0131.\u00a0 \u015eahkulu Sultan Vakf\u0131 Semah Ekibi kitaplar, k\u00fct\u00fcphaneler ve k\u00fct\u00fcphaneciler i\u00e7in semah d\u00f6nd\u00fc. \u015eahkulu Alevi Bilgi Merkezi Koordinat\u00f6r\u00fc Ayd\u0131n \u0130leri&#8217;nin k\u00fct\u00fcphane \u00e7al\u0131\u015fmalar\u0131 hakk\u0131nda k\u0131sa bilgilendirmesi sonras\u0131 Per\u015fembe Sohbeti konu\u011fumuz \u00a0Prof. Dr. Onur Bilge Kula &#8220;Anadolu&#8217;da \u00c7okk\u00fclt\u00fcrl\u00fcl\u00fck ve Etkile\u015fim&#8221; sunumunu ger\u00e7ekle\u015ftirdi. Etkinli\u011fe kat\u0131lanlar taraf\u0131ndan bu etkinlerin daha \u00e7ok yap\u0131lmas\u0131 istendi ve Prof. Dr. Onur Bilge Kula ile yeniden bulu\u015fma s\u00f6z\u00fc al\u0131nd\u0131. \u015eahkulu Alevi Bilgi Merkezi \u00a0yenileme \u00e7al\u0131\u015fmalar\u0131n\u0131 en k\u0131sa zamanda bitirerek hizmete a\u00e7\u0131lacak. K\u00fct\u00fcphane K\u00fct\u00fcphane Katalogumuzu web sayfam\u0131zdan tarayabilirisiniz.<\/div>\n<div style=\"text-align: justify;\">52. K\u00fct\u00fcphane Haftas\u0131 kutlu olsun.<\/div>\n<p style=\"text-align: justify;\"><a href=\"http:\/\/bbyhaber.com\/bby\/wp-content\/uploads\/2016\/03\/sahkulu2.jpg\"><img loading=\"lazy\" decoding=\"async\" class=\"alignnone\" src=\"http:\/\/bbyhaber.com\/bby\/wp-content\/uploads\/2016\/03\/sahkulu2.jpg\" alt=\"\" width=\"150\" height=\"150\" \/><\/a> <a href=\"http:\/\/bbyhaber.com\/bby\/wp-content\/uploads\/2016\/03\/sahkulu3.jpg\"><img loading=\"lazy\" decoding=\"async\" class=\"alignnone\" src=\"http:\/\/bbyhaber.com\/bby\/wp-content\/uploads\/2016\/03\/sahkulu3.jpg\" alt=\"\" width=\"150\" height=\"150\" \/><\/a>\u00a0<a href=\"http:\/\/bbyhaber.com\/bby\/wp-content\/uploads\/2016\/03\/sahkulu1.jpg\"><img loading=\"lazy\" decoding=\"async\" class=\"alignnone\" src=\"http:\/\/bbyhaber.com\/bby\/wp-content\/uploads\/2016\/03\/sahkulu1.jpg\" alt=\"\" width=\"150\" height=\"150\" \/><\/a><\/p>\n<p><iframe loading=\"lazy\" src=\"https:\/\/www.youtube.com\/embed\/d52s2jc70F0\" frameborder=\"0\" width=\"560\" height=\"315\"><\/iframe><\/p>\n<p>Kaynak: Ayd\u0131n \u0130leri<\/p>\n","protected":false},"excerpt":{"rendered":"<p>T\u00fcrkiye&#8217;de ilk kez bir alevi inan\u00e7 merkezi k\u00fct\u00fcphane haftas\u0131n\u0131 kutluyor. 687 y\u0131ll\u0131k ge\u00e7mi\u015fi olan Bekta\u015fi Tekkesi \u015eahkulu Sultan Dergah\u0131 bu ak\u015fam k\u00fct\u00fcphanecileri konuk edecek. \u015eahkulu Sultan Vakf\u0131 Alevi Bilgi Merkezi taraf\u0131ndan d\u00fczenlenen \u201cAnadolu&#8217;da \u00c7okk\u00fclt\u00fcrl\u00fcl\u00fck ve Etkile\u015fim\u201d ba\u015fl\u0131kl\u0131 s\u00f6yle\u015fiye, Hacettepe \u00dcniversitesi Alman Dili ve Edebiyat\u0131 B\u00f6l\u00fcm Ba\u015fkan\u0131 Prof. Dr. Onur Bilge Kula&#8217;n\u0131n konu\u015fmac\u0131 olarak kat\u0131lacak, gazeteci [&hellip;]<\/p>\n","protected":false},"author":1,"featured_media":0,"comment_status":"open","ping_status":"open","sticky":false,"template":"","format":"standard","meta":{"footnotes":""},"categories":[1471,1],"tags":[784,1461],"class_list":["post-18862","post","type-post","status-publish","format-standard","hentry","category-52-kutuphane-haftasi","category-genel","tag-alevilik-kutuphane","tag-kutuphane-haftasi"],"_links":{"self":[{"href":"https:\/\/www.bbyhaber.com\/bby\/wp-json\/wp\/v2\/posts\/18862"}],"collection":[{"href":"https:\/\/www.bbyhaber.com\/bby\/wp-json\/wp\/v2\/posts"}],"about":[{"href":"https:\/\/www.bbyhaber.com\/bby\/wp-json\/wp\/v2\/types\/post"}],"author":[{"embeddable":true,"href":"https:\/\/www.bbyhaber.com\/bby\/wp-json\/wp\/v2\/users\/1"}],"replies":[{"embeddable":true,"href":"https:\/\/www.bbyhaber.com\/bby\/wp-json\/wp\/v2\/comments?post=18862"}],"version-history":[{"count":0,"href":"https:\/\/www.bbyhaber.com\/bby\/wp-json\/wp\/v2\/posts\/18862\/revisions"}],"wp:attachment":[{"href":"https:\/\/www.bbyhaber.com\/bby\/wp-json\/wp\/v2\/media?parent=18862"}],"wp:term":[{"taxonomy":"category","embeddable":true,"href":"https:\/\/www.bbyhaber.com\/bby\/wp-json\/wp\/v2\/categories?post=18862"},{"taxonomy":"post_tag","embeddable":true,"href":"https:\/\/www.bbyhaber.com\/bby\/wp-json\/wp\/v2\/tags?post=18862"}],"curies":[{"name":"wp","href":"https:\/\/api.w.org\/{rel}","templated":true}]}}