{"id":18859,"date":"2016-04-01T10:33:45","date_gmt":"2016-04-01T07:33:45","guid":{"rendered":"http:\/\/www.bbyhaber.com\/bby\/?p=18859"},"modified":"2016-04-01T10:33:45","modified_gmt":"2016-04-01T07:33:45","slug":"okumaya-pedalliyoruz-3-nisan-2016","status":"publish","type":"post","link":"https:\/\/www.bbyhaber.com\/bby\/2016\/04\/01\/okumaya-pedalliyoruz-3-nisan-2016","title":{"rendered":"Okumaya Pedall\u0131yoruz-3 Nisan 2016"},"content":{"rendered":"<p style=\"text-align: justify;\"><img loading=\"lazy\" decoding=\"async\" class=\"alignleft\" src=\"http:\/\/www.adalardan.net\/wp-content\/uploads\/2016\/03\/okumaya_pedalliyoruz.jpg\" alt=\"\" width=\"150\" height=\"150\" \/>Ge\u00e7ti\u011fimiz y\u0131l K\u00fct\u00fcphane Haftas\u0131 kapsam\u0131nda \u00dcsk\u00fcdar\u2019da ger\u00e7ekle\u015ftirilen \u2018<strong>Okumaya Pedall\u0131yoruz<\/strong>\u2019 projesi bu y\u0131l Heybeliada\u2019da ger\u00e7ekle\u015fecek. 3 Nisan 2016 Pazar g\u00fcn\u00fc saat 13.30\u2019da Heybeliada Halk K\u00fct\u00fcphanesi\u2019nde bulu\u015facak olan kitapseverler okuma bilincini artt\u0131rmak i\u00e7in aday\u0131 bisikletle turlayacak.<!--more--><\/p>\n<p style=\"text-align: justify;\"><strong>52. K\u00fct\u00fcphane Haftas\u0131<\/strong>\u00a0kapsam\u0131nda \u2018Okumaya Pedall\u0131yoruz\u2019 projesi T\u00fcrk K\u00fct\u00fcphaneciler Derne\u011fi \u0130stanbul \u015eubesi, Okul K\u00fct\u00fcphanecileri Derne\u011fi, Heybelida K\u00fct\u00fcphane Koruma Derne\u011fi, \u00d6zg\u00fcr S\u00fcr\u00fc\u015f Toplulu\u011fu, \u00d6zg\u00fcrl\u00fc\u011fe Pedal, Okuma Ajans\u0131, Yitik \u00dclke Yay\u0131nlar\u0131 i\u015fbirli\u011fi ile ger\u00e7ekle\u015fecek.<\/p>\n<p style=\"text-align: justify;\"><strong>52. K\u00fct\u00fcphane Haftas\u0131 Bisiklet Turu 2016\u2019da Heybeliada\u2019da<\/strong><\/p>\n<p style=\"text-align: justify;\">Okuma al\u0131\u015fkanl\u0131\u011f\u0131na fark\u0131ndal\u0131k yaratmak i\u00e7in K\u00fct\u00fcphane kutlamalar\u0131 kapsam\u0131nda ikincisi d\u00fczenlenecek olan \u2018Okumaya Pedall\u0131yoruz\u2019 etkinli\u011fi i\u00e7in bisiklet turu Heybeliada\u2019da ger\u00e7ekle\u015fecek.<\/p>\n<p style=\"text-align: justify;\">Heybeliada Halk K\u00fct\u00fcphanesi \u00f6n\u00fcnde d\u00fczenlenen etkinlik 3 Nisan 2016 Pazar g\u00fcn\u00fc saat 13.30\u2019da ba\u015flayacak.<\/p>\n<p style=\"text-align: justify;\"><strong>S\u00fcrpriz hediyelerinde\u00a0 olaca\u011f\u0131 bisiklet turu program\u0131 \u015fu \u015fekilde;<\/strong><\/p>\n<p style=\"text-align: justify;\">Heybeliada Halk K\u00fct\u00fcphanesi \u00f6n\u00fcnde bulu\u015fan kat\u0131l\u0131mc\u0131lar sahil boyunca pedal \u00e7evirip aday\u0131 turlayacak.<\/p>\n<p style=\"text-align: justify;\">Tur sonunda 15 dakika kitap okuma molas\u0131 verilecek.<\/p>\n<p style=\"text-align: justify;\">\u0130kram ve sohbet saatti ger\u00e7ekle\u015fecek.<\/p>\n<p style=\"text-align: justify;\">\u201cDutlu Bah\u00e7e\u201dde kitap takas\u0131 yap\u0131lacak.<\/p>\n<p style=\"text-align: justify;\">Kaynak: http:\/\/www.adalardan.net\/<\/p>\n","protected":false},"excerpt":{"rendered":"<p>Ge\u00e7ti\u011fimiz y\u0131l K\u00fct\u00fcphane Haftas\u0131 kapsam\u0131nda \u00dcsk\u00fcdar\u2019da ger\u00e7ekle\u015ftirilen \u2018Okumaya Pedall\u0131yoruz\u2019 projesi bu y\u0131l Heybeliada\u2019da ger\u00e7ekle\u015fecek. 3 Nisan 2016 Pazar g\u00fcn\u00fc saat 13.30\u2019da Heybeliada Halk K\u00fct\u00fcphanesi\u2019nde bulu\u015facak olan kitapseverler okuma bilincini artt\u0131rmak i\u00e7in aday\u0131 bisikletle turlayacak.<\/p>\n","protected":false},"author":1,"featured_media":0,"comment_status":"open","ping_status":"open","sticky":false,"template":"","format":"standard","meta":{"footnotes":""},"categories":[1471,1],"tags":[1461],"class_list":["post-18859","post","type-post","status-publish","format-standard","hentry","category-52-kutuphane-haftasi","category-genel","tag-kutuphane-haftasi"],"_links":{"self":[{"href":"https:\/\/www.bbyhaber.com\/bby\/wp-json\/wp\/v2\/posts\/18859"}],"collection":[{"href":"https:\/\/www.bbyhaber.com\/bby\/wp-json\/wp\/v2\/posts"}],"about":[{"href":"https:\/\/www.bbyhaber.com\/bby\/wp-json\/wp\/v2\/types\/post"}],"author":[{"embeddable":true,"href":"https:\/\/www.bbyhaber.com\/bby\/wp-json\/wp\/v2\/users\/1"}],"replies":[{"embeddable":true,"href":"https:\/\/www.bbyhaber.com\/bby\/wp-json\/wp\/v2\/comments?post=18859"}],"version-history":[{"count":0,"href":"https:\/\/www.bbyhaber.com\/bby\/wp-json\/wp\/v2\/posts\/18859\/revisions"}],"wp:attachment":[{"href":"https:\/\/www.bbyhaber.com\/bby\/wp-json\/wp\/v2\/media?parent=18859"}],"wp:term":[{"taxonomy":"category","embeddable":true,"href":"https:\/\/www.bbyhaber.com\/bby\/wp-json\/wp\/v2\/categories?post=18859"},{"taxonomy":"post_tag","embeddable":true,"href":"https:\/\/www.bbyhaber.com\/bby\/wp-json\/wp\/v2\/tags?post=18859"}],"curies":[{"name":"wp","href":"https:\/\/api.w.org\/{rel}","templated":true}]}}