{"id":18848,"date":"2016-03-30T00:15:12","date_gmt":"2016-03-29T21:15:12","guid":{"rendered":"http:\/\/www.bbyhaber.com\/bby\/?p=18848"},"modified":"2018-12-26T09:16:20","modified_gmt":"2018-12-26T06:16:20","slug":"ilk-dijital-kutuphane-atilim%e2%80%99dan","status":"publish","type":"post","link":"https:\/\/www.bbyhaber.com\/bby\/2016\/03\/30\/ilk-dijital-kutuphane-atilim%e2%80%99dan","title":{"rendered":"\u0130lk dijital k\u00fct\u00fcphane At\u0131l\u0131m\u2019dan | Ankara Dijital Kent Ar\u015fivi"},"content":{"rendered":"<p style=\"text-align: justify;\"><img loading=\"lazy\" decoding=\"async\" class=\"alignleft\" src=\"http:\/\/i.sabah.com.tr\/sbh\/2016\/03\/29\/650x344\/1459188198535.jpg?6998313984520160329015638\" alt=\"\u0130lk dijital k\u00fct\u00fcphane At\u0131l\u0131m\u2019dan\" width=\"312\" height=\"165\" \/>Ankara\u2019n\u0131n tarihini, k\u00fclt\u00fcr\u00fcn\u00fc ve sosyal altyap\u0131s\u0131n\u0131 ayr\u0131 bir yere koyan At\u0131l\u0131m \u00dcniversitesi, t\u00fcm bu de\u011ferlerin bir araya topland\u0131\u011f\u0131 Ankara Ar\u015fivi\u2019ne 18 y\u0131lda binin \u00fczerinde materyal kazand\u0131rd\u0131<br \/>\nY\u00fcksek \u00f6\u011frenci n\u00fcfusuyla akademik havan\u0131n her daim hissedildi\u011fi Ankara&#8217;da bulunan At\u0131l\u0131m \u00dcniversitesi, b\u00fcnyesindeki Kadriye Zaim K\u00fct\u00fcphanesi&#8217;nde ba\u015fkente dair \u00e7ok say\u0131da bilgi, belge, kitap ve foto\u011fraf bulunuyor. 18 y\u0131lda bin 500&#8217;e yak\u0131n kitap, dergi, gazete, r\u00f6portaj, kartpostal ve foto\u011fraf gibi materyallerin topland\u0131\u011f\u0131 ar\u015fivin bir di\u011fer \u00f6zelli\u011fi ise kaynaklar\u0131 dijital ortama aktararak halk\u0131n \u00fccretsiz kullan\u0131m\u0131na a\u00e7an tek kurum olmas\u0131.<\/p>\n<p>GURUR DUYUYORUZ<!--more--><\/p>\n<p style=\"text-align: justify;\">Ankara haf\u0131zas\u0131n\u0131 dijital mecrada muhafaza eden tek k\u00fct\u00fcphane olduklar\u0131n\u0131 s\u00f6yleyen emektar k\u00fct\u00fcphaneci Nil\u00fcfer \u00dcnal, Ankara Ar\u015fivi&#8217;ni anlatt\u0131. Zaman zaman gazetecilerin, belgeselcilerin ve Ankara sevdal\u0131lar\u0131n\u0131n da ziyarete geldiklerini ve beraber \u00e7al\u0131\u015fmalar y\u00fcr\u00fct\u00fcld\u00fc\u011f\u00fcn\u00fc s\u00f6yleyen Nil\u00fcfer \u00dcnal, &#8220;Elde etti\u011fimiz verileri ayn\u0131 zamanda dijital ortama aktararak Ankara haf\u0131zas\u0131n\u0131 dijital mecrada da muhafaza eden tek k\u00fct\u00fcphaneyiz. Bizim toplumumuzda genelde herkes bu ar\u015fivleri evinde saklar. Elektronik ortama aktar\u0131lmaz. Biz Ankara&#8217;n\u0131n haf\u0131zas\u0131n\u0131 dijital ortama aktaral\u0131m istedik. Foto\u011fraflar, makaleler, raporlar, Ankara ile ilgili \u00fcniversitemizde \u00f6\u011frencilerimizin yapt\u0131klar\u0131 \u00e7al\u0131\u015fmalar\u0131 toplamaya ba\u015flad\u0131k. Ve en \u00f6nemlisi dijital ortama aktarmaya ba\u015flad\u0131k. Ankara&#8217;da bu tarz ar\u015fivcilik yapan yerler var ama bizim fark\u0131m\u0131z verileri dijital ortama aktaran tek \u00fcniversite olmam\u0131z. Bununla gurur duyuyoruz&#8221; diye konu\u015ftu. Yeni \u00e7\u0131kan kitaplar\u0131n yan\u0131 s\u0131ra sahaflar\u0131 da gezerek eski belge, kitap ve foto\u011fraflar toplad\u0131klar\u0131n\u0131 vurgulayan \u00dcnal, zamanla tan\u0131nmaya ba\u015flad\u0131klar\u0131 i\u00e7in gazetecilerden, sinemac\u0131lardan ve Ankara merakl\u0131lar\u0131ndan destekler alarak birlikte ara\u015ft\u0131rmalar y\u00fcr\u00fctt\u00fcklerini s\u00f6yledi. Gelecekteki hedeflerine de\u011finen \u00dcnal, &#8220;Hedeflerimiz aras\u0131nda \u00f6\u011frencilerle \u00e7al\u0131\u015fmak var. Onlarla belgesel yapmak istiyoruz. Daha \u00f6nce de Seymenler Belgeseli isimli bir \u00e7al\u0131\u015fma yap\u0131ld\u0131. Seymenler Belgeseli&#8217;ni Ankara Kul\u00fcb\u00fc Derne\u011fi ile i\u015fbirli\u011fi yaparak \u00e7ekmi\u015ftik. Bundan sonraki belgesellerimizde Ankara&#8217;n\u0131n ge\u00e7mi\u015f tarihine de yer verece\u011fiz. Ankara \u00e7ok eski tarihlere dayanan bir \u015fehir. \u015eimdi bununla ilgili bir \u00e7al\u0131\u015fmam\u0131z var. Milattan \u00f6ncesine dayanan zamanda burada neler oldu\u011funu g\u00f6stermeyi planl\u0131yoruz. Hedefimiz \u00f6\u011frencilerimizle birlikte \u00e7al\u0131\u015fmak&#8221; dedi.<\/p>\n<p style=\"text-align: justify;\">Ankara Dijital Kent Ar\u015fivine a\u015fa\u011f\u0131daki ba\u011flant\u0131dan ula\u015fabilirsiniz.<\/p>\n<p style=\"text-align: justify;\"><a href=\"http:\/\/ankaraarsivi.atilim.edu.tr\/\" target=\"_blank\">http:\/\/ankaraarsivi.atilim.edu.tr\/<\/a><\/p>\n<p style=\"text-align: justify;\">Kaynak: http:\/\/www.sabah.com.tr\/<\/p>\n","protected":false},"excerpt":{"rendered":"<p>Ankara\u2019n\u0131n tarihini, k\u00fclt\u00fcr\u00fcn\u00fc ve sosyal altyap\u0131s\u0131n\u0131 ayr\u0131 bir yere koyan At\u0131l\u0131m \u00dcniversitesi, t\u00fcm bu de\u011ferlerin bir araya topland\u0131\u011f\u0131 Ankara Ar\u015fivi\u2019ne 18 y\u0131lda binin \u00fczerinde materyal kazand\u0131rd\u0131 Y\u00fcksek \u00f6\u011frenci n\u00fcfusuyla akademik havan\u0131n her daim hissedildi\u011fi Ankara&#8217;da bulunan At\u0131l\u0131m \u00dcniversitesi, b\u00fcnyesindeki Kadriye Zaim K\u00fct\u00fcphanesi&#8217;nde ba\u015fkente dair \u00e7ok say\u0131da bilgi, belge, kitap ve foto\u011fraf bulunuyor. 18 y\u0131lda bin [&hellip;]<\/p>\n","protected":false},"author":129,"featured_media":0,"comment_status":"open","ping_status":"open","sticky":false,"template":"","format":"standard","meta":{"footnotes":""},"categories":[1542,1543,1],"tags":[837,838,1096,857,839,1099,1437],"class_list":["post-18848","post","type-post","status-publish","format-standard","hentry","category-atilim-universitesi-kadriye-zaim-kutuphanesi","category-atilim-universitesi-kutuphanesi","category-genel","tag-ankara-dijital-kent-arsivi","tag-ankara-kent-arsivi","tag-arsivcilik","tag-dijital-kutuphaneler","tag-kadriye-zaim-kutuphanesi","tag-kent-arsivi","tag-univ-arastirma-kutuphaneleri"],"_links":{"self":[{"href":"https:\/\/www.bbyhaber.com\/bby\/wp-json\/wp\/v2\/posts\/18848"}],"collection":[{"href":"https:\/\/www.bbyhaber.com\/bby\/wp-json\/wp\/v2\/posts"}],"about":[{"href":"https:\/\/www.bbyhaber.com\/bby\/wp-json\/wp\/v2\/types\/post"}],"author":[{"embeddable":true,"href":"https:\/\/www.bbyhaber.com\/bby\/wp-json\/wp\/v2\/users\/129"}],"replies":[{"embeddable":true,"href":"https:\/\/www.bbyhaber.com\/bby\/wp-json\/wp\/v2\/comments?post=18848"}],"version-history":[{"count":1,"href":"https:\/\/www.bbyhaber.com\/bby\/wp-json\/wp\/v2\/posts\/18848\/revisions"}],"predecessor-version":[{"id":25719,"href":"https:\/\/www.bbyhaber.com\/bby\/wp-json\/wp\/v2\/posts\/18848\/revisions\/25719"}],"wp:attachment":[{"href":"https:\/\/www.bbyhaber.com\/bby\/wp-json\/wp\/v2\/media?parent=18848"}],"wp:term":[{"taxonomy":"category","embeddable":true,"href":"https:\/\/www.bbyhaber.com\/bby\/wp-json\/wp\/v2\/categories?post=18848"},{"taxonomy":"post_tag","embeddable":true,"href":"https:\/\/www.bbyhaber.com\/bby\/wp-json\/wp\/v2\/tags?post=18848"}],"curies":[{"name":"wp","href":"https:\/\/api.w.org\/{rel}","templated":true}]}}