{"id":18836,"date":"2016-03-28T19:51:28","date_gmt":"2016-03-28T16:51:28","guid":{"rendered":"http:\/\/www.bbyhaber.com\/bby\/?p=18836"},"modified":"2016-03-28T20:22:37","modified_gmt":"2016-03-28T17:22:37","slug":"sira-disi-okurlar-belgeseli-2016","status":"publish","type":"post","link":"https:\/\/www.bbyhaber.com\/bby\/2016\/03\/28\/sira-disi-okurlar-belgeseli-2016","title":{"rendered":"S\u0131ra D\u0131\u015f\u0131 Okurlar Belgeseli 2016"},"content":{"rendered":"<p style=\"text-align: justify;\"><img loading=\"lazy\" decoding=\"async\" class=\"alignleft\" src=\"http:\/\/www.bbyhaber.com\/bby\/wp-content\/uploads\/2015\/04\/siradisi-okurlar-belgeseli.jpg\" alt=\"\" width=\"195\" height=\"108\" \/>K\u00fct\u00fcphaneler ve Yay\u0131mlar Genel M\u00fcd\u00fcrl\u00fc\u011f\u00fc taraf\u0131ndan haz\u0131rlanan ve 52. K\u00fct\u00fcphane Haftas\u0131 kutlamalar\u0131 kapsam\u0131nda g\u00f6sterimi yap\u0131lan, T\u00fcrkiye\u2019nin farkl\u0131 \u015fehirlerinde ya\u015fayan s\u0131ra d\u0131\u015f\u0131 halk k\u00fct\u00fcphanesi kullan\u0131c\u0131lar\u0131n\u0131 anlatan belgesel filmlerinin alt\u0131nc\u0131s\u0131 a\u015fa\u011f\u0131dad\u0131r.<\/p>\n<p style=\"text-align: justify;\">S\u0131rad\u0131\u015f\u0131 Okurlar Belgeseli yine g\u00fczel \u00f6rneklerle dolu.<\/p>\n<p style=\"text-align: justify;\">Ayr\u0131ca konuyla ilgili olarak, 2010 y\u0131l\u0131nda T\u00fcrk K\u00fct\u00fcphanecili\u011fi Dergisi&#8217;nin &#8220;Okuyucu Mektuplar\u0131&#8221; b\u00f6l\u00fcm\u00fcnde \u0130smail Aray\u0131c\u0131 taraf\u0131ndan kaleme al\u0131nm\u0131\u015f &#8220;<span style=\"color: #0000ff;\"><a href=\"http:\/\/www.tk.org.tr\/index.php\/TK\/article\/view\/638\" target=\"_blank\"><span style=\"color: #0000ff;\">S\u0131ra D\u0131\u015f\u0131 Okurlar: Bir Belgeselin \u00d6yk\u00fcs\u00fc<\/span><\/a><\/span>&#8221; isimli yaz\u0131ya da g\u00f6z atabilirsiniz.<!--more--><\/p>\n<p>52.K\u00fct\u00fcphane Haftam\u0131z kutlu olsun.<\/p>\n<p><iframe loading=\"lazy\" src=\"https:\/\/www.youtube.com\/embed\/zenLORtK-8s\" frameborder=\"0\" width=\"560\" height=\"315\"><\/iframe><\/p>\n","protected":false},"excerpt":{"rendered":"<p>K\u00fct\u00fcphaneler ve Yay\u0131mlar Genel M\u00fcd\u00fcrl\u00fc\u011f\u00fc taraf\u0131ndan haz\u0131rlanan ve 52. K\u00fct\u00fcphane Haftas\u0131 kutlamalar\u0131 kapsam\u0131nda g\u00f6sterimi yap\u0131lan, T\u00fcrkiye\u2019nin farkl\u0131 \u015fehirlerinde ya\u015fayan s\u0131ra d\u0131\u015f\u0131 halk k\u00fct\u00fcphanesi kullan\u0131c\u0131lar\u0131n\u0131 anlatan belgesel filmlerinin alt\u0131nc\u0131s\u0131 a\u015fa\u011f\u0131dad\u0131r. S\u0131rad\u0131\u015f\u0131 Okurlar Belgeseli yine g\u00fczel \u00f6rneklerle dolu. Ayr\u0131ca konuyla ilgili olarak, 2010 y\u0131l\u0131nda T\u00fcrk K\u00fct\u00fcphanecili\u011fi Dergisi&#8217;nin &#8220;Okuyucu Mektuplar\u0131&#8221; b\u00f6l\u00fcm\u00fcnde \u0130smail Aray\u0131c\u0131 taraf\u0131ndan kaleme al\u0131nm\u0131\u015f &#8220;S\u0131ra D\u0131\u015f\u0131 [&hellip;]<\/p>\n","protected":false},"author":129,"featured_media":0,"comment_status":"open","ping_status":"open","sticky":false,"template":"","format":"standard","meta":{"footnotes":""},"categories":[1471,1],"tags":[848,1461,835],"class_list":["post-18836","post","type-post","status-publish","format-standard","hentry","category-52-kutuphane-haftasi","category-genel","tag-halk-kutuphaneleri","tag-kutuphane-haftasi","tag-sira-disi-okurlar"],"_links":{"self":[{"href":"https:\/\/www.bbyhaber.com\/bby\/wp-json\/wp\/v2\/posts\/18836"}],"collection":[{"href":"https:\/\/www.bbyhaber.com\/bby\/wp-json\/wp\/v2\/posts"}],"about":[{"href":"https:\/\/www.bbyhaber.com\/bby\/wp-json\/wp\/v2\/types\/post"}],"author":[{"embeddable":true,"href":"https:\/\/www.bbyhaber.com\/bby\/wp-json\/wp\/v2\/users\/129"}],"replies":[{"embeddable":true,"href":"https:\/\/www.bbyhaber.com\/bby\/wp-json\/wp\/v2\/comments?post=18836"}],"version-history":[{"count":0,"href":"https:\/\/www.bbyhaber.com\/bby\/wp-json\/wp\/v2\/posts\/18836\/revisions"}],"wp:attachment":[{"href":"https:\/\/www.bbyhaber.com\/bby\/wp-json\/wp\/v2\/media?parent=18836"}],"wp:term":[{"taxonomy":"category","embeddable":true,"href":"https:\/\/www.bbyhaber.com\/bby\/wp-json\/wp\/v2\/categories?post=18836"},{"taxonomy":"post_tag","embeddable":true,"href":"https:\/\/www.bbyhaber.com\/bby\/wp-json\/wp\/v2\/tags?post=18836"}],"curies":[{"name":"wp","href":"https:\/\/api.w.org\/{rel}","templated":true}]}}