{"id":18833,"date":"2016-03-28T17:59:06","date_gmt":"2016-03-28T14:59:06","guid":{"rendered":"http:\/\/www.bbyhaber.com\/bby\/?p=18833"},"modified":"2016-03-28T17:59:06","modified_gmt":"2016-03-28T14:59:06","slug":"kutuphanelerde-asil-sorunlardan-birisi-kutuphanecinin-olmamasi","status":"publish","type":"post","link":"https:\/\/www.bbyhaber.com\/bby\/2016\/03\/28\/kutuphanelerde-asil-sorunlardan-birisi-kutuphanecinin-olmamasi","title":{"rendered":"K\u00fct\u00fcphanelerde as\u0131l sorunlardan birisi k\u00fct\u00fcphanecinin olmamas\u0131"},"content":{"rendered":"<p style=\"text-align: justify;\"><img loading=\"lazy\" decoding=\"async\" class=\"alignleft\" src=\"http:\/\/www.bbyhaber.com\/bby\/wp-content\/uploads\/2015\/01\/bulent-yilmaz.jpg\" alt=\"\" width=\"265\" height=\"173\" \/>Hacettepe \u00dcniversitesi (H\u00dc) Bilgi ve Belge Y\u00f6netimi B\u00f6l\u00fcm\u00fc Ba\u015fkan\u0131 Prof. Dr. B\u00fclent Y\u0131lmaz, T\u00dc\u0130K verilerine g\u00f6re ge\u00e7en y\u0131l 23 milyon 500 kullan\u0131c\u0131n\u0131n k\u00fct\u00fcphaneleri ziyaret etti\u011fini belirterek, &#8220;Bu rakam yan\u0131ltmamal\u0131, bir ki\u015fi 20 kere ziyaret edebilir, yani bir i\u015flem say\u0131s\u0131. Kay\u0131tl\u0131 \u00fcye say\u0131s\u0131na bakmal\u0131y\u0131z, bu ise bir milyon 367 bin. Yani <strong>\u00fclkemiz n\u00fcfusunun yakla\u015f\u0131k y\u00fczde 2&#8217;si k\u00fct\u00fcphanelere \u00fcye.<\/strong>&#8221; dedi. Prof. Dr. Y\u0131lmaz, AA muhabirine yapt\u0131\u011f\u0131 a\u00e7\u0131klamada, T\u00fcrkiye&#8217;de Milli K\u00fct\u00fcphane ile halk, \u00e7ocuk, \u00fcniversite ve okul k\u00fct\u00fcphaneleri olmak \u00fczere be\u015f ayr\u0131 k\u00fct\u00fcphane t\u00fcr\u00fc oldu\u011funa i\u015faret etti. Y\u0131lmaz, en yayg\u0131n k\u00fct\u00fcphanelerin halk k\u00fct\u00fcphanesi ve \u00e7ocuk k\u00fct\u00fcphanesi oldu\u011funu, en \u00e7ok sorunun da halk k\u00fct\u00fcphanesi ile okul k\u00fct\u00fcphanesinde bulundu\u011funu vurgulad\u0131.<!--more--><\/p>\n<p style=\"text-align: justify;\">Halk k\u00fct\u00fcphanelerinde toplamda 18 milyon kitab\u0131n bulundu\u011funu, bu say\u0131n\u0131n \u00e7ok az oldu\u011funa de\u011finen Y\u0131lmaz, &#8220;T\u00fcrkiye&#8217;de bin 130 halk k\u00fct\u00fcphanesi var. 2015 y\u0131l\u0131 T\u00dc\u0130K verilerine g\u00f6re, bir y\u0131lda 23 milyon 500 kullan\u0131c\u0131 k\u00fct\u00fcphaneleri ziyaret etmi\u015f g\u00f6r\u00fcn\u00fcyor. Bu rakam yan\u0131ltmamal\u0131, bir ki\u015fi 20 kere ziyaret edebilir, yani bir i\u015flem say\u0131s\u0131. Kay\u0131tl\u0131 \u00fcye say\u0131s\u0131na bakmal\u0131y\u0131z, bu ise bir milyon 367 bin. Yani \u00fclkemiz n\u00fcfusunun yakla\u015f\u0131k y\u00fczde 2&#8217;si k\u00fct\u00fcphanelere \u00fcye. Bu oran\u0131n da b\u00fcy\u00fck \u00e7o\u011funlu\u011funu \u00fcniversiteliler ve \u00e7ocuklar olu\u015fturuyor.&#8221; diye konu\u015ftu.<\/p>\n<p style=\"text-align: justify;\">&#8211; &#8220;AB \u00fclkelerinde \u00fcyelik oran\u0131 y\u00fczde 35&#8221;<\/p>\n<p style=\"text-align: justify;\">Halk k\u00fct\u00fcphaneleri i\u00e7in y\u00fczde 2&#8217;lik \u00fcyelik oran\u0131n\u0131n \u00e7ok d\u00fc\u015f\u00fck oldu\u011funu belirten Y\u0131lmaz, Avrupa Birli\u011fi \u00fclkelerinin halk k\u00fct\u00fcphanelerinde bu oran\u0131n y\u00fczde 35 seviyelerinde bulundu\u011funa dikkati \u00e7ekti.<\/p>\n<p style=\"text-align: justify;\">Y\u0131lmaz, k\u00fct\u00fcphane kullan\u0131m oran\u0131n\u0131n \u0130ngiltere, Finlandiya, Norve\u00e7 gibi \u00fclkelerde y\u00fczde 70&#8217;lere kadar \u00e7\u0131kt\u0131\u011f\u0131na vurgu yaparak, &#8220;Bunlar geli\u015fmi\u015f \u00fclkeler, halk k\u00fct\u00fcphaneleri \u00fccretsiz kitap veriyor, bilgi veriyor. Avrupal\u0131lar k\u00fct\u00fcphaneleri \u00e7ok g\u00fczel kullan\u0131yor. <strong>Biz k\u00fct\u00fcphane kullan\u0131m\u0131nda bu \u00fclkelerin yakla\u015f\u0131k 20 kat alt\u0131nday\u0131z<\/strong>. Bu rakamlar\u0131 ciddi bi\u00e7imde y\u00fckseltmemiz laz\u0131m. <strong>K\u00fct\u00fcphanecili\u011fi ve k\u00fct\u00fcphane kullan\u0131m\u0131n\u0131 zenginle\u015ftirmeliyiz<\/strong>.&#8221; ifadesini kulland\u0131.<\/p>\n<p style=\"text-align: justify;\">&#8211; &#8220;<strong>\u00d6\u011frenciler k\u00fct\u00fcphaneleri ders \u00e7al\u0131\u015fmak i\u00e7in kullan\u0131yor<\/strong>&#8220;<\/p>\n<p style=\"text-align: justify;\">Y\u0131lmaz, <strong>\u00f6\u011frencilerin k\u00fct\u00fcphaneleri ara\u015ft\u0131rma i\u00e7in de\u011fil, ders \u00e7al\u0131\u015fmak i\u00e7in kulland\u0131\u011f\u0131n\u0131 ve bunun ciddi bir sorun oldu\u011funu savundu.<\/strong> Y\u0131lmaz, T\u00fcrkiye&#8217;de 70 bin ki\u015fiye yakla\u015f\u0131k bir k\u00fct\u00fcphane, AB \u00fclkelerinde ise 25 bin ki\u015fiye bir k\u00fct\u00fcphane d\u00fc\u015ft\u00fc\u011f\u00fcn\u00fc bildirdi.<\/p>\n<p style=\"text-align: justify;\"><strong>T\u00fcrkiye&#8217;de bir k\u00fct\u00fcphanecinin yakla\u015f\u0131k 250 bin ki\u015fiye hizmet verdi\u011fini<\/strong>, yurtd\u0131\u015f\u0131nda ise bu oran\u0131n 25-30 bin oldu\u011funu belirten Y\u0131lmaz, <span style=\"color: #ff0000;\"><strong>k\u00fct\u00fcphanelerde k\u00fct\u00fcphaneci olmamas\u0131na ra\u011fmen bir\u00e7ok i\u015fsiz k\u00fct\u00fcphaneci bulundu\u011funu dile getirdi.<\/strong><\/span><\/p>\n<p style=\"text-align: justify;\">Prof. Dr. Y\u0131lmaz, \u015funlar\u0131 kaydetti:<\/p>\n<p style=\"text-align: justify;\">&#8220;<span style=\"color: #ff0000;\"><strong>K\u00fct\u00fcphanelerde as\u0131l sorunlardan birisi k\u00fct\u00fcphanecinin olmamas\u0131<\/strong><\/span>. T\u00fcrkiye&#8217;de \u00e7e\u015fitli \u00fcniversitelerdeki 8 b\u00f6l\u00fcm, k\u00fct\u00fcphaneci yeti\u015ftirmek i\u00e7in e\u011fitim veriyor. Y\u0131lda yakla\u015f\u0131k 500-600 \u00f6\u011frenciyi mezun ediyoruz. Bin 130 k\u00fct\u00fcphane var ve sadece <strong>ta\u015frada 330 k\u00fct\u00fcphanecilik mezunu k\u00fct\u00fcphaneci var<\/strong>. <strong>Yani d\u00f6rt k\u00fct\u00fcphaneden birinde meslekten k\u00fct\u00fcphaneci var. <span style=\"color: #ff0000;\">Hastanede doktorun olmamas\u0131, adliyede hakimin olmamas\u0131 ne kadar k\u00f6t\u00fc ise k\u00fct\u00fcphanede de k\u00fct\u00fcphanecinin olmamas\u0131 da o kadar k\u00f6t\u00fcd\u00fcr<\/span><\/strong><span style=\"color: #ff0000;\">.<\/span>&#8220;<\/p>\n<div style=\"text-align: justify;\">Kaynak: http:\/\/www.konhaber.com\/<\/div>\n","protected":false},"excerpt":{"rendered":"<p>Hacettepe \u00dcniversitesi (H\u00dc) Bilgi ve Belge Y\u00f6netimi B\u00f6l\u00fcm\u00fc Ba\u015fkan\u0131 Prof. Dr. B\u00fclent Y\u0131lmaz, T\u00dc\u0130K verilerine g\u00f6re ge\u00e7en y\u0131l 23 milyon 500 kullan\u0131c\u0131n\u0131n k\u00fct\u00fcphaneleri ziyaret etti\u011fini belirterek, &#8220;Bu rakam yan\u0131ltmamal\u0131, bir ki\u015fi 20 kere ziyaret edebilir, yani bir i\u015flem say\u0131s\u0131. Kay\u0131tl\u0131 \u00fcye say\u0131s\u0131na bakmal\u0131y\u0131z, bu ise bir milyon 367 bin. Yani \u00fclkemiz n\u00fcfusunun yakla\u015f\u0131k y\u00fczde 2&#8217;si [&hellip;]<\/p>\n","protected":false},"author":1,"featured_media":0,"comment_status":"open","ping_status":"open","sticky":false,"template":"","format":"standard","meta":{"footnotes":""},"categories":[1471,1,1502],"tags":[1461],"class_list":["post-18833","post","type-post","status-publish","format-standard","hentry","category-52-kutuphane-haftasi","category-genel","category-prof-dr-bulent-yilmaz","tag-kutuphane-haftasi"],"_links":{"self":[{"href":"https:\/\/www.bbyhaber.com\/bby\/wp-json\/wp\/v2\/posts\/18833"}],"collection":[{"href":"https:\/\/www.bbyhaber.com\/bby\/wp-json\/wp\/v2\/posts"}],"about":[{"href":"https:\/\/www.bbyhaber.com\/bby\/wp-json\/wp\/v2\/types\/post"}],"author":[{"embeddable":true,"href":"https:\/\/www.bbyhaber.com\/bby\/wp-json\/wp\/v2\/users\/1"}],"replies":[{"embeddable":true,"href":"https:\/\/www.bbyhaber.com\/bby\/wp-json\/wp\/v2\/comments?post=18833"}],"version-history":[{"count":0,"href":"https:\/\/www.bbyhaber.com\/bby\/wp-json\/wp\/v2\/posts\/18833\/revisions"}],"wp:attachment":[{"href":"https:\/\/www.bbyhaber.com\/bby\/wp-json\/wp\/v2\/media?parent=18833"}],"wp:term":[{"taxonomy":"category","embeddable":true,"href":"https:\/\/www.bbyhaber.com\/bby\/wp-json\/wp\/v2\/categories?post=18833"},{"taxonomy":"post_tag","embeddable":true,"href":"https:\/\/www.bbyhaber.com\/bby\/wp-json\/wp\/v2\/tags?post=18833"}],"curies":[{"name":"wp","href":"https:\/\/api.w.org\/{rel}","templated":true}]}}