{"id":1883,"date":"2011-12-23T14:49:12","date_gmt":"2011-12-23T14:49:12","guid":{"rendered":"http:\/\/www.bbyhaber.com\/bby\/?p=1883"},"modified":"2012-05-15T11:13:03","modified_gmt":"2012-05-15T11:13:03","slug":"universite-ogrencileri-kutuphane-olusturdu-malatya","status":"publish","type":"post","link":"https:\/\/www.bbyhaber.com\/bby\/2011\/12\/23\/universite-ogrencileri-kutuphane-olusturdu-malatya","title":{"rendered":"\u00dcniversite \u00f6\u011frencileri k\u00fct\u00fcphane olu\u015fturdu-Malatya"},"content":{"rendered":"<p style=\"text-align: justify;\">\u0130n\u00f6n\u00fc \u00dcniversitesi E\u011fitim Fak\u00fcltesi Psikolojik Dan\u0131\u015fma ve Rehberlik B\u00f6l\u00fcm\u00fc 4.S\u0131n\u0131f \u00f6\u011frencileri Serhat Y\u0131ld\u0131z, Fahrettin Kaya ve R\u0131fat O\u011furlu, \u00d6\u011fretim G\u00f6revlisi Ya\u011fmur Ulusoy\u2019un dan\u0131\u015fmanl\u0131\u011f\u0131n\u0131 yapt\u0131\u011f\u0131 \u201cTopluma Hizmet\u201d dersi kapsam\u0131nda Yaz\u0131han Hamidiye \u0130lk\u00f6\u011fretim Okulu\u2019nu karde\u015f okul se\u00e7erek, bu okula g\u00fczel bir k\u00fct\u00fcphane olu\u015fturdular.<!--more--><\/p>\n<p style=\"text-align: justify;\">K\u00fct\u00fcphane olu\u015fturma talebi kar\u015f\u0131s\u0131nda okul idaresinin memnuniyetini belirten \u00d6\u011fretim G\u00f6revlisi Ya\u011fmur Ulusoy, b\u00f6yle projelerin okullar ve \u00f6\u011frenciler i\u00e7in \u00e7ok anlaml\u0131 oldu\u011funu ifade ederek, \u201cTopluma Hizmet\u201d dersi kapsam\u0131nda \u00f6\u011frencilerin bu t\u00fcr projeler y\u00fcr\u00fctebilmesi amac\u0131yla, onlar\u0131 te\u015fvik ettiklerini s\u00f6yledi.<\/p>\n<p style=\"text-align: justify;\">\u00d6\u011frencilerden Serhat Y\u0131ld\u0131z; roman, hik\u00e2ye, test kitab\u0131, konu anlat\u0131ml\u0131 haz\u0131rl\u0131k kitaplar\u0131, yaprak test ve okul \u00f6ncesine y\u00f6nelik kitaplar olmak \u00fczere toplam 685 kitapla, Hamidiye \u0130lk\u00f6\u011fretim Okulu\u2019na m\u00fctevaz\u0131 bir kitapl\u0131k olu\u015fturduklar\u0131n\u0131 dile getirerek okul idaresine, projeye katk\u0131s\u0131 olanlara ve dan\u0131\u015fman hocalar\u0131 Ya\u011fmur Ulusoy\u2019a te\u015fekk\u00fcr ettiklerini ifade etti.<\/p>\n<p style=\"text-align: justify;\">Hamidiye \u0130lk\u00f6\u011fretim Okulu M\u00fcd\u00fcr\u00fc Sabri Da\u011f, ge\u00e7en y\u0131l il\u00e7ede yap\u0131lan okuma kampanyas\u0131nda \u0130l\u00e7e \u0130kincisi olduklar\u0131n\u0131, bu y\u0131l da kampanyan\u0131n devam etti\u011fini ve \u00f6\u011frencilerinin \u00e7ok istekli olduklar\u0131n\u0131, PDR B\u00f6l\u00fcm\u00fc \u00f6\u011frencilerinin projesiyle birlikte kitap say\u0131s\u0131n\u0131n artt\u0131\u011f\u0131n\u0131 ve eme\u011fi ge\u00e7en herkese te\u015fekk\u00fcr ettiklerini dile getirdi.<\/p>\n<p style=\"text-align: justify;\">Kaynak: http:\/\/www.gunestv.com<\/p>\n","protected":false},"excerpt":{"rendered":"<p>\u0130n\u00f6n\u00fc \u00dcniversitesi E\u011fitim Fak\u00fcltesi Psikolojik Dan\u0131\u015fma ve Rehberlik B\u00f6l\u00fcm\u00fc 4.S\u0131n\u0131f \u00f6\u011frencileri Serhat Y\u0131ld\u0131z, Fahrettin Kaya ve R\u0131fat O\u011furlu, \u00d6\u011fretim G\u00f6revlisi Ya\u011fmur Ulusoy\u2019un dan\u0131\u015fmanl\u0131\u011f\u0131n\u0131 yapt\u0131\u011f\u0131 \u201cTopluma Hizmet\u201d dersi kapsam\u0131nda Yaz\u0131han Hamidiye \u0130lk\u00f6\u011fretim Okulu\u2019nu karde\u015f okul se\u00e7erek, bu okula g\u00fczel bir k\u00fct\u00fcphane olu\u015fturdular.<\/p>\n","protected":false},"author":1,"featured_media":0,"comment_status":"open","ping_status":"open","sticky":false,"template":"","format":"standard","meta":{"footnotes":""},"categories":[1,1498],"tags":[],"class_list":["post-1883","post","type-post","status-publish","format-standard","hentry","category-genel","category-koy-kutuphaneleri"],"_links":{"self":[{"href":"https:\/\/www.bbyhaber.com\/bby\/wp-json\/wp\/v2\/posts\/1883"}],"collection":[{"href":"https:\/\/www.bbyhaber.com\/bby\/wp-json\/wp\/v2\/posts"}],"about":[{"href":"https:\/\/www.bbyhaber.com\/bby\/wp-json\/wp\/v2\/types\/post"}],"author":[{"embeddable":true,"href":"https:\/\/www.bbyhaber.com\/bby\/wp-json\/wp\/v2\/users\/1"}],"replies":[{"embeddable":true,"href":"https:\/\/www.bbyhaber.com\/bby\/wp-json\/wp\/v2\/comments?post=1883"}],"version-history":[{"count":0,"href":"https:\/\/www.bbyhaber.com\/bby\/wp-json\/wp\/v2\/posts\/1883\/revisions"}],"wp:attachment":[{"href":"https:\/\/www.bbyhaber.com\/bby\/wp-json\/wp\/v2\/media?parent=1883"}],"wp:term":[{"taxonomy":"category","embeddable":true,"href":"https:\/\/www.bbyhaber.com\/bby\/wp-json\/wp\/v2\/categories?post=1883"},{"taxonomy":"post_tag","embeddable":true,"href":"https:\/\/www.bbyhaber.com\/bby\/wp-json\/wp\/v2\/tags?post=1883"}],"curies":[{"name":"wp","href":"https:\/\/api.w.org\/{rel}","templated":true}]}}