{"id":18826,"date":"2016-03-28T10:13:41","date_gmt":"2016-03-28T07:13:41","guid":{"rendered":"http:\/\/www.bbyhaber.com\/bby\/?p=18826"},"modified":"2016-03-28T10:13:41","modified_gmt":"2016-03-28T07:13:41","slug":"tkd-baskani-ali-fuat-kartalin-52-kutuphane-haftasi-acilis-konusmasi","status":"publish","type":"post","link":"https:\/\/www.bbyhaber.com\/bby\/2016\/03\/28\/tkd-baskani-ali-fuat-kartalin-52-kutuphane-haftasi-acilis-konusmasi","title":{"rendered":"TKD Ba\u015fkan\u0131 Ali Fuat KARTAL&#8217;\u0131n 52. K\u00fct\u00fcphane Haftas\u0131 A\u00e7\u0131l\u0131\u015f Konu\u015fmas\u0131"},"content":{"rendered":"<p style=\"text-align: justify;\"><img loading=\"lazy\" decoding=\"async\" class=\"alignleft\" src=\"http:\/\/www.bbyhaber.com\/bby\/wp-content\/uploads\/2016\/03\/alifuatkartal-hafta-aciliskonusmasi.jpg\" alt=\"\" width=\"256\" height=\"134\" \/>De\u011ferli Konuklar, Sevgili Meslekta\u015flar\u0131m, Bas\u0131n\u0131m\u0131z\u0131n Se\u00e7kin Temsilcileri <strong>K\u00fct\u00fcphane ve \u0130nsan <\/strong>ana temas\u0131 ile kutlayaca\u011f\u0131m\u0131z 52. K\u00fct\u00fcphane Haftas\u0131\u2019n\u0131n a\u00e7\u0131l\u0131\u015f\u0131na ho\u015f geldiniz. Hepinizi, sayg\u0131yla selaml\u0131yorum.<!--more--><\/p>\n<p style=\"text-align: justify;\">De\u011ferli Konuklar<\/p>\n<p style=\"text-align: justify;\">Bu y\u0131lki K\u00fct\u00fcphane Haftas\u0131 temas\u0131ndan hareketle, hafta program\u0131n\u0131 haz\u0131rlayan komite olarak; k\u00fct\u00fcphanelerin insan ya\u015fam\u0131ndaki yeri nedir? Ya da edebiyat\u0131, sanat\u0131 ve kitaplar\u0131 insan ya\u015fam\u0131ndan \u00e7\u0131kart\u0131rsak geriye ne kal\u0131r? Sorular\u0131 \u00fczerine hep birlikte d\u00fc\u015f\u00fcnelim istiyoruz. Son y\u0131llarda co\u011frafyam\u0131zda ya\u015fanan sava\u015flar nedeniyle, \u00fclkemiz adeta g\u00f6\u00e7men ak\u0131n\u0131na u\u011frad\u0131. \u0130nsan\u0131n her ko\u015fulda, bilgiye ihtiya\u00e7 duydu\u011fu sav\u0131ndan hareketle, 52. K\u00fct\u00fcphane Haftas\u0131nda g\u00f6\u00e7menlerin g\u00fcnl\u00fck ya\u015famalar\u0131nda ihtiya\u00e7 duyduklar\u0131 bilgiye ula\u015fma konusunda kar\u015f\u0131la\u015ft\u0131klar\u0131 sorunlar\u0131 tart\u0131\u015faca\u011f\u0131z. Takdir edersiniz ki m\u00fclteciler, yeni bir \u00fclkede yabanc\u0131 bir k\u00fclt\u00fcr ve dil ortam\u0131nda, b\u00fcy\u00fck zorluklarla kar\u015f\u0131 kar\u015f\u0131ya kal\u0131yorlar. K\u00fct\u00fcphaneler, m\u00fcltecilerin hayat\u0131n\u0131 kolayla\u015ft\u0131rmak i\u00e7in \u00e7ok dilli materyal sa\u011flama hizmeti sunmalar\u0131n\u0131n yan\u0131 s\u0131ra, m\u00fcltecilerin ya\u015fad\u0131klar\u0131 \u015fehrin insanlar\u0131yla kar\u015f\u0131la\u015fmalar\u0131na, ileti\u015fim kurmalar\u0131na ve yeni ortamlar\u0131n\u0131 tan\u0131malar\u0131na katk\u0131da bulunulabilirler. \u00dclke olarak \u201cM\u00fclteci\u201d ger\u00e7eklili\u011fini kabul ederek, \u201cYabanc\u0131l\u0131\u011f\u0131 A\u015fmak\u201d ad\u0131na, siyasi ve hukuki tedbirlerin yan\u0131 s\u0131ra g\u00fcnl\u00fck ya\u015fant\u0131m\u0131z\u0131 da yeni ger\u00e7eklili\u011fe g\u00f6re \u015fekillendirmeliyiz. Bu a\u015famada k\u00fct\u00fcphaneciler olarak bize d\u00fc\u015fen g\u00f6rev; \u00f6zellikle halk k\u00fct\u00fcphanelerimiz arac\u0131l\u0131\u011f\u0131yla T\u00fcrk ve m\u00fclteci gen\u00e7leri bir araya getirerek, k\u00fclt\u00fcrel entegrasyona katk\u0131 sa\u011flayabiliriz. G\u00fcn\u00fcm\u00fcz k\u00fct\u00fcphaneleri, temel i\u015flevlerinin yan\u0131 s\u0131ra farkl\u0131 \u015fekillerde de toplumlar\u0131n\u0131 destekliyorlar. Hepimizi etkileyen siyasi kriz veya sivil karga\u015fa ve hatta ki\u015fisel kriz zamanlar\u0131m\u0131zda olsun, k\u00fct\u00fcphaneler konfor, g\u00fcvenlik ve uzla\u015fma mekanlar\u0131 olarak, insanlar i\u00e7in umut yerleri olabilirler.<\/p>\n<p style=\"text-align: justify;\">De\u011ferli Konuklar,<\/p>\n<p style=\"text-align: justify;\">Son d\u00f6nemde \u00fclkemizde ya\u015fanan ter\u00f6r olaylar\u0131 hepimizi derinden \u00fczmekte ve yaralamaktad\u0131r. G\u00fcnl\u00fck ya\u015fam\u0131m\u0131zda yoklu\u011fundan yak\u0131nd\u0131\u011f\u0131m\u0131z toplumsal diyalo\u011fu, ba\u015flatma ve geli\u015ftirme yolunda k\u00fct\u00fcphanelere ve biz k\u00fct\u00fcphanecilere de g\u00f6rev d\u00fc\u015ft\u00fc\u011f\u00fcn\u00fc d\u00fc\u015f\u00fcnmekteyiz. K\u00fct\u00fcphaneler; halk\u0131n, her t\u00fcrl\u00fc ortamdaki bilgiye engelsiz bir bi\u00e7imde eri\u015fimini sa\u011flayarak, toplumun demokratikle\u015fmesine katk\u0131 sa\u011flayan kurumlar olman\u0131n yan\u0131 s\u0131ra, farkl\u0131 g\u00f6r\u00fc\u015fteki kitaplar\u0131 yan yana bulundurarak, halka arad\u0131\u011f\u0131 kitab\u0131n yan\u0131nda ona ters gelen d\u00fc\u015f\u00fcnceleri de g\u00f6rme al\u0131\u015fkanl\u0131\u011f\u0131 kazand\u0131rarak toplumsal bar\u0131\u015fa katk\u0131 sa\u011flarlar. K\u00fct\u00fcphaneler vatanda\u015flar ile bilgiyi \u00fcretenler aras\u0131ndaki \u201cbilgi d\u00fczeyi\u201d fark\u0131n\u0131n azalt\u0131lmas\u0131 konusunda \u00f6nemli bir i\u015flev \u00fcstlenerek, d\u00fc\u015f\u00fcnce \u00f6zg\u00fcrl\u00fc\u011f\u00fc ve demokrasinin geli\u015fimine katk\u0131 sa\u011flarlar. Bunu sa\u011flamak elbette sadece k\u00fct\u00fcphanelerin g\u00f6revi de\u011fildir ancak k\u00fct\u00fcphaneler, tarafs\u0131zl\u0131k y\u00fck\u00fcml\u00fcl\u00fckleri gere\u011fi, do\u011fru bilgiyi sunma g\u00f6revini, h\u00fck\u00fcmetlere ba\u011f\u0131ml\u0131 ya da ekonomik bask\u0131 alt\u0131ndaki medya kurulu\u015flar\u0131ndan, \u00e7ok daha iyi yerine getirirler.<\/p>\n<p style=\"text-align: justify;\">De\u011ferli Konuklar,<\/p>\n<p style=\"text-align: justify;\"><em>D\u00fcnya klasikleri aras\u0131na giren Fahrenheit 451<\/em> roman\u0131n\u0131n \u00f6ns\u00f6z\u00fcnde \u201cbug\u00fcn art\u0131k kitap yak\u0131lm\u0131yor\u201d diye yaz\u0131lm\u0131\u015f, ancak bildi\u011finiz gibi ge\u00e7ti\u011fimiz y\u0131l \u00fclkemizde ya\u015fanan toplumsal olaylarda, K\u0131r\u015fehir\u2019de G\u00fcl Kitabevi ve Siirt \u0130l Halk K\u00fct\u00fcphanesinden sonra \u015e\u0131rnak \u0130l Halk K\u00fct\u00fcphanesi de yak\u0131lm\u0131\u015ft\u0131r. Ortak k\u00fclt\u00fcrel miras\u0131m\u0131z olan, k\u00fclt\u00fcr merkezlerimizin ve k\u00fct\u00fcphanelerimizin her ne nedenle olursa olsun yok edilmeye \u00e7al\u0131\u015f\u0131lmas\u0131, insanl\u0131\u011fa yap\u0131lacak en b\u00fcy\u00fck k\u00f6t\u00fcl\u00fckt\u00fcr. En son Irak sava\u015f\u0131nda oldu\u011fu gibi emperyalist sava\u015flarda g\u00f6rd\u00fc\u011f\u00fcm\u00fcz bu g\u00f6r\u00fcnt\u00fclerin, \u00fclkemizde ya\u015fanm\u0131\u015f olmas\u0131 utan\u00e7 vericidir. Bu utan\u00e7 yetmez gibi daha ge\u00e7en hafta Sabahattin Zaim \u00dcniversitesi Rekt\u00f6r Yard\u0131mc\u0131s\u0131 Prof. Dr. B\u00fclent Ar\u0131\u2019n\u0131n bir televizyon program\u0131nda s\u00f6yledi\u011fi <strong>\u201c<em>bizde de \u015fimdi okuma oran\u0131 artt\u0131k\u00e7a beni afakanlar bas\u0131yor. Ben daha \u00e7ok cahil ve okumam\u0131\u015f, tahsilsiz kesimin ferasetine g\u00fcveniyorum bu \u00fclkede<\/em>&#8221; <\/strong>dedi\u011fi bir \u00fclkede<strong> k<\/strong><strong>itab\u0131 ve ekme\u011fi, yerden \u00f6perek alan bir k\u00fclt\u00fcrden geldi\u011fimizi nas\u0131l a\u00e7\u0131klayaca\u011f\u0131z?<\/strong><\/p>\n<p style=\"text-align: justify;\"><strong><\/strong>Kitaplar\u0131n yak\u0131lmas\u0131 ve sanat eserlerinin tahrip edilmesi o kadar g\u00fc\u00e7l\u00fc bir barbarl\u0131k simgesi ki, tarihe mal olan bu olaylar\u0131n k\u00fct\u00fc kokusunu, k\u00fct\u00fcphaneciler her zaman burunlar\u0131nda hissedeceklerdir. Yak\u0131lan bu iki k\u00fct\u00fcphanemizden, Siirt \u0130l Halk K\u00fct\u00fcphanesi, ge\u00e7ici olarak k\u00fc\u00e7\u00fck bir mekanda hizmet verme \u00e7abas\u0131 i\u00e7erisindedir. Ge\u00e7en hafta \u015e\u0131rnak K\u00fct\u00fcphane M\u00fcd\u00fcr\u00fc Nedim \u015eener ile tekrar g\u00f6r\u00fc\u015ft\u00fcm. Maalesef k\u00fct\u00fcphane hen\u00fcz a\u00e7\u0131labilmi\u015f de\u011fil. K\u00fct\u00fcphane m\u00fcd\u00fcr\u00fcn\u00fcn s\u00f6yledi\u011fi bir c\u00fcmleyi sizinle payla\u015fmak istiyorum. Kendisi, K\u00fct\u00fcphane Haftas\u0131 kapsam\u0131nda T\u00fcrkiye genelinde d\u00fczenleyece\u011fimiz okuma etkinli\u011fi i\u00e7in; \u201cBa\u015fkan\u0131m yaz\u0131n\u0131z\u0131 ald\u0131m fakat bu sene okuma etkinli\u011fini yapamayaca\u011f\u0131z kusura bakmay\u0131n\u201d dedi. Ya\u015fama m\u00fccadelesi veren \u015e\u0131rnak halk\u0131n\u0131n can\u0131 sa\u011f olsun, seneye yapar\u0131z in\u015fallah. Bu vesile ile \u201cprofes\u00f6r\u00fcm\u00fcz k\u0131zacak ama\u201d, \u201cinsan okur\u201d temas\u0131 ile bu sene 5.sini yapaca\u011f\u0131m\u0131z okuma etkinli\u011finin 30 Mart 2016 \u00c7ar\u015famba g\u00fcn\u00fc Valilikler taraf\u0131ndan izin verilen illerde 12.30 ile 13.00 saatleri aras\u0131nda yap\u0131laca\u011f\u0131n\u0131 hat\u0131rlatmak isterim.<\/p>\n<p style=\"text-align: justify;\">De\u011ferli Konuklar,<\/p>\n<p style=\"text-align: justify;\">Ge\u00e7ti\u011fimiz y\u0131l bir taraftan k\u00fct\u00fcphaneler yak\u0131l\u0131rken, di\u011fer taraftan da ge\u00e7ti\u011fimiz y\u0131l Gaziantep 3. Sulh Ceza Mahkemesi taraf\u0131ndan aralar\u0131nda Hasan Cemal\u2019in ve Tu\u011f\u00e7e Tatari\u2019nin kitaplar\u0131n\u0131n da oldu\u011fu bir\u00e7ok kitaba toplatma karar\u0131 verilmesi, d\u00fc\u015f\u00fcnce ve yay\u0131nlama \u00f6zg\u00fcrl\u00fc\u011f\u00fc konusunda hala s\u0131k\u0131nt\u0131lar\u0131m\u0131z\u0131n oldu\u011funu g\u00f6stermektedir. Oysa insanl\u0131k tarihi bize kitap yakararak, yasaklayarak ve okumaya engel \u00e7\u0131kartarak bir yere var\u0131lmad\u0131\u011f\u0131n\u0131 g\u00f6stermi\u015ftir. Kitaplar d\u00fcnyas\u0131nda bunlar ya\u015fan\u0131rken yine ge\u00e7ti\u011fimiz y\u0131l Ya\u015far Kemal, Fikret Otyam, Sennur Sezer, \u00c7etin Altan ve Umberto Eco gibi T\u00fcrk ve d\u00fcnya edebiyat\u0131n\u0131n usta yazarlar\u0131n\u0131 kaybettik. K\u00fct\u00fcphanelerimizi ve kafalar\u0131m\u0131z\u0131 zenginle\u015ftiren usta kalemler, k\u00fct\u00fcphanelerimizi ve bizleri eksilterek aram\u0131zdan ayr\u0131ld\u0131lar. Mekanlar\u0131 cennet olsun.<\/p>\n<p style=\"text-align: justify;\">De\u011ferli Konuklar,<\/p>\n<p style=\"text-align: justify;\">Kamuoyuyla da payla\u015ft\u0131\u011f\u0131m\u0131z gibi ge\u00e7ti\u011fimiz Ocak ay\u0131nda yeni K\u00fclt\u00fcr Bakan\u0131m\u0131z Say\u0131n Mahir \u00dcnal ile g\u00f6r\u00fc\u015ft\u00fck. Halk k\u00fct\u00fcphanelerine ge\u00e7ti\u011fimiz y\u0131llar da yeterli say\u0131da k\u00fct\u00fcphaneci atanmad\u0131\u011f\u0131, bu nedenle halk k\u00fct\u00fcphanelerinde \u00e7al\u0131\u015fan k\u00fct\u00fcphaneci say\u0131s\u0131n\u0131n \u00e7ok yetersiz oldu\u011fu ve kapal\u0131 k\u00fct\u00fcphanelerin kamuoyu nezdinde k\u00fct\u00fcphane imaj\u0131n\u0131 olumsuz etkiledi\u011fini ifade ederek, kapal\u0131 k\u00fct\u00fcphanelerin bir an \u00f6nce hizmete a\u00e7\u0131lmas\u0131n\u0131n ve mevcut k\u00fct\u00fcphane say\u0131s\u0131n\u0131n art\u0131r\u0131lmas\u0131n\u0131n gereklili\u011fi Say\u0131n Bakana iletilmi\u015ftir. Say\u0131n Bakan ise kapal\u0131 k\u00fct\u00fcphanelerin neden kapal\u0131 oldu\u011funun ara\u015ft\u0131r\u0131ld\u0131\u011f\u0131n\u0131, hedeflerinin t\u00fcm il\u00e7elerde k\u00fct\u00fcphane a\u00e7mak oldu\u011funu, 250 k\u00fct\u00fcphaneci kadrosu a\u00e7\u0131laca\u011f\u0131n\u0131 ifade etmi\u015flerdir. Say\u0131n Bakan\u0131m\u0131z\u0131n bize iletti\u011fi bu g\u00fczel dileklere kat\u0131l\u0131yor ve bir an \u00f6nce uygulamaya ge\u00e7ilmesini temenni ediyoruz.<\/p>\n<p style=\"text-align: justify;\">Yine ge\u00e7ti\u011fimiz aylarda Milli E\u011fitim Bakan\u0131 ve Bakan Yard\u0131mc\u0131s\u0131 ile g\u00f6r\u00fc\u015fmelerimiz oldu. Y\u0131llard\u0131r okul k\u00fct\u00fcphanelerinin yoklu\u011fundan yak\u0131nd\u0131\u011f\u0131m\u0131z bir s\u00fcre\u00e7te Milli E\u011fitim Bakanl\u0131\u011f\u0131n\u0131n kendisine ba\u011fl\u0131 okullarda Z-K\u00fct\u00fcphane kurma \u00e7al\u0131\u015fmalar\u0131n\u0131 destekledi\u011fimizi ve k\u00fct\u00fcphaneci olmadan bu k\u00fct\u00fcphanelerin e\u011fitim sistemi i\u00e7erisinde ger\u00e7ek i\u015flevlerini yerine getiremeyece\u011fini ilettik. E\u011fer \u00fclke olarak \u201cnas\u0131l d\u00fc\u015f\u00fcnece\u011fini\u201d \u00f6\u011freten bir e\u011fitim sistemi hedefliyorsak ki hedefimiz bu olmal\u0131, bu durumda e\u011fitim sisteminin ayr\u0131lmaz bir par\u00e7as\u0131 olan k\u00fct\u00fcphaneleri, biran \u00f6nce t\u00fcm okullar\u0131m\u0131zda hayata ge\u00e7irmeliyiz. Aksi takdirde d\u00fc\u015f\u00fcnme yetene\u011fini kullanmak yerine, ba\u015fkalar\u0131 taraf\u0131ndan y\u00f6nlendirilen bir toplum olmaktan \u00f6teye gidemeyiz.<\/p>\n<p style=\"text-align: justify;\">De\u011ferli Konuklar,<\/p>\n<p style=\"text-align: justify;\">\u00dcniversite k\u00fct\u00fcphanelerimizin bir\u00e7o\u011funda meslek mezunu y\u00f6netici olmad\u0131\u011f\u0131 gibi, art\u0131k \u00fcniversitelerde de her rekt\u00f6r de\u011fi\u015fikli\u011finde g\u00f6revden al\u0131nan meslekta\u015flar\u0131m\u0131zla kar\u015f\u0131la\u015fmaktay\u0131z. Di\u011fer taraftan Vak\u0131f \u00dcniversitelerinde \u00e7al\u0131\u015fan meslekta\u015flar\u0131m\u0131z\u0131n yoksulluk s\u0131n\u0131r\u0131nda \u00e7al\u0131\u015ft\u0131r\u0131lmas\u0131 t\u00fcm \u00e7abam\u0131za ra\u011fmen \u00f6nemli bir sorun olarak kar\u015f\u0131m\u0131zda durmaktad\u0131r.<\/p>\n<p style=\"text-align: justify;\">De\u011ferli Konuklar<\/p>\n<p style=\"text-align: justify;\">Hemen hemen her K\u00fct\u00fcphane Haftas\u0131nda o y\u0131l i\u00e7erisinde ya\u015fanm\u0131\u015f, mesle\u011fimizi ilgilendiren ya\u015fanm\u0131\u015f \u00f6nemli konular\u0131 a\u00e7\u0131l\u0131\u015f konu\u015fmalar\u0131nda g\u00fcndeme getiririz. G\u00f6revden al\u0131nmalar konusu kamuoyu a\u00e7\u0131s\u0131ndan adeta b\u0131kk\u0131nl\u0131k vermi\u015f bir duruma gelmi\u015f olsa da Milli K\u00fct\u00fcphane ve K\u00fct\u00fcphaneler ve Yay\u0131mlar Genel M\u00fcd\u00fcrl\u00fc\u011f\u00fc\u2019nde \u00fcst d\u00fczey y\u00f6netici olarak sadece birer meslekta\u015f\u0131m\u0131z\u0131n kald\u0131\u011f\u0131n\u0131 buradan s\u00f6ylememek hem mesle\u011fimize hem de meslekta\u015flar\u0131m\u0131za kar\u015f\u0131 yap\u0131lm\u0131\u015f en b\u00fcy\u00fck haks\u0131zl\u0131k olaca\u011f\u0131na inan\u0131yorum.<\/p>\n<p style=\"text-align: justify;\">De\u011ferli Konuklar,<\/p>\n<p style=\"text-align: justify;\">Derne\u011fimizle ilgili bir iki konuya daha de\u011finmek istiyorum. Mesle\u011fimizin ve d\u00fcnyan\u0131n en eski s\u00fcreli yay\u0131nlar\u0131ndan olan, bilimsel ve mesleki ileti\u015fimimizin odak noktas\u0131 <em>T\u00fcrk K\u00fct\u00fcphanecili\u011fi<\/em> dergisi 2015 y\u0131l\u0131 itibariyle Web of Science (WOS) veritaban\u0131nda dizinlenmeye ba\u015flam\u0131\u015ft\u0131r. Edit\u00f6r\u00fcm\u00fcz Mehmet Tayfun G\u00fclle\u2019nin \u015fahs\u0131nda eme\u011fi ge\u00e7en t\u00fcm editoryal grubundaki arkada\u015flar\u0131ma, hakemlerimize ve yazarlar\u0131m\u0131za te\u015fekk\u00fcr ediyorum. Mesle\u011fimizin son y\u0131llardaki en \u00f6nemli uluslararas\u0131 ba\u015far\u0131lar\u0131ndan biri olan bu geli\u015fmeyi ve sonras\u0131nda izlenecek yeni yol haritas\u0131n\u0131 siz meslekta\u015flar\u0131m\u0131zla birlikte konu\u015fmak amac\u0131yla 15 Nisan 2016 tarihinde Ankara \u00dcniversitesi Tando\u011fan Yerle\u015fkesi 100. Y\u0131l Salonunda \u201cT\u00fcrk K\u00fct\u00fcphanecili\u011finde Yeni Bir D\u00f6neme\u00e7\u201d konulu bir forum d\u00fczenleyece\u011fiz. Forumun olas\u0131 sonu\u00e7lar\u0131na g\u00f6re bu y\u0131l\u0131n sonbahar aylar\u0131nda \u0130stanbul\u2019da forumun ikinci aya\u011f\u0131n\u0131 d\u00fczenlemeyi tasarlad\u0131\u011f\u0131m\u0131z\u0131 payla\u015f\u0131rken bu vesile ile foruma kat\u0131l\u0131mlar\u0131n\u0131zdan mutluluk duyaca\u011f\u0131m\u0131z\u0131 belirtmek isterim.<\/p>\n<p style=\"text-align: justify;\">Her y\u0131l K\u00fct\u00fcphane Haftalar\u0131nda Geleneksel olarak verdi\u011fim En Ba\u015far\u0131l\u0131 K\u00fct\u00fcphane \u00f6d\u00fcllerini bu sene;<\/p>\n<ul style=\"text-align: justify;\">\n<li><strong>Teknolojiyi en iyi kullanan K\u00fct\u00fcphane \u00d6d\u00fcl\u00fcn\u00fc;<\/strong> Diyarbak\u0131r ve Bilecik \u0130l Halk K\u00fct\u00fcphaneleri<\/li>\n<li><strong>En \u0130yi Halkla \u0130li\u015fkiler \u00d6d\u00fcl\u00fcn\u00fc;<\/strong> Manisa \u0130l Halk K\u00fct\u00fcphanesi ve Diyarbak\u0131r Ergani \u0130l\u00e7e Halk K\u00fct\u00fcphanesi<\/li>\n<li><strong>En Yenilik\u00e7i K\u00fct\u00fcphane \u00d6d\u00fcl\u00fcn\u00fc;<\/strong> Gebze \u0130l\u00e7e Halk K\u00fct\u00fcphanesi almaya hak kazanm\u0131\u015flard\u0131r.<\/li>\n<\/ul>\n<p style=\"text-align: justify;\">Meslekta\u015flar\u0131m\u0131z\u0131 tebrik ediyor, ba\u015far\u0131lar\u0131n\u0131n devam\u0131n\u0131 diliyorum. Yine bu sene ilk defa k\u00fct\u00fcphanelerden ald\u0131\u011f\u0131m\u0131z okuyucu istatistikleri sonucu 2015 y\u0131l\u0131nda en \u00e7ok okunan kitaplar\u0131 tespit ettik. Buna g\u00f6re Yap\u0131 Kredi Yay\u0131nlar\u0131ndan Sebahattin Ali\u2019nin <em>K\u00fcrk Mantolu Madonna<\/em> ve Epsilon Yay\u0131nlar\u0131ndan <em>Saftirik Greg&#8217;in G\u00fcnl\u00fc\u011f\u00fc<\/em><strong> <\/strong>adl\u0131 kitaplar <strong>k\u00fct\u00fcphanelerde 2015 y\u0131l\u0131n\u0131n en \u00e7ok \u00f6d\u00fcn\u00e7 al\u0131nan kitaplar\u0131 olmu\u015ftur<\/strong>. Kitaplar\u0131n yay\u0131nevi de temsilcileri aram\u0131zda kendilerini tebrik ediyoruz.<\/p>\n<p style=\"text-align: justify;\">Konu\u015fmam\u0131 52.K\u00fct\u00fcphane Haftas\u0131\u2019na destek olan \u00dcniversite ve Ara\u015ft\u0131rma K\u00fct\u00fcphanecileri Derne\u011fi\u2019ne, Okul K\u00fct\u00fcphanecileri Derne\u011fi\u2019ne, Ankara \u00dcniversitesi\u2019ne, Goethe Enstit\u00fcs\u00fc\u2019ne, haftam\u0131z\u0131n sponsorlar\u0131na ve hafta boyunca g\u00f6rev alacak olan t\u00fcm \u00f6\u011frenci arkada\u015flar\u0131ma te\u015fekk\u00fcr ederek tamaml\u0131yor, haftan\u0131n \u00fclkemize, d\u00fcnyaya bar\u0131\u015f ve g\u00fczellikler getirmesini can-\u0131 g\u00f6n\u00fclden diliyorum.<\/p>\n<p style=\"text-align: justify;\"><strong>Ali Fuat KARTAL<\/strong><\/p>\n<p style=\"text-align: justify;\"><strong>T\u00fcrk K\u00fct\u00fcphaneciler Derne\u011fi Genel Ba\u015fkan\u0131<\/strong><\/p>\n<p style=\"text-align: justify;\"><strong>28 Mart 2016<\/strong><\/p>\n","protected":false},"excerpt":{"rendered":"<p>De\u011ferli Konuklar, Sevgili Meslekta\u015flar\u0131m, Bas\u0131n\u0131m\u0131z\u0131n Se\u00e7kin Temsilcileri K\u00fct\u00fcphane ve \u0130nsan ana temas\u0131 ile kutlayaca\u011f\u0131m\u0131z 52. K\u00fct\u00fcphane Haftas\u0131\u2019n\u0131n a\u00e7\u0131l\u0131\u015f\u0131na ho\u015f geldiniz. Hepinizi, sayg\u0131yla selaml\u0131yorum.<\/p>\n","protected":false},"author":1,"featured_media":0,"comment_status":"open","ping_status":"open","sticky":false,"template":"","format":"standard","meta":{"footnotes":""},"categories":[1471,1],"tags":[1461],"class_list":["post-18826","post","type-post","status-publish","format-standard","hentry","category-52-kutuphane-haftasi","category-genel","tag-kutuphane-haftasi"],"_links":{"self":[{"href":"https:\/\/www.bbyhaber.com\/bby\/wp-json\/wp\/v2\/posts\/18826"}],"collection":[{"href":"https:\/\/www.bbyhaber.com\/bby\/wp-json\/wp\/v2\/posts"}],"about":[{"href":"https:\/\/www.bbyhaber.com\/bby\/wp-json\/wp\/v2\/types\/post"}],"author":[{"embeddable":true,"href":"https:\/\/www.bbyhaber.com\/bby\/wp-json\/wp\/v2\/users\/1"}],"replies":[{"embeddable":true,"href":"https:\/\/www.bbyhaber.com\/bby\/wp-json\/wp\/v2\/comments?post=18826"}],"version-history":[{"count":0,"href":"https:\/\/www.bbyhaber.com\/bby\/wp-json\/wp\/v2\/posts\/18826\/revisions"}],"wp:attachment":[{"href":"https:\/\/www.bbyhaber.com\/bby\/wp-json\/wp\/v2\/media?parent=18826"}],"wp:term":[{"taxonomy":"category","embeddable":true,"href":"https:\/\/www.bbyhaber.com\/bby\/wp-json\/wp\/v2\/categories?post=18826"},{"taxonomy":"post_tag","embeddable":true,"href":"https:\/\/www.bbyhaber.com\/bby\/wp-json\/wp\/v2\/tags?post=18826"}],"curies":[{"name":"wp","href":"https:\/\/api.w.org\/{rel}","templated":true}]}}