{"id":18817,"date":"2016-03-27T08:25:47","date_gmt":"2016-03-27T06:25:47","guid":{"rendered":"http:\/\/www.bbyhaber.com\/bby\/?p=18817"},"modified":"2016-03-27T08:28:29","modified_gmt":"2016-03-27T06:28:29","slug":"okuma-kulturune-katki-odulleri-2016-sahiplerini-buluyor","status":"publish","type":"post","link":"https:\/\/www.bbyhaber.com\/bby\/2016\/03\/27\/okuma-kulturune-katki-odulleri-2016-sahiplerini-buluyor","title":{"rendered":"Okuma K\u00fclt\u00fcr\u00fcne Katk\u0131 \u00d6d\u00fclleri 2016 sahiplerini buluyor"},"content":{"rendered":"<p style=\"text-align: justify;\"><img loading=\"lazy\" decoding=\"async\" class=\"alignleft\" src=\"http:\/\/www.murekkephaber.com\/images\/haberler\/okuma-kulturune-katki-odulleri-2016-sahiplerini-buluyor.jpg\" alt=\"\" width=\"241\" height=\"130\" \/>Okul K\u00fct\u00fcphanecileri Derne\u011fi 2013 y\u0131l\u0131ndan itibaren vermeye ba\u015flad\u0131\u011f\u0131 Geleneksel \u201cK\u00fct\u00fcphane ve Okuma K\u00fclt\u00fcr\u00fcne Katk\u0131 \u00d6d\u00fclleri\u201dnin 4.&#8217;s\u00fcn\u00fc 52. K\u00fct\u00fcphane Haftas\u0131\u200b \u00a0kutlamalar\u0131 kapsam\u0131nda 28 Mart Pazartesi \u00a0g\u00fcn\u00fc Ankara \u00dcniversitesi Eczac\u0131l\u0131k Fak\u00fcltesi 50. Y\u0131l Salonunda saat 12.00&#8217;de \u00a0ger\u00e7ekle\u015fecek \u00f6d\u00fcl t\u00f6reninde sahiplerine verilecek. \u201cK\u00fct\u00fcphane ve Okuma K\u00fclt\u00fcr\u00fcne Katk\u0131 \u00d6d\u00fclleri\u201d kitaba, k\u00fct\u00fcphaneye, okuma k\u00fclt\u00fcr\u00fcne, sanata, edebiyata ve topluma katk\u0131 sunan, ki\u015fi, kurum ve kurulu\u015flara veriliyor.<!--more--><\/p>\n<p style=\"text-align: justify;\">\u0130lkini; Yazar, G\u00fclten Day\u0131o\u011flu&#8217;na ve \u0130stanbul Milli E\u011fitim M\u00fcd\u00fcrl\u00fc\u011f\u00fc, Yap\u0131 Kredi K\u00fclt\u00fcr Sanat Yay\u0131nc\u0131l\u0131k&#8217;a,<br \/>\n\u0130kincisini; \u00a0Hayata Renk Ver Derne\u011fi &#8220;Koridor K\u00fct\u00fcphanesi Projesi&#8221;ne,<br \/>\nA\u00e7t\u0131\u011f\u0131 halk ve \u00e7ocuk k\u00fct\u00fcphaneleri ve \u015eiir k\u00fct\u00fcphanesi ile Bursa Nil\u00fcfer Belediyesi<br \/>\n\u00c7ocuklar i\u00e7in y\u0131llard\u0131r yazan k\u00fct\u00fcphaneci dostu-\u00e7ocuk dostu: yazar, Yalva\u00e7 \u00a0Ural&#8217;a,\u00dc\u00e7\u00fcnc\u00fcs\u00fcn\u00fc; G\u00fcn\u0131\u015f\u0131\u011f\u0131 Kitapl\u0131\u011f\u0131&#8217;na, Yazar, Mustafa Ruhi \u015eirin&#8217;e, \u00c7izer-Ressam Mustafa Delio\u011flu&#8217;na ve Kad\u0131k\u00f6y Belediyesi Ba\u015fkanl\u0131\u011f\u0131&#8217;na verildi.<\/p>\n<p style=\"text-align: justify;\"><strong>Bu y\u0131l D\u00f6rd\u00fcnc\u00fcs\u00fc verilecek<\/strong><\/p>\n<p style=\"text-align: justify;\">Okuma K\u00fclt\u00fcr\u00fc konusunda yenilik\u00e7i \u00e7al\u0131\u015fmalar, \u00e7al\u0131\u015ftaylar ve sempozyumlar yapan, yay\u0131nlar \u00e7\u0131karan okullarda kamu ve sivil toplum i\u015fbirlikleri ile Z-K\u00fct\u00fcphaneler kuran, okul k\u00fct\u00fcphanelerinin, k\u00fct\u00fcphanecili\u011fin ve k\u00fct\u00fcphanecilerin \u00f6nemini topluma yayan Milli E\u011fitim Bakanl\u0131\u011f\u0131 E\u011fitim Ara\u00e7lar\u0131 ve Yay\u0131mlar Daire Ba\u015fkanl\u0131\u011f\u0131 ad\u0131na Daire Ba\u015fkan\u0131 Say\u0131n Ercan \u015een&#8217;e ve \u00a0Yay\u0131nc\u0131lar, yazarlar, \u00f6\u011fretmenler ve \u00f6\u011frenci i\u015fbirli\u011fi ile kurulan \u00f6\u011frenciler i\u00e7in bir ya\u015fam merkezi olan, okuma at\u00f6lyeleri ve, yazar bulu\u015fmalar\u0131 ger\u00e7ekle\u015ftiren Hatay Narl\u0131ca Anadolu Lisesi \u0130pekli Mendil Okul K\u00fct\u00fcphanesi&#8217; ad\u0131na \u00a0Mehmet Tutar&#8217;a verilecek.<\/p>\n<p style=\"text-align: justify;\">\u00a0<strong>\u00d6d\u00fcl T\u00f6reni:\u00a0<\/strong><\/p>\n<p style=\"text-align: justify;\">\u00d6d\u00fcller 28 Mart Pazartesi g\u00fcn\u00fc Ankara&#8217;da T\u00fcrk K\u00fct\u00fcphaneciler Derne\u011fi Genel Merkezi \u00f6nc\u00fcl\u00fc\u011f\u00fcnde ger\u00e7ekle\u015fen 52. K\u00fct\u00fcphane Haftas\u0131 a\u00e7\u0131l\u0131\u015f t\u00f6reninde Ankara \u00dcniversitesi Eczac\u0131l\u0131k Fak\u00fcltesi 50. Y\u0131l Salonunda saat 12.00&#8217;de \u00a0ger\u00e7ekle\u015fecek \u00f6d\u00fcl t\u00f6reninde sahiplerine verilecek.<\/p>\n<div>\n<div>\u0130pekli Mendil K\u00fct\u00fcphanesi ve \u00d6d\u00fcl Hakk\u0131nda Yekta Kopan&#8217;\u0131n yaz\u0131s\u0131n\u0131 okuman\u0131z\u0131 dilerim.<\/div>\n<div><a href=\"http:\/\/filucusu.blogspot.com.tr\/2016\/03\/ipekli-mendil-kutuphanesine-odul.html?spref=tw\" target=\"_blank\">http:\/\/filucusu.blogspot.com.<wbr>tr\/2016\/03\/ipekli-mendil-<wbr>kutuphanesine-odul.html?spref=<wbr>tw<\/wbr><\/wbr><\/wbr><\/a><\/div>\n<\/div>\n<div>\n<div>Ayr\u0131nt\u0131l\u0131 bilgi ve ileti\u015fim i\u00e7in:<\/div>\n<\/div>\n<div>\n<div><em>Ayd\u0131n \u0130leri<\/em><\/div>\n<\/div>\n<div>\n<div><em>Okul K\u00fct\u00fcphanecileri Derne\u011fi Ba\u015fkan\u0131<\/em><\/div>\n<\/div>\n","protected":false},"excerpt":{"rendered":"<p>Okul K\u00fct\u00fcphanecileri Derne\u011fi 2013 y\u0131l\u0131ndan itibaren vermeye ba\u015flad\u0131\u011f\u0131 Geleneksel \u201cK\u00fct\u00fcphane ve Okuma K\u00fclt\u00fcr\u00fcne Katk\u0131 \u00d6d\u00fclleri\u201dnin 4.&#8217;s\u00fcn\u00fc 52. K\u00fct\u00fcphane Haftas\u0131\u200b \u00a0kutlamalar\u0131 kapsam\u0131nda 28 Mart Pazartesi \u00a0g\u00fcn\u00fc Ankara \u00dcniversitesi Eczac\u0131l\u0131k Fak\u00fcltesi 50. Y\u0131l Salonunda saat 12.00&#8217;de \u00a0ger\u00e7ekle\u015fecek \u00f6d\u00fcl t\u00f6reninde sahiplerine verilecek. \u201cK\u00fct\u00fcphane ve Okuma K\u00fclt\u00fcr\u00fcne Katk\u0131 \u00d6d\u00fclleri\u201d kitaba, k\u00fct\u00fcphaneye, okuma k\u00fclt\u00fcr\u00fcne, sanata, edebiyata ve topluma katk\u0131 sunan, [&hellip;]<\/p>\n","protected":false},"author":1,"featured_media":0,"comment_status":"open","ping_status":"open","sticky":false,"template":"","format":"standard","meta":{"footnotes":""},"categories":[1471,1,1590],"tags":[1461],"class_list":["post-18817","post","type-post","status-publish","format-standard","hentry","category-52-kutuphane-haftasi","category-genel","category-okuma-kulturu","tag-kutuphane-haftasi"],"_links":{"self":[{"href":"https:\/\/www.bbyhaber.com\/bby\/wp-json\/wp\/v2\/posts\/18817"}],"collection":[{"href":"https:\/\/www.bbyhaber.com\/bby\/wp-json\/wp\/v2\/posts"}],"about":[{"href":"https:\/\/www.bbyhaber.com\/bby\/wp-json\/wp\/v2\/types\/post"}],"author":[{"embeddable":true,"href":"https:\/\/www.bbyhaber.com\/bby\/wp-json\/wp\/v2\/users\/1"}],"replies":[{"embeddable":true,"href":"https:\/\/www.bbyhaber.com\/bby\/wp-json\/wp\/v2\/comments?post=18817"}],"version-history":[{"count":0,"href":"https:\/\/www.bbyhaber.com\/bby\/wp-json\/wp\/v2\/posts\/18817\/revisions"}],"wp:attachment":[{"href":"https:\/\/www.bbyhaber.com\/bby\/wp-json\/wp\/v2\/media?parent=18817"}],"wp:term":[{"taxonomy":"category","embeddable":true,"href":"https:\/\/www.bbyhaber.com\/bby\/wp-json\/wp\/v2\/categories?post=18817"},{"taxonomy":"post_tag","embeddable":true,"href":"https:\/\/www.bbyhaber.com\/bby\/wp-json\/wp\/v2\/tags?post=18817"}],"curies":[{"name":"wp","href":"https:\/\/api.w.org\/{rel}","templated":true}]}}