{"id":18813,"date":"2016-03-26T09:23:23","date_gmt":"2016-03-26T07:23:23","guid":{"rendered":"http:\/\/www.bbyhaber.com\/bby\/?p=18813"},"modified":"2016-03-27T08:28:14","modified_gmt":"2016-03-27T06:28:14","slug":"okuma-etkinligine-%e2%80%98havadan%e2%80%99-erteleme-istanbul","status":"publish","type":"post","link":"https:\/\/www.bbyhaber.com\/bby\/2016\/03\/26\/okuma-etkinligine-%e2%80%98havadan%e2%80%99-erteleme-istanbul","title":{"rendered":"Okuma etkinli\u011fine \u2018havadan\u2019 erteleme-\u0130stanbul"},"content":{"rendered":"<p style=\"text-align: justify;\"><img loading=\"lazy\" decoding=\"async\" class=\"alignleft\" src=\"http:\/\/i.hurimg.com\/i\/hurriyet\/90\/620x350\/56f44061c03c0e62108a2d0f.jpg\" alt=\"\" width=\"309\" height=\"174\" \/>T\u00fcrk K\u00fct\u00fcphaneciler Derne\u011fi, 28 Mart\u2019ta a\u00e7\u0131l\u0131\u015f\u0131 yap\u0131lacak olan 52. K\u00fct\u00fcphane Haftas\u0131 kapsam\u0131nda halk\u0131n kitap ve k\u00fct\u00fcphaneye ilgisini art\u0131rmak, okuma al\u0131\u015fkanl\u0131\u011f\u0131 ve okuma k\u00fclt\u00fcr\u00fc konusunda fark\u0131ndal\u0131k yaratmak amac\u0131yla \u015fehir merkezlerinde kitap okuma etkinli\u011fi d\u00fczenlemek istedi. Dernek Ba\u015fkan\u0131 Ali Fuat Kartal, 2012 y\u0131l\u0131nda ba\u015flat\u0131lan ve geleneksel olarak her y\u0131l K\u00fct\u00fcphane Haftas\u0131 kapsam\u0131nda tekrarlanan \u201881 \u0130lde Kitap Okuyoruz\u2019 etkinli\u011fi i\u00e7in \u0130stanbul Valili\u011fi\u2019nden izin talebinde bulundu. Kartal, valili\u011fe yazd\u0131\u011f\u0131 yaz\u0131da \u015funlar\u0131 dile getirdi:<!--more--><\/p>\n<p style=\"text-align: justify;\">30 DAK\u0130KA K\u0130TAP OKUNUYOR<\/p>\n<p style=\"text-align: justify;\">\u201c52. K\u00fct\u00fcphane Haftas\u0131 kapsam\u0131nda valiliklerimizin deste\u011fiyle 81 ilde ayn\u0131 anda 30 Mart \u00c7ar\u015famba g\u00fcn\u00fc 12.30 &#8211; 13.00 saatleri aras\u0131nda valiliklerimizin uygun g\u00f6rece\u011fi \u015fehir meydanlar\u0131nda, 30 dakika sessiz olarak kitap okuyarak ger\u00e7ekle\u015ftirmeyi planlamaktay\u0131z. Ge\u00e7ti\u011fimiz y\u0131llarda valiliklerimizin izni ile \u0130l Halk K\u00fct\u00fcphaneleri okuma etkinli\u011finin organizasyonunu ger\u00e7ekle\u015ftirmi\u015flerdir. Bu y\u0131l 5\u2019incisini ger\u00e7ekle\u015ftirece\u011fimiz geleneksel \u201881 \u0130lde Kitap Okuyoruz\u2019 etkinli\u011fini \u2018\u0130nsan Okur\u2019 slogan\u0131 ile kutlayaca\u011f\u0131z. Etkinli\u011fin ger\u00e7ekle\u015ftirilmesi konusunda valili\u011finizin izin, ilgi ve deste\u011fini sayg\u0131lar\u0131mla arz ederim.\u201d<\/p>\n<p style=\"text-align: justify;\">HAVA MUHALEFET\u0130<\/p>\n<p style=\"text-align: justify;\">Valilik, Kartal\u2019\u0131n talebine olumlu yan\u0131t vermedi. Vali ad\u0131na talebi yan\u0131tlayan \u0130l K\u00fclt\u00fcr ve Turizm M\u00fcd\u00fcr\u00fc Nedret Apayd\u0131n; \u201c27 Mart Pazar g\u00fcn\u00fc saat 14.00\u2019te Beyo\u011flu\/T\u00fcnel &#8211; Galatasaray Lisesi aras\u0131nda ger\u00e7ekle\u015ftirilecek olan \u2018K\u00fct\u00fcphane Haftas\u0131 Y\u00fcr\u00fcy\u00fc\u015f\u00fc\u2019 ile 30 Mart \u00c7ar\u015famba g\u00fcn\u00fc 12.30 &#8211; 13.00 saatleri aras\u0131nda a\u00e7\u0131k alanlarda, meydanlarda ger\u00e7ekle\u015ftirilmesi planlanan \u201881 \u0130lde Kitap Okuyoruz\u2019 etkinlikleri hava muhalefeti g\u00f6z \u00f6n\u00fcnde bulundurularak ileri bir tarihe ertelenmi\u015ftir. 52. K\u00fct\u00fcphane Haftas\u0131 kutlamalar\u0131 28 Mart Pazartesi g\u00fcn\u00fc saat 10.00 da Fatih Ali Emiri Efendi K\u00fclt\u00fcr Merkezi\u2019nde yap\u0131lacak a\u00e7\u0131l\u0131\u015f t\u00f6reni ile ba\u015flayacak olup hafta s\u00fcresince programda yer alan di\u011fer etkinliklerle kutlanacakt\u0131r\u201d dedi.<\/p>\n<p style=\"text-align: justify;\">Kaynak: http:\/\/www.hurriyet.com.tr\/<\/p>\n","protected":false},"excerpt":{"rendered":"<p>T\u00fcrk K\u00fct\u00fcphaneciler Derne\u011fi, 28 Mart\u2019ta a\u00e7\u0131l\u0131\u015f\u0131 yap\u0131lacak olan 52. K\u00fct\u00fcphane Haftas\u0131 kapsam\u0131nda halk\u0131n kitap ve k\u00fct\u00fcphaneye ilgisini art\u0131rmak, okuma al\u0131\u015fkanl\u0131\u011f\u0131 ve okuma k\u00fclt\u00fcr\u00fc konusunda fark\u0131ndal\u0131k yaratmak amac\u0131yla \u015fehir merkezlerinde kitap okuma etkinli\u011fi d\u00fczenlemek istedi. Dernek Ba\u015fkan\u0131 Ali Fuat Kartal, 2012 y\u0131l\u0131nda ba\u015flat\u0131lan ve geleneksel olarak her y\u0131l K\u00fct\u00fcphane Haftas\u0131 kapsam\u0131nda tekrarlanan \u201881 \u0130lde Kitap Okuyoruz\u2019 [&hellip;]<\/p>\n","protected":false},"author":1,"featured_media":0,"comment_status":"open","ping_status":"open","sticky":false,"template":"","format":"standard","meta":{"footnotes":""},"categories":[1471,1,1496],"tags":[78,1461],"class_list":["post-18813","post","type-post","status-publish","format-standard","hentry","category-52-kutuphane-haftasi","category-genel","category-kitap-okuma-etkinligi","tag-okuma-eylemi","tag-kutuphane-haftasi"],"_links":{"self":[{"href":"https:\/\/www.bbyhaber.com\/bby\/wp-json\/wp\/v2\/posts\/18813"}],"collection":[{"href":"https:\/\/www.bbyhaber.com\/bby\/wp-json\/wp\/v2\/posts"}],"about":[{"href":"https:\/\/www.bbyhaber.com\/bby\/wp-json\/wp\/v2\/types\/post"}],"author":[{"embeddable":true,"href":"https:\/\/www.bbyhaber.com\/bby\/wp-json\/wp\/v2\/users\/1"}],"replies":[{"embeddable":true,"href":"https:\/\/www.bbyhaber.com\/bby\/wp-json\/wp\/v2\/comments?post=18813"}],"version-history":[{"count":0,"href":"https:\/\/www.bbyhaber.com\/bby\/wp-json\/wp\/v2\/posts\/18813\/revisions"}],"wp:attachment":[{"href":"https:\/\/www.bbyhaber.com\/bby\/wp-json\/wp\/v2\/media?parent=18813"}],"wp:term":[{"taxonomy":"category","embeddable":true,"href":"https:\/\/www.bbyhaber.com\/bby\/wp-json\/wp\/v2\/categories?post=18813"},{"taxonomy":"post_tag","embeddable":true,"href":"https:\/\/www.bbyhaber.com\/bby\/wp-json\/wp\/v2\/tags?post=18813"}],"curies":[{"name":"wp","href":"https:\/\/api.w.org\/{rel}","templated":true}]}}