{"id":18809,"date":"2016-03-25T19:18:31","date_gmt":"2016-03-25T17:18:31","guid":{"rendered":"http:\/\/www.bbyhaber.com\/bby\/?p=18809"},"modified":"2016-03-25T19:19:34","modified_gmt":"2016-03-25T17:19:34","slug":"tkd-ulusal-sayisallastirma-grubu","status":"publish","type":"post","link":"https:\/\/www.bbyhaber.com\/bby\/2016\/03\/25\/tkd-ulusal-sayisallastirma-grubu","title":{"rendered":"TKD Ulusal Say\u0131salla\u015ft\u0131rma Grubu"},"content":{"rendered":"<p style=\"text-align: justify;\"><a href=\"http:\/\/www.sayisallastirma.org\/wp-content\/uploads\/2013\/06\/DSC_5613-913x400.jpg\"><img loading=\"lazy\" decoding=\"async\" class=\"alignleft\" src=\"http:\/\/www.sayisallastirma.org\/wp-content\/uploads\/2013\/06\/DSC_5613-913x400.jpg\" alt=\"\" width=\"229\" height=\"150\" \/><\/a>T\u00fcrkiye\u2019de k\u00fct\u00fcphanecilik ve ar\u015fivcilik alan\u0131nda yap\u0131lan say\u0131salla\u015ft\u0131rma \u00e7al\u0131\u015fmalar\u0131na yard\u0131mc\u0131 olacak fikirler ve \u00e7al\u0131\u015fmalar ortaya koymak amac\u0131yla &#8220;17 May\u0131s 2013 tarihinde \u0130stanbul&#8217;da, yap\u0131lan toplant\u0131da\u00a0<strong>Ulusal Say\u0131salla\u015ft\u0131rma Komitesi\u00a0<\/strong>kurulmas\u0131na karar verilmi\u015fti. Say\u0131salla\u015ft\u0131rma ile ilgili ba\u015fvurulabilecek standart ve k\u0131lavuzlar\u0131n haz\u0131rlan\u0131p, yay\u0131nlanmas\u0131n\u0131 sa\u011flamak, bu \u00e7er\u00e7evede \u00f6ncelikli olarak yazma ve eski harfli basma eserlerin say\u0131salla\u015ft\u0131r\u0131lmas\u0131 ile ilgili \u00e7al\u0131\u015fmalara destek olmak amac\u0131yla kurulan komite, bundan sonra faaliyetlerini TKD Genel Merkezine ba\u011fl\u0131 bir \u00e7al\u0131\u015fma grubu olarak s\u00fcrd\u00fcrecektir.\u00a0<!--more--><\/p>\n<p style=\"text-align: justify;\">TKD Ulusal Say\u0131salla\u015ft\u0131rma Grubu, a\u015fa\u011f\u0131da isimleri belirtilen meslekta\u015flar\u0131m\u0131zdan olu\u015fmaktad\u0131r:<\/p>\n<p style=\"text-align: justify;\"><strong>Bahar B\u0130\u00c7EN ARAS<\/strong>\u00a0&#8211; MEF \u00dcniversitesi K\u00fct\u00fcphanesi<\/p>\n<p style=\"text-align: justify;\"><strong>Berrin BALKA\u015e YILMAZ<\/strong>\u00a0&#8211; Ata\u015fehir Ad\u0131g\u00fczel \u00dcniversitesi MYO<\/p>\n<p style=\"text-align: justify;\"><strong>Emine G\u00dcR<\/strong>\u00a0&#8211; Bo\u011fazi\u00e7i \u00dcniversitesi K\u00fct\u00fcphanesi<\/p>\n<p style=\"text-align: justify;\"><strong>Erdal I\u015eIK<\/strong>\u00a0&#8211; \u0130stanbul Teknik \u00dcniversitesi K\u00fct\u00fcphanesi<\/p>\n<p style=\"text-align: justify;\"><strong>G\u00fcss\u00fcn G\u00dcNE\u015e<\/strong>\u00a0&#8211; Marmara \u00dcniversitesi K\u00fct\u00fcphanesi<\/p>\n<p style=\"text-align: justify;\"><strong>H\u00fcseyin T\u00dcRKMEN<\/strong>\u00a0&#8211; Atat\u00fcrk Kitapl\u0131\u011f\u0131<\/p>\n<p style=\"text-align: justify;\"><strong>I\u015f\u0131l \u0130lknur SERT<\/strong>\u00a0&#8211; \u0130stanbul \u00dcniversitesi\u00a0Edebiyat Fak\u00fcltesi<\/p>\n<p style=\"text-align: justify;\"><strong>Muaz Ayhan I\u015eIK<\/strong>\u00a0&#8211; TBMM K\u00fct\u00fcphanesi<\/p>\n<p style=\"text-align: justify;\"><strong>Neslihan SANDAL<\/strong>\u00a0&#8211; IRCICA K\u00fct\u00fcphanesi<\/p>\n<p style=\"text-align: justify;\"><strong>Nihal SOMER<\/strong>\u00a0&#8211; \u0130stanbul \u00dcniversitesi Edebiyat Fak\u00fcltesi<\/p>\n<p style=\"text-align: justify;\"><strong>Nurcan Toprak<\/strong>\u00a0&#8211; IRCICA K\u00fct\u00fcphanesi<\/p>\n<p style=\"text-align: justify;\"><strong>Pervin BEZ\u0130RC\u0130<\/strong>\u00a0&#8211; \u0130stanbul \u00dcniversitesi K\u00fct\u00fcphanesi<\/p>\n<p style=\"text-align: justify;\"><strong>Sinan KU\u015eDO\u011eAN<\/strong>\u00a0&#8211; SK Teknoloji<\/p>\n<p style=\"text-align: justify;\"><strong>Ufuk MAZLUM<\/strong>\u00a0&#8211; Atat\u00fcrk Kitapl\u0131\u011f\u0131<\/p>\n<p style=\"text-align: justify;\"><span style=\"color: #ff0000;\"><strong>Ulusal Say\u0131salla\u015ft\u0131rma Komitesi \u00c7al\u0131\u015fma Esaslar\u0131<\/strong><\/span><\/p>\n<p style=\"text-align: justify;\"><strong>Ulusal Say\u0131salla\u015ft\u0131rma Komitesinin Amac\u0131<\/strong><br \/>\nT\u00fcrkiye\u2019de k\u00fct\u00fcphanecilik ve ar\u015fivcilik alan\u0131nda yap\u0131lan say\u0131salla\u015ft\u0131rma \u00e7al\u0131\u015fmalar\u0131na yard\u0131mc\u0131 olacak fikirler ve \u00e7al\u0131\u015fmalar ortaya koymak. Konuyla ilgili ba\u015fvurulabilecek standart ve k\u0131lavuzlar\u0131n haz\u0131rlan\u0131p, yay\u0131nlanmas\u0131n\u0131 sa\u011flamak. Bu \u00e7er\u00e7evede \u00f6ncelikli olarak yazma ve eski harfli basma eserlerin say\u0131salla\u015ft\u0131r\u0131lmas\u0131 ile ilgili \u00e7al\u0131\u015fmalara destek olmak.<\/p>\n<p style=\"text-align: justify;\"><strong>Ulusal Say\u0131salla\u015ft\u0131rma Komitesinin Kurulu\u015f Tarihi<\/strong><br \/>\n17 May\u0131s 2013 tarihinde \u0130stanbul\u2019da IRCICA\u2019n\u0131n ev sahipli\u011finde d\u00fczenlenen \u00abSay\u0131salla\u015ft\u0131rma \u00c7al\u0131\u015fma Grubu Toplant\u0131s\u0131\u00bb ile kurulmu\u015ftur.<\/p>\n<p style=\"text-align: justify;\"><strong>Ulusal Say\u0131salla\u015ft\u0131rma Komitesinin Yap\u0131s\u0131<\/strong><br \/>\nUlusal Say\u0131salla\u015ft\u0131rma Komitesi, 4 ayr\u0131 \u00e7al\u0131\u015fma grubu, 1 teknik birim ve Y\u00f6netim Kurulu\u2019ndan olu\u015fur.<\/p>\n<p style=\"text-align: justify;\"><strong>Ulusal Say\u0131salla\u015ft\u0131rma Komitesi \u00dcyeleri<\/strong><br \/>\n17 May\u0131s-19 Eyl\u00fcl 2013 tarihleri aras\u0131nda belirlenen ki\u015filerden olu\u015fur. Ulusal Say\u0131salla\u015ft\u0131rma Komitesine \u00fcyelik ve ayr\u0131lma talebi, bilgi@sayisallastirma.org adresine ki\u015finin kendisi taraf\u0131ndan yaz\u0131l\u0131 olarak yap\u0131l\u0131r. Y\u00f6netim Kurulu onay\u0131 ile ger\u00e7ekle\u015ftirilir.<\/p>\n<p style=\"text-align: justify;\"><strong>Y\u00f6netim Kurulu Yap\u0131s\u0131<\/strong><br \/>\n4 \u00e7al\u0131\u015fma grubu ba\u015fkan\u0131, 17 May\u0131s 2013 tarihinde belirlenen ve ad\u0131na sekreterya denilen 3 ki\u015fi ve Teknik \u00c7al\u0131\u015fma Grubundan se\u00e7ilecek 1 ki\u015fi Y\u00f6netim Kurulu\u2019nu olu\u015fturur. Y\u00f6netim Kurulu\u2019n\u0131n kurulmas\u0131yla Sekreterya ad\u0131 ortadan kalkm\u0131\u015f, sekreteryan\u0131n t\u00fcm g\u00f6revleri Y\u00f6netim Kurulu\u2019na devrolunmu\u015ftur. Y\u00f6netim Kurulu 8 ki\u015fiden meydana gelmektedir.<\/p>\n<p style=\"text-align: justify;\"><strong>Y\u00f6netim Kurulu \u00dcyelerinin G\u00f6rev ve Sorumluluklar\u0131<\/strong><br \/>\nHer \u00fc\u00e7 ayda bir komisyonlardan rapor almak, de\u011ferlendirmek ve belirli aral\u0131klarla al\u0131nan kararlar\u0131 kamuoyu ile payla\u015fmak.<br \/>\n\u00dcyeliklerle ilgili kararlar\u0131 oy birli\u011fi\/oy \u00e7oklu\u011fu ile almak.<br \/>\nAl\u0131nan kararlar\u0131n Devlet d\u00fczeyinde sunulmas\u0131 i\u00e7in gereken irtibat\u0131 kurmak.<br \/>\nKomisyonlar i\u00e7indeki anla\u015fmazl\u0131klarda hakem rol\u00fc oynamak.<br \/>\n\u00c7e\u015fitli kurumlara dan\u0131\u015fmanl\u0131k hizmetlerinin y\u00fcr\u00fct\u00fclmesinde \u00f6nc\u00fcl\u00fck yapmak.<br \/>\nGenel toplant\u0131lar\u0131n d\u00fczenlenmesini kararla\u015ft\u0131rmak.<br \/>\nAyda bir Y\u00f6netim Kurulu toplant\u0131s\u0131 d\u00fczenlemek, kat\u0131lamayan ba\u015fkanlar\u0131n yerlerine ilgili \u00e7al\u0131\u015fma grubundan bir \u00fcyenin mutlaka yer almas\u0131n\u0131 sa\u011flamak.<br \/>\nY\u00f6netim Kurulu toplant\u0131lar\u0131na \u00fcst \u00fcste 2 kez kat\u0131lmayan ve\/veya \u00e7al\u0131\u015fma grubundaki \u00fcyelerinden bir temsilciyi g\u00f6revlendirmeyen ba\u015fkanlar\u0131 Y\u00f6netim Kurulu karar\u0131yla g\u00f6revden almak ve yerine yeni ba\u015fkan se\u00e7ilmesini sa\u011flamak.<\/p>\n<p style=\"text-align: justify;\"><strong>\u00c7al\u0131\u015fma Grubu Ba\u015fkanlar\u0131n\u0131n G\u00f6revleri<\/strong><br \/>\n\u00c7al\u0131\u015fmalar\u0131n grup \u00fcyeleri ile koordineli y\u00fcr\u00fct\u00fclmesini sa\u011flamak. Gerekti\u011finde y\u00fcz y\u00fcze ya da sanal ortamda toplant\u0131lar d\u00fczenlemek.<br \/>\n\u00c7al\u0131\u015fma Grubundan beklenen g\u00f6revler i\u00e7in gereken t\u00fcm \u00e7al\u0131\u015fmalar\u0131 organize etmek.<br \/>\nGrup \u00fcyeleri aras\u0131ndaki \u00e7al\u0131\u015fma ilkelerini ve g\u00f6rev da\u011f\u0131l\u0131m\u0131n\u0131 belirlemek.<br \/>\nAyda bir kez yap\u0131lacak Y\u00f6netim Kurulu toplant\u0131s\u0131na kat\u0131lmak veya \u00e7al\u0131\u015fma grubundan bir \u00fcyeyi g\u00f6revlendirmek.<br \/>\nYap\u0131lan \u00e7al\u0131\u015fmalar\u0131 \u00fc\u00e7 ayda bir Y\u00f6netim Kurulu\u2019na rapor olarak sunmak.<\/p>\n<p style=\"text-align: justify;\"><strong>\u00c7al\u0131\u015fma Grubu \u00dcyelerinin G\u00f6revleri<\/strong><br \/>\n\u00c7al\u0131\u015fma Grubu ba\u015fkan\u0131n\u0131n olu\u015fturdu\u011fu g\u00f6rev da\u011f\u0131l\u0131m\u0131na uygun davranmak.<br \/>\nRaporlar\u0131n olu\u015fturulmas\u0131nda katk\u0131 sa\u011flamak.<br \/>\nY\u00fcz y\u00fcze ya da sanal ortamda yap\u0131lacak toplant\u0131lara i\u015ftirak etmek.<br \/>\n\u0130nternet \u00fczerinde olu\u015fturulan \u00c7al\u0131\u015fma Grubuna ait haberle\u015fme listelerindeki yaz\u0131\u015fmalarda fikre kat\u0131ld\u0131\u011f\u0131n\u0131 ya da eksik buldu\u011funu yazarak mutlaka bir d\u00fc\u015f\u00fcnce beyan etmek.<br \/>\nHer 3 ayl\u0131k \u00e7al\u0131\u015fma s\u00fcresi i\u00e7inde yap\u0131lan yaz\u0131\u015fmalarda olumlu-olumsuz g\u00f6r\u00fc\u015f bildirmek. Aktif kat\u0131l\u0131m\u0131 \/ deste\u011fi \u00e7al\u0131\u015fma grubu ba\u015fkan\u0131 taraf\u0131ndan tespit edilen komisyon \u00fcyesi, yap\u0131lacak inceleme sonucunda Y\u00f6netim Kurulu karar\u0131yla \u00fcyelikten \u00e7\u0131kar\u0131l\u0131r.<\/p>\n<p style=\"text-align: justify;\"><strong>\u00c7al\u0131\u015fma Grubu Raporlar\u0131<\/strong><br \/>\nHer \u00e7al\u0131\u015fma grubu \u00fc\u00e7 ayda bir ne gibi \u00e7al\u0131\u015fmalar yapt\u0131\u011f\u0131n\u0131 ortaya koyar.<br \/>\nGelecek d\u00f6nem i\u00e7in yap\u0131lmas\u0131 gerekenleri bildirir.<br \/>\nBu raporlar\u0131n \u00f6zetleri, alt\u0131 ayda bir ya da y\u0131lda bir kez kamuoyu ile payla\u015f\u0131l\u0131r.Komisyon \u00fcyelerini g\u00f6rmek i\u00e7in t\u0131klay\u0131n\u0131z.Ulusal ve uluslararas\u0131 d\u00fczeyde yap\u0131lan kataloglama \u00e7al\u0131\u015fmalar\u0131n\u0131 ara\u015ft\u0131rarak, \u00fclkemizde say\u0131salla\u015ft\u0131r\u0131lan kaynaklar\u0131n tan\u0131mlanmas\u0131nda kullan\u0131lacak metadata alanlar\u0131n\u0131n belirlemek.<\/p>\n<p style=\"text-align: justify;\"><strong>Kataloglama\/Metadata\/RDA \u00c7al\u0131\u015fma Grubundan Beklenenler<\/strong><br \/>\nKomisyon \u00fcyelerini g\u00f6rmek i\u00e7in t\u0131klay\u0131n\u0131z.<\/p>\n<p style=\"text-align: justify;\">Ana ama\u00e7<br \/>\nPersonel, e\u011fitim, bilgi kaynaklar\u0131n\u0131n payla\u015f\u0131m\u0131, projelendirme deste\u011fi donan\u0131m, finansman y\u00f6netimi gibi alanlarda hangi kurumlar\u0131n nas\u0131l i\u015fbirli\u011fi yapabilece\u011fini belirlemek.<\/p>\n<p style=\"text-align: justify;\">Ad\u0131mlar<br \/>\n\u00c7al\u0131\u015fma Grubu \u00fcyelerinin yazma ve eski harfli basma eserler ile ilgili hangi niteleme alanlar\u0131n\u0131 kulland\u0131klar\u0131n\u0131 belirlemek,<br \/>\nGerekirse ba\u015fka k\u00fct\u00fcphanelerdeki uygulamalar\u0131 incelemek, durum tespiti yapmak,<br \/>\nUluslararas\u0131 kataloglama ve metadata standartlar\u0131n\u0131 incelemek ve ortak kullan\u0131labilecek metadata alanlar\u0131n\u0131 belirlemek,<br \/>\nBu alan adlar\u0131n\u0131n RDA \u00e7al\u0131\u015fmalar\u0131 ile uyumlu olmas\u0131n\u0131 sa\u011flamak,<br \/>\nYazar adlar\u0131 ve konu ba\u015fl\u0131klar\u0131nda, bir standard\u0131 yakalamak \u00fczere yetke dizinleri olu\u015fturmaya \u00e7al\u0131\u015fmak, RDA \u00e7al\u0131\u015fmalar\u0131 ile uyumlu olmas\u0131n\u0131 sa\u011flamak.<br \/>\nSay\u0131salla\u015ft\u0131rma s\u00f6zl\u00fc\u011f\u00fc ve rehberi haz\u0131rlamakta katk\u0131da bulunmak.<\/p>\n<p style=\"text-align: justify;\">\u00dcyelerden Beklenenler<br \/>\nT\u00fcm bu \u00e7al\u0131\u015fmalara aktif kat\u0131l\u0131m sa\u011flamak,<br \/>\nK\u00fct\u00fcphanelerindeki duruma ait rapor haz\u0131rlamak,<br \/>\nBa\u015fkan\u0131n \u00fc\u00e7 ayda bir haz\u0131rlayaca\u011f\u0131 rapora katk\u0131 sunmak.<\/p>\n<p style=\"text-align: justify;\">Ba\u015fkandan Beklenenler<br \/>\n\u00dcyeler aras\u0131nda koordinasyonu sa\u011flamak, \u00e7al\u0131\u015fmalarda motive edici ve y\u00f6nlendirici olmak.<br \/>\n\u00dc\u00e7 ayda bir Y\u00f6netim Kuruluna rapor sunmak,<br \/>\nT\u00fcm \u00e7al\u0131\u015fmalar sonucunda somut olarak:<br \/>\nT\u00fcrkiye i\u00e7in yazma ve eski harfli basma eserler ile ilgili nitelemedeki alan adlar\u0131n\u0131 belirlemek,<br \/>\nT\u00fcrkiye i\u00e7in yazma ve eski harfli basma eserler ile ilgili yetke dizini belirlemek,<br \/>\nT\u00fcm \u00e7al\u0131\u015fmalar\u0131n AAKK2 ve RDA \u00e7al\u0131\u015fmalar\u0131 ile uyumlu olmas\u0131n\u0131 sa\u011flamak.<\/p>\n<p style=\"text-align: justify;\">\u0130\u015fbirli\u011fi \u00c7al\u0131\u015fma Grubundan Beklenenler<br \/>\n.Komisyon \u00fcyelerini g\u00f6rmek i\u00e7in t\u0131klay\u0131n\u0131z<br \/>\nAna ama\u00e7<br \/>\nPersonel, e\u011fitim, bilgi kaynaklar\u0131n\u0131n payla\u015f\u0131m\u0131, projelendirme deste\u011fi donan\u0131m, finansman y\u00f6netimi gibi alanlarda hangi kurumlar\u0131n nas\u0131l i\u015fbirli\u011fi yapabilece\u011fini belirlemek.<br \/>\nAd\u0131mlar<br \/>\n\u00c7al\u0131\u015fma Grubu \u00fcyesi kurumlar ve yazma\/eski harfli basma eserlere sahip kurumlardaki durum tespitinin yap\u0131lmas\u0131n\u0131 sa\u011flamak<br \/>\nPersonel e\u011fitim programlar\u0131 ile ilgili model \u00f6nermek,<br \/>\nBilgi kaynaklar\u0131n\u0131n hangi ortamda (elektronik tiff ya da jpg) , nas\u0131l payla\u015f\u0131laca\u011f\u0131na dair durum tespiti yapmak,<br \/>\nKurumlar\u0131n i\u015fbirli\u011fi \u015fartlar\u0131n\u0131 belli kurallara ba\u011flamak i\u00e7in altyap\u0131y\u0131 haz\u0131rlamak, kural listeleri belirlemek,<br \/>\nUluslararas\u0131 \u00e7al\u0131\u015fmalar\u0131 inceleyerek bu \u00e7al\u0131\u015fmalardan fikri, maddi vb. katk\u0131 sa\u011flamak,<br \/>\nT\u00fcm T\u00fcrkiye\u2019de bu kurallar\u0131n i\u015flemesi i\u00e7in denetleyici ve yard\u0131mc\u0131 g\u00f6rev \u00fcstlenmek.<\/p>\n<p style=\"text-align: justify;\">\u00dcyelerden Beklenenler<br \/>\nT\u00fcm bu \u00e7al\u0131\u015fmalara aktif kat\u0131l\u0131m sa\u011flamak,<br \/>\nKurallar\u0131 olu\u015fturmadan \u00f6nce anket formu vb. \u00e7al\u0131\u015fmalarda aktif katk\u0131 sa\u011flamak,<br \/>\nKurallar\u0131 t\u00fcm kurumlar\u0131 kucaklayacak \u015fekilde ortaya koymak,<br \/>\nBa\u015fkan\u0131n \u00fc\u00e7 ayda bir haz\u0131rlayaca\u011f\u0131 rapora katk\u0131 sunmak.<br \/>\nBa\u015fkandan Beklenenler<br \/>\n\u00dcyeler aras\u0131nda koordinasyonu sa\u011flamak, \u00e7al\u0131\u015fmalarda motive edici ve y\u00f6nlendirici olmak.<br \/>\n\u00dc\u00e7 ayda bir Y\u00f6netim Kuruluna rapor sunmak,<br \/>\nT\u00fcm \u00e7al\u0131\u015fmalar sonucunda somut olarak:<br \/>\nT\u00fcrkiye i\u00e7in yazma ve eski harfli basma eserler ile ilgili i\u015fbirli\u011fi yap\u0131lacak alan adlar\u0131n\u0131 belirlemek,<br \/>\nT\u00fcrkiye i\u00e7in yazma ve eski harfli basma eserler ile ilgili i\u015fbirli\u011fi e\u011fitim \u00e7al\u0131\u015fmalar\u0131n\u0131 koordine etmek,<br \/>\nKurumlararas\u0131 i\u015fbirli\u011fi \u00e7al\u0131\u015fmalar\u0131na ait sabit kurallar ortaya koymak,<br \/>\nBu kurallar\u0131n uygulanmas\u0131nda aktif \u00e7al\u0131\u015fmak.Konuyla ilgili olarak Avrupa Birli\u011fi, T\u00dcB\u0130TAK, Kalk\u0131nma Ajanslar\u0131 vb. kurumlar taraf\u0131ndan desteklenecek projelerin haz\u0131rlanmas\u0131nda dan\u0131\u015fmanl\u0131k ve \u00f6nc\u00fcl\u00fck etmek. Balkan \u00fclkeleri ile yap\u0131labilecek proje bazl\u0131 i\u015fbirlikleri de\u011ferlendirmek.<\/p>\n<p style=\"text-align: justify;\">Ulusal ve Uluslararas\u0131 Projeler \u00c7al\u0131\u015fma Grubundan Beklenenler<br \/>\nKomisyon \u00fcyelerini g\u00f6rmek i\u00e7in t\u0131klay\u0131n\u0131z.<\/p>\n<p style=\"text-align: justify;\">Ana Ama\u00e7<br \/>\nKonuyla ilgili olarak Avrupa Birli\u011fi, T\u00dcB\u0130TAK, Kalk\u0131nma Ajanslar\u0131 vb. kurumlar taraf\u0131ndan desteklenecek projelerin haz\u0131rlanmas\u0131nda dan\u0131\u015fmanl\u0131k ve \u00f6nc\u00fcl\u00fck etmek. Balkan \u00fclkeleri ile yap\u0131labilecek proje bazl\u0131 i\u015fbirlikleri de\u011ferlendirmek.<\/p>\n<p style=\"text-align: justify;\">Ad\u0131mlar<br \/>\n\u00c7al\u0131\u015fma Grubu \u00fcyesi kurumlar ve yazma\/eski harfli basma eserlere sahip kurumlardaki projelere y\u00f6nelik durum tespitinin yap\u0131lmas\u0131n\u0131 sa\u011flamak,<br \/>\nProje haz\u0131rlamayla ilgili model \u00f6nermek,<br \/>\nOrtak projeler i\u00e7in Avrupa Birli\u011fi, T\u00dcB\u0130TAK vb. kurumlarla i\u015fbirli\u011fi altyap\u0131s\u0131n\u0131 haz\u0131rlamak,<br \/>\nGerekirse proje haz\u0131rlama konusunda e\u011fitimler d\u00fczenlemek,<br \/>\nVarolan, s\u00fcren ve yap\u0131lacak projelerde dan\u0131\u015fmanl\u0131k yapmak,<br \/>\nUluslararas\u0131 projelere imza atmak.<\/p>\n<p style=\"text-align: justify;\">\u00dcyelerden Beklenenler<br \/>\nT\u00fcm bu \u00e7al\u0131\u015fmalara aktif kat\u0131l\u0131m sa\u011flamak,<br \/>\nProje e\u011fitimi almak, proje e\u011fitimi planlamak,<br \/>\nProjelerin ilgili t\u00fcm kurumlar\u0131 kucaklayacak haz\u0131rlanmas\u0131n\u0131 sa\u011flamak,<br \/>\nBa\u015fkan\u0131n \u00fc\u00e7 ayda bir haz\u0131rlayaca\u011f\u0131 rapora katk\u0131 sunmak.<\/p>\n<p style=\"text-align: justify;\">Ba\u015fkandan Beklenenler<br \/>\n\u00dcyeler aras\u0131nda koordinasyonu sa\u011flamak, \u00e7al\u0131\u015fmalarda motive edici ve y\u00f6nlendirici olmak.<br \/>\n\u00dc\u00e7 ayda bir Y\u00f6netim Kurulu\u2019na rapor sunmak,<br \/>\nT\u00fcm \u00e7al\u0131\u015fmalar sonucunda somut olarak:<br \/>\nProje y\u00f6netimi e\u011fitimi planlamak,<br \/>\nKurumlar aras\u0131 projeleri aktif \u015fekilde koordine etmek<\/p>\n<p style=\"text-align: justify;\">Standartlar \u00c7al\u0131\u015fma Grubundan Beklenenler<\/p>\n<p style=\"text-align: justify;\">Ana Ama\u00e7<br \/>\nSay\u0131salla\u015ft\u0131rma ile ilgili standartlar\u0131n belirlenmesi ve uygulanmas\u0131nda dan\u0131\u015fmanl\u0131k ve \u00f6nc\u00fcl\u00fck yapmak.<\/p>\n<p style=\"text-align: justify;\">Ad\u0131mlar<br \/>\n\u00c7al\u0131\u015fma Grubu \u00fcyesi kurumlar ve yazma\/eski harfli basma eserlere sahip kurumlardaki standartlara y\u00f6nelik durum tespitinin yap\u0131lmas\u0131n\u0131 sa\u011flamak,<br \/>\nStandartlarla ilgili model \u00f6nermek,<br \/>\nBu konuda yap\u0131lm\u0131\u015f uluslararas\u0131 \u00e7al\u0131\u015fmalar\u0131 ortaya koymak,<br \/>\nTSE b\u00fcnyesinde kabul edilebilecek bir say\u0131salla\u015ft\u0131rma standartlar\u0131 belgesi ortaya koymak,<br \/>\nVarolan, s\u00fcren ve yap\u0131lacak projelerde standartlar\u0131n tutturulmas\u0131 i\u00e7in dan\u0131\u015fmanl\u0131k yapmak.<\/p>\n<p style=\"text-align: justify;\">\u00dcyelerden Beklenenler<br \/>\nT\u00fcm bu \u00e7al\u0131\u015fmalara aktif kat\u0131l\u0131m sa\u011flamak,<br \/>\nStandartlar\u0131 planlamak,<br \/>\nStandartlar\u0131n ilgili t\u00fcm kurumlarda uygulanacak \u015fekilde haz\u0131rlanmas\u0131n\u0131 sa\u011flamak,<br \/>\nBa\u015fkan\u0131n \u00fc\u00e7 ayda bir haz\u0131rlayaca\u011f\u0131 rapora katk\u0131 sunmak.<\/p>\n<p style=\"text-align: justify;\">Ba\u015fkandan Beklenenler<br \/>\n\u00dcyeler aras\u0131nda koordinasyonu sa\u011flamak, \u00e7al\u0131\u015fmalarda motive edici ve y\u00f6nlendirici olmak.<br \/>\n\u00dc\u00e7 ayda bir Y\u00f6netim Kurulu\u2019na rapor sunmak,<br \/>\nT\u00fcm \u00e7al\u0131\u015fmalar sonucunda somut olarak TSE taraf\u0131ndan kabul edilecek standartlar\u0131 ortaya koymak.<\/p>\n<p style=\"text-align: justify;\"><a href=\"http:\/\/www.sayisallastirma.org\/\" target=\"_blank\">Web sayfas\u0131 i\u00e7in t\u0131klay\u0131n\u0131z<\/a><\/p>\n","protected":false},"excerpt":{"rendered":"<p>T\u00fcrkiye\u2019de k\u00fct\u00fcphanecilik ve ar\u015fivcilik alan\u0131nda yap\u0131lan say\u0131salla\u015ft\u0131rma \u00e7al\u0131\u015fmalar\u0131na yard\u0131mc\u0131 olacak fikirler ve \u00e7al\u0131\u015fmalar ortaya koymak amac\u0131yla &#8220;17 May\u0131s 2013 tarihinde \u0130stanbul&#8217;da, yap\u0131lan toplant\u0131da\u00a0Ulusal Say\u0131salla\u015ft\u0131rma Komitesi\u00a0kurulmas\u0131na karar verilmi\u015fti. Say\u0131salla\u015ft\u0131rma ile ilgili ba\u015fvurulabilecek standart ve k\u0131lavuzlar\u0131n haz\u0131rlan\u0131p, yay\u0131nlanmas\u0131n\u0131 sa\u011flamak, bu \u00e7er\u00e7evede \u00f6ncelikli olarak yazma ve eski harfli basma eserlerin say\u0131salla\u015ft\u0131r\u0131lmas\u0131 ile ilgili \u00e7al\u0131\u015fmalara destek olmak amac\u0131yla kurulan [&hellip;]<\/p>\n","protected":false},"author":1,"featured_media":0,"comment_status":"open","ping_status":"open","sticky":false,"template":"","format":"standard","meta":{"footnotes":""},"categories":[1],"tags":[],"class_list":["post-18809","post","type-post","status-publish","format-standard","hentry","category-genel"],"_links":{"self":[{"href":"https:\/\/www.bbyhaber.com\/bby\/wp-json\/wp\/v2\/posts\/18809"}],"collection":[{"href":"https:\/\/www.bbyhaber.com\/bby\/wp-json\/wp\/v2\/posts"}],"about":[{"href":"https:\/\/www.bbyhaber.com\/bby\/wp-json\/wp\/v2\/types\/post"}],"author":[{"embeddable":true,"href":"https:\/\/www.bbyhaber.com\/bby\/wp-json\/wp\/v2\/users\/1"}],"replies":[{"embeddable":true,"href":"https:\/\/www.bbyhaber.com\/bby\/wp-json\/wp\/v2\/comments?post=18809"}],"version-history":[{"count":0,"href":"https:\/\/www.bbyhaber.com\/bby\/wp-json\/wp\/v2\/posts\/18809\/revisions"}],"wp:attachment":[{"href":"https:\/\/www.bbyhaber.com\/bby\/wp-json\/wp\/v2\/media?parent=18809"}],"wp:term":[{"taxonomy":"category","embeddable":true,"href":"https:\/\/www.bbyhaber.com\/bby\/wp-json\/wp\/v2\/categories?post=18809"},{"taxonomy":"post_tag","embeddable":true,"href":"https:\/\/www.bbyhaber.com\/bby\/wp-json\/wp\/v2\/tags?post=18809"}],"curies":[{"name":"wp","href":"https:\/\/api.w.org\/{rel}","templated":true}]}}