{"id":18802,"date":"2016-03-25T18:21:44","date_gmt":"2016-03-25T16:21:44","guid":{"rendered":"http:\/\/www.bbyhaber.com\/bby\/?p=18802"},"modified":"2016-05-10T11:32:49","modified_gmt":"2016-05-10T08:32:49","slug":"darussafaka-egitim-kurumlari-is-ilani-son-basvuru-29-nisan-2016","status":"publish","type":"post","link":"https:\/\/www.bbyhaber.com\/bby\/2016\/03\/25\/darussafaka-egitim-kurumlari-is-ilani-son-basvuru-29-nisan-2016","title":{"rendered":"Dar\u00fc\u015f\u015fafaka E\u011fitim Kurumlar\u0131 \u0130\u015f \u0130lan\u0131-Son ba\u015fvuru-29 Nisan 2016"},"content":{"rendered":"<p style=\"text-align: justify;\"><a href=\"http:\/\/www.bbyhaber.com\/bby\/category\/bby-is-ilanlari\/\"><img loading=\"lazy\" decoding=\"async\" class=\"alignleft colorbox-9771\" src=\"http:\/\/www.bbyhaber.com\/bby\/wp-content\/uploads\/is-ilanlari-arsivi.jpg\" alt=\"\" width=\"250\" height=\"150\" \/><\/a>T\u00fcrkiye&#8217;nin e\u011fitim alan\u0131ndaki ilk sivil toplum kurulu\u015fu olan Dar\u00fc\u015f\u015fafaka,\u00a0<strong>153\u00a0y\u0131ld\u0131r<\/strong>\u00a0<strong>\u201cE\u011fitimde F\u0131rsat E\u015fitli\u011fi\u201d<\/strong>\u00a0misyonuyla annesi veya babas\u0131 hayatta olmayan, ailesinin maddi olanaklar\u0131 nedeniyle iyi e\u011fitim alamayan ba\u015far\u0131l\u0131\u00a0\u00f6\u011frencilere, ortaokul 1. s\u0131n\u0131ftan ba\u015flayarak \u00fcniversiteye\u00a0kadar yat\u0131l\u0131 ve tam burslu, kolej e\u011fitimi vermektedir.<!--more--><\/p>\n<p style=\"text-align: justify;\">Dar\u00fc\u015f\u015fafaka E\u011fitim Kurumlar\u0131&#8217;nda g\u00f6revlendirilmek \u00fczere\u00a0<strong>\u2018K\u00fct\u00fcphane \u00d6\u011fretmeni\u2019\u00a0<\/strong>al\u0131nacakt\u0131r.<\/p>\n<ul style=\"text-align: justify;\">\n<li>\u00dcniversitelerin ilgili b\u00f6l\u00fcmlerinden mezun,<\/li>\n<li>Bran\u015f\u0131nda en az 5 y\u0131l deneyimli,<\/li>\n<li>\u00c7a\u011fda\u015f e\u011fitim y\u00f6ntem ve teknolojilerini kullanabilen,<\/li>\n<li>Kataloglama ve Dewey sistmine\u00a0hakim,<\/li>\n<li>Tercihen y\u00fcksek lisans derecesine sahip ve iyi derecede \u0130ngilizce bilen.<\/li>\n<\/ul>\n<p style=\"text-align: justify;\">Adaylar\u0131n;\u00a0<strong>foto\u011frafl\u0131\u00a0<\/strong>\u00f6zge\u00e7mi\u015flerinde\u00a0<strong>en az 2 profesyonel referans\u0131n<\/strong>\u00a0ileti\u015fim bilgilerini de bildirmeleri \u00f6nemlidir.<\/p>\n<p style=\"text-align: justify;\">Ba\u015fvurular\u0131n\u0131z\u0131 yukar\u0131daki bilgiler do\u011frultusunda <a href=\"mailto:kariyer@darussafaka.org\"><strong>kariyer@darussafaka.org<\/strong><\/a><strong>\u00a0<\/strong> e-mail adresine g\u00f6nderebilirsiniz.<\/p>\n<p style=\"text-align: justify;\">T\u00fcm ba\u015fvurular gizli tutulacakt\u0131r.<\/p>\n<p style=\"text-align: justify;\"><span style=\"color: #ff0000;\"><strong>Son ba\u015fvuru tarihi: 29 Nisan 2016<\/strong><\/span><\/p>\n<p style=\"text-align: justify;\"><strong><span style=\"color: #ff0000;\">Al\u0131nacak personel say\u0131s\u0131: 1<\/span><\/strong><\/p>\n<p style=\"text-align: justify;\">\n","protected":false},"excerpt":{"rendered":"<p>T\u00fcrkiye&#8217;nin e\u011fitim alan\u0131ndaki ilk sivil toplum kurulu\u015fu olan Dar\u00fc\u015f\u015fafaka,\u00a0153\u00a0y\u0131ld\u0131r\u00a0\u201cE\u011fitimde F\u0131rsat E\u015fitli\u011fi\u201d\u00a0misyonuyla annesi veya babas\u0131 hayatta olmayan, ailesinin maddi olanaklar\u0131 nedeniyle iyi e\u011fitim alamayan ba\u015far\u0131l\u0131\u00a0\u00f6\u011frencilere, ortaokul 1. s\u0131n\u0131ftan ba\u015flayarak \u00fcniversiteye\u00a0kadar yat\u0131l\u0131 ve tam burslu, kolej e\u011fitimi vermektedir.<\/p>\n","protected":false},"author":1,"featured_media":0,"comment_status":"open","ping_status":"open","sticky":false,"template":"","format":"standard","meta":{"footnotes":""},"categories":[],"tags":[1393],"class_list":["post-18802","post","type-post","status-publish","format-standard","hentry","tag-bby-is-ilanlari-arsivi"],"_links":{"self":[{"href":"https:\/\/www.bbyhaber.com\/bby\/wp-json\/wp\/v2\/posts\/18802"}],"collection":[{"href":"https:\/\/www.bbyhaber.com\/bby\/wp-json\/wp\/v2\/posts"}],"about":[{"href":"https:\/\/www.bbyhaber.com\/bby\/wp-json\/wp\/v2\/types\/post"}],"author":[{"embeddable":true,"href":"https:\/\/www.bbyhaber.com\/bby\/wp-json\/wp\/v2\/users\/1"}],"replies":[{"embeddable":true,"href":"https:\/\/www.bbyhaber.com\/bby\/wp-json\/wp\/v2\/comments?post=18802"}],"version-history":[{"count":0,"href":"https:\/\/www.bbyhaber.com\/bby\/wp-json\/wp\/v2\/posts\/18802\/revisions"}],"wp:attachment":[{"href":"https:\/\/www.bbyhaber.com\/bby\/wp-json\/wp\/v2\/media?parent=18802"}],"wp:term":[{"taxonomy":"category","embeddable":true,"href":"https:\/\/www.bbyhaber.com\/bby\/wp-json\/wp\/v2\/categories?post=18802"},{"taxonomy":"post_tag","embeddable":true,"href":"https:\/\/www.bbyhaber.com\/bby\/wp-json\/wp\/v2\/tags?post=18802"}],"curies":[{"name":"wp","href":"https:\/\/api.w.org\/{rel}","templated":true}]}}