{"id":18667,"date":"2016-03-23T13:19:59","date_gmt":"2016-03-23T11:19:59","guid":{"rendered":"http:\/\/www.bbyhaber.com\/bby\/?p=18667"},"modified":"2016-04-03T14:15:17","modified_gmt":"2016-04-03T11:15:17","slug":"2015de-en-cok-okunan-kitaplar-tespit-edildi-turk-kutuphaneciler-dernegi","status":"publish","type":"post","link":"https:\/\/www.bbyhaber.com\/bby\/2016\/03\/23\/2015de-en-cok-okunan-kitaplar-tespit-edildi-turk-kutuphaneciler-dernegi","title":{"rendered":"2015&#8217;de en \u00e7ok okunan kitaplar tespit edildi-T\u00fcrk K\u00fct\u00fcphaneciler Derne\u011fi"},"content":{"rendered":"<p style=\"text-align: justify;\"><img loading=\"lazy\" decoding=\"async\" class=\"alignleft\" src=\"http:\/\/static.ideefixe.com\/images\/54\/54390_2.jpg\" alt=\"\" width=\"184\" height=\"195\" \/>T\u00fcrk K\u00fct\u00fcphaneciler Derne\u011fi, bu y\u0131l ilk defa k\u00fct\u00fcphanelerden ald\u0131\u011f\u0131 okuyucu istatistikleri ile 2015 y\u0131l\u0131nda en \u00e7ok okunan kitaplar\u0131 tespit etti. Yap\u0131 Kredi Yay\u0131nlar\u0131\u2019ndan Sabahattin Ali\u2019nin K\u00fcrk Mantolu Madonna ve Epsilon Yay\u0131nlar\u0131ndan Saftirik Greg\u2019in G\u00fcnl\u00fc\u011f\u00fc adl\u0131 kitaplar, 2015 y\u0131l\u0131nda en \u00e7ok \u00f6d\u00fcn\u00e7 al\u0131nan kitaplar oldu. Dernek, kitaplar\u0131n yay\u0131nevi temsilcilerini 28 Mart\u2019ta 52. K\u00fct\u00fcphane Haftas\u0131&#8217;n\u0131n a\u00e7\u0131l\u0131\u015f\u0131nda \u00f6d\u00fcllendirecek.<!--more--><\/p>\n<p style=\"text-align: justify;\">52. K\u00fct\u00fcphane Haftas\u0131\u2019n\u0131n a\u00e7\u0131l\u0131\u015f\u0131 28 Mart\u2019ta yap\u0131lacak. Dernek, Ankara \u00dcniversitesi Eczac\u0131l\u0131k Fak\u00fcltesi 50. Y\u0131l Salonu\u2019nda saat 10.00\u2019da olacak olan hafta a\u00e7\u0131l\u0131\u015f\u0131nda bir dizi etkinlik sunacak. Bu y\u0131l ilk defa k\u00fct\u00fcphanelerden al\u0131nan okuyucu istatistikleri sonucu 2015 y\u0131l\u0131nda en \u00e7ok okunan kitaplar\u0131 tespit ettiklerini a\u00e7\u0131klayan <strong>Dernek Ba\u015fkan\u0131 Ali Fuat Kartal,<\/strong> H\u00fcrriyet\u2019e \u015fu bilgileri aktard\u0131. \u201c<strong>Yap\u0131 Kredi Yay\u0131nlar\u0131&#8217;ndan Sabahattin Ali\u2019nin K\u00fcrk Mantolu Madonna ve Epsilon Yay\u0131nlar\u0131ndan Saftirik Greg\u2019in G\u00fcnl\u00fc\u011f\u00fc adl\u0131 kitaplar, 2015 y\u0131l\u0131nda en \u00e7ok \u00f6d\u00fcn\u00e7 al\u0131nan kitaplar oldu. Bu anlaml\u0131 bir \u00f6d\u00fcl; \u00e7\u00fcnk\u00fc takdir edersiniz ki k\u00fct\u00fcphanelerden kitaplar, \u00f6zellikle de edebi eserler ger\u00e7ek okurlar taraf\u0131ndan okunmak i\u00e7in al\u0131n\u0131r. Oysa bir kitap\u00e7\u0131dan \u2018okuyaca\u011f\u0131m\u2019 ya da \u2018evde bulunsun\u2019 diye ald\u0131\u011f\u0131m\u0131z bir\u00e7ok kitab\u0131 okumay\u0131z. Bu ba\u011flamda k\u00fct\u00fcphanelerde en \u00e7ok okunan kitap ger\u00e7ek okuruna ula\u015fm\u0131\u015f kitap demektir<\/strong>.<\/p>\n<p style=\"text-align: justify;\"><strong>73 y\u0131l sonra birinci\u00a0<\/strong><br \/>\n1943 y\u0131l\u0131nda Remzi Kitabevi taraf\u0131ndan bas\u0131lan Sabahattin Ali\u2019nin K\u00fcrk Mantolu Madonna adl\u0131 eseri bas\u0131ld\u0131ktan 73 y\u0131l sonra en \u00e7ok okunan kitap olarak g\u00fcncelli\u011fini korumaktad\u0131r. T\u00fcrk Edebiyat\u0131n\u0131n klasikleri aras\u0131nda say\u0131lan K\u00fcrk Mantolu Madonna\u2019n\u0131n tekrar tekrar okunmas\u0131, insan\u0131n \u00f6z\u00fcne dair davran\u0131\u015flar\u0131n\u0131n de\u011fi\u015fmedi\u011finin bir g\u00f6stergesi midir? Kad\u0131n erkek ili\u015fkileri, erkeklerin kad\u0131na bak\u0131\u015f a\u00e7\u0131lar\u0131 gibi temel de\u011ferlerin sorguland\u0131\u011f\u0131 K\u00fcrk Mantolu Madonna yine en \u00e7ok okunan kitap olmu\u015ftur. Epsilon Yay\u0131nlar\u0131ndan Saftirik Greg\u2019in G\u00fcnl\u00fc\u011f\u00fc adl\u0131 kitap \u00e7ocuklar\u0131n kendilerini buldu\u011fu hem e\u011flendirici hem de \u00e7ocuklar\u0131n kendi hik\u00e2yelerini yazabilecekleri bo\u015f alanlar\u0131n olmas\u0131 \u00f6zellikle \u00e7ocuklar\u0131 ilgisini \u00e7eken bir kitap.\u201d<\/p>\n<p style=\"text-align: justify;\">Kaynak:http:\/\/kitap.radikal.com.tr\/<\/p>\n","protected":false},"excerpt":{"rendered":"<p>T\u00fcrk K\u00fct\u00fcphaneciler Derne\u011fi, bu y\u0131l ilk defa k\u00fct\u00fcphanelerden ald\u0131\u011f\u0131 okuyucu istatistikleri ile 2015 y\u0131l\u0131nda en \u00e7ok okunan kitaplar\u0131 tespit etti. Yap\u0131 Kredi Yay\u0131nlar\u0131\u2019ndan Sabahattin Ali\u2019nin K\u00fcrk Mantolu Madonna ve Epsilon Yay\u0131nlar\u0131ndan Saftirik Greg\u2019in G\u00fcnl\u00fc\u011f\u00fc adl\u0131 kitaplar, 2015 y\u0131l\u0131nda en \u00e7ok \u00f6d\u00fcn\u00e7 al\u0131nan kitaplar oldu. Dernek, kitaplar\u0131n yay\u0131nevi temsilcilerini 28 Mart\u2019ta 52. K\u00fct\u00fcphane Haftas\u0131&#8217;n\u0131n a\u00e7\u0131l\u0131\u015f\u0131nda \u00f6d\u00fcllendirecek.<\/p>\n","protected":false},"author":1,"featured_media":0,"comment_status":"open","ping_status":"open","sticky":false,"template":"","format":"standard","meta":{"footnotes":""},"categories":[1471,1474,1],"tags":[1461],"class_list":["post-18667","post","type-post","status-publish","format-standard","hentry","category-52-kutuphane-haftasi","category-ali-fuat-kartal","category-genel","tag-kutuphane-haftasi"],"_links":{"self":[{"href":"https:\/\/www.bbyhaber.com\/bby\/wp-json\/wp\/v2\/posts\/18667"}],"collection":[{"href":"https:\/\/www.bbyhaber.com\/bby\/wp-json\/wp\/v2\/posts"}],"about":[{"href":"https:\/\/www.bbyhaber.com\/bby\/wp-json\/wp\/v2\/types\/post"}],"author":[{"embeddable":true,"href":"https:\/\/www.bbyhaber.com\/bby\/wp-json\/wp\/v2\/users\/1"}],"replies":[{"embeddable":true,"href":"https:\/\/www.bbyhaber.com\/bby\/wp-json\/wp\/v2\/comments?post=18667"}],"version-history":[{"count":0,"href":"https:\/\/www.bbyhaber.com\/bby\/wp-json\/wp\/v2\/posts\/18667\/revisions"}],"wp:attachment":[{"href":"https:\/\/www.bbyhaber.com\/bby\/wp-json\/wp\/v2\/media?parent=18667"}],"wp:term":[{"taxonomy":"category","embeddable":true,"href":"https:\/\/www.bbyhaber.com\/bby\/wp-json\/wp\/v2\/categories?post=18667"},{"taxonomy":"post_tag","embeddable":true,"href":"https:\/\/www.bbyhaber.com\/bby\/wp-json\/wp\/v2\/tags?post=18667"}],"curies":[{"name":"wp","href":"https:\/\/api.w.org\/{rel}","templated":true}]}}