{"id":18661,"date":"2016-03-21T19:05:34","date_gmt":"2016-03-21T17:05:34","guid":{"rendered":"http:\/\/www.bbyhaber.com\/bby\/?p=18661"},"modified":"2016-03-21T19:05:50","modified_gmt":"2016-03-21T17:05:50","slug":"turkiyenin-ilk-yel-degirmeni-kutuphanesi-hizmete-girdi","status":"publish","type":"post","link":"https:\/\/www.bbyhaber.com\/bby\/2016\/03\/21\/turkiyenin-ilk-yel-degirmeni-kutuphanesi-hizmete-girdi","title":{"rendered":"T\u00fcrkiye&#8217;nin ilk Yel De\u011firmeni K\u00fct\u00fcphanesi hizmete girdi"},"content":{"rendered":"<p style=\"text-align: justify;\">Nev\u015fehir&#8217;in Avanos il\u00e7esinde Yel De\u011firmeni K\u00fct\u00fcphanesi hizmete girdi. Avanos Belediyesinin ba\u015flatt\u0131\u011f\u0131 &#8220;Her Yerde K\u00fct\u00fcphane&#8221; projesi kapsam\u0131nda il\u00e7edeki otob\u00fcs duraklar\u0131na, bankamatik yanlar\u0131na kitapl\u0131klar yerle\u015ftirildi, Alaaddin Mahallesi&#8217;nde bulunan Spor ve K\u00fclt\u00fcr Park&#8217;\u0131 i\u00e7erisine in\u015fa edilen yel de\u011firmeni \u015feklindeki k\u00fct\u00fcphane de okuyuculara kap\u0131lar\u0131n\u0131 a\u00e7t\u0131. Belediye Park ve Bah\u00e7eler M\u00fcd\u00fcrl\u00fc\u011f\u00fc Peyzaj Mimar\u0131 E\u011fim Sefer, AA muhabirine yapt\u0131\u011f\u0131 a\u00e7\u0131klamada, il\u00e7ede yap\u0131lan \u00e7evre d\u00fczenlemeleri s\u0131ras\u0131nda mekanlara sosyal ve k\u00fclt\u00fcrel misyonlar kazand\u0131rabilmek i\u00e7in projeler y\u00fcr\u00fctt\u00fcklerini, yel de\u011firmeni \u015feklinde in\u015fa edilen k\u00fct\u00fcphanenin de benzer \u00e7al\u0131\u015fma kapsam\u0131nda ortaya \u00e7\u0131kar\u0131ld\u0131\u011f\u0131n\u0131 kaydetti.<!--more--><\/p>\n<p style=\"text-align: justify;\">Sefer, &#8220;Herkesin kitap okuyabilmesine imkan olu\u015fturmak, her ya\u015ftan insan\u0131n kitaplara ula\u015fmas\u0131n\u0131 sa\u011flamak i\u00e7in otob\u00fcs duraklar\u0131 ile ba\u015flatt\u0131\u011f\u0131m\u0131z kitapl\u0131k \u00e7al\u0131\u015fmalar\u0131n\u0131 geni\u015fletmeye karar verdik. &#8216;Her yerde k\u00fct\u00fcphane&#8217; projesi \u00e7er\u00e7evesinde halk\u0131n ortak kullan\u0131m alanlar\u0131ndan olan park i\u00e7ine yapt\u0131\u011f\u0131m\u0131z yel de\u011firmeni k\u00fct\u00fcphanesi ile hayata ge\u00e7irdik. Vatanda\u015flar\u0131m\u0131z, K\u0131z\u0131l\u0131rmak kenar\u0131nda do\u011fa ile i\u00e7 i\u00e7e kitap okuyabiliyor.&#8221; dedi. K\u00fct\u00fcphaneyi ziyaret eden vatanda\u015flar yel de\u011firmeni i\u00e7erisindeki mini k\u00fct\u00fcphanede K\u0131z\u0131l\u0131rmak\u2019\u0131n e\u015fsiz manzaras\u0131 e\u015fli\u011finde Kitap okuman\u0131n keyfi \u00e7\u0131kar\u0131yor.<\/p>\n<p style=\"text-align: justify;\">Sefer, k\u00fct\u00fcphaneye yerle\u015ftirilen kitaplar\u0131n ba\u011f\u0131\u015f yoluyla tedarik edildi\u011fini de s\u00f6zlerine ekledi.<\/p>\n<p style=\"text-align: justify;\">Kaynak: http:\/\/www.milliyet.com.tr\/<\/p>\n<p style=\"text-align: justify;\"><a href=\"http:\/\/i.milliyet.com.tr\/LocalArticle572x336\/2016\/03\/19\/fft256_mf13918454.Jpeg\"><img loading=\"lazy\" decoding=\"async\" class=\"alignnone\" src=\"http:\/\/i.milliyet.com.tr\/LocalArticle572x336\/2016\/03\/19\/fft256_mf13918454.Jpeg\" alt=\"\" width=\"188\" height=\"137\" \/> <\/a><a href=\"http:\/\/i.milliyet.com.tr\/LocalArticle572x336\/2016\/03\/19\/fft256_mf13918448.Jpeg\"><img loading=\"lazy\" decoding=\"async\" class=\"alignnone\" src=\"http:\/\/i.milliyet.com.tr\/LocalArticle572x336\/2016\/03\/19\/fft256_mf13918448.Jpeg\" alt=\"\" width=\"211\" height=\"128\" \/><\/a><\/p>\n","protected":false},"excerpt":{"rendered":"<p>Nev\u015fehir&#8217;in Avanos il\u00e7esinde Yel De\u011firmeni K\u00fct\u00fcphanesi hizmete girdi. Avanos Belediyesinin ba\u015flatt\u0131\u011f\u0131 &#8220;Her Yerde K\u00fct\u00fcphane&#8221; projesi kapsam\u0131nda il\u00e7edeki otob\u00fcs duraklar\u0131na, bankamatik yanlar\u0131na kitapl\u0131klar yerle\u015ftirildi, Alaaddin Mahallesi&#8217;nde bulunan Spor ve K\u00fclt\u00fcr Park&#8217;\u0131 i\u00e7erisine in\u015fa edilen yel de\u011firmeni \u015feklindeki k\u00fct\u00fcphane de okuyuculara kap\u0131lar\u0131n\u0131 a\u00e7t\u0131. Belediye Park ve Bah\u00e7eler M\u00fcd\u00fcrl\u00fc\u011f\u00fc Peyzaj Mimar\u0131 E\u011fim Sefer, AA muhabirine yapt\u0131\u011f\u0131 a\u00e7\u0131klamada, il\u00e7ede [&hellip;]<\/p>\n","protected":false},"author":1,"featured_media":0,"comment_status":"open","ping_status":"open","sticky":false,"template":"","format":"standard","meta":{"footnotes":""},"categories":[1],"tags":[],"class_list":["post-18661","post","type-post","status-publish","format-standard","hentry","category-genel"],"_links":{"self":[{"href":"https:\/\/www.bbyhaber.com\/bby\/wp-json\/wp\/v2\/posts\/18661"}],"collection":[{"href":"https:\/\/www.bbyhaber.com\/bby\/wp-json\/wp\/v2\/posts"}],"about":[{"href":"https:\/\/www.bbyhaber.com\/bby\/wp-json\/wp\/v2\/types\/post"}],"author":[{"embeddable":true,"href":"https:\/\/www.bbyhaber.com\/bby\/wp-json\/wp\/v2\/users\/1"}],"replies":[{"embeddable":true,"href":"https:\/\/www.bbyhaber.com\/bby\/wp-json\/wp\/v2\/comments?post=18661"}],"version-history":[{"count":0,"href":"https:\/\/www.bbyhaber.com\/bby\/wp-json\/wp\/v2\/posts\/18661\/revisions"}],"wp:attachment":[{"href":"https:\/\/www.bbyhaber.com\/bby\/wp-json\/wp\/v2\/media?parent=18661"}],"wp:term":[{"taxonomy":"category","embeddable":true,"href":"https:\/\/www.bbyhaber.com\/bby\/wp-json\/wp\/v2\/categories?post=18661"},{"taxonomy":"post_tag","embeddable":true,"href":"https:\/\/www.bbyhaber.com\/bby\/wp-json\/wp\/v2\/tags?post=18661"}],"curies":[{"name":"wp","href":"https:\/\/api.w.org\/{rel}","templated":true}]}}