{"id":18653,"date":"2016-03-21T11:06:57","date_gmt":"2016-03-21T09:06:57","guid":{"rendered":"http:\/\/www.bbyhaber.com\/bby\/?p=18653"},"modified":"2016-08-12T09:01:18","modified_gmt":"2016-08-12T06:01:18","slug":"unak2016-sempozyumu-29-30-eylul-1-ekim-2016izmir","status":"publish","type":"post","link":"https:\/\/www.bbyhaber.com\/bby\/2016\/03\/21\/unak2016-sempozyumu-29-30-eylul-1-ekim-2016izmir","title":{"rendered":"\u00dcNAK2016 Sempozyumu-29-30 Eyl\u00fcl-1 Ekim 2016,\u0130zmir"},"content":{"rendered":"<p style=\"text-align: justify;\"><a href=\"http:\/\/www.bbyhaber.com\/bby\/wp-content\/uploads\/2016\/03\/unak2016.jpg\"><img loading=\"lazy\" decoding=\"async\" class=\"alignleft\" src=\"http:\/\/www.bbyhaber.com\/bby\/wp-content\/uploads\/2016\/03\/unak2016.jpg\" alt=\"\" width=\"323\" height=\"148\" \/><\/a><strong><span style=\"color: #ff0000;\">SON DAK\u0130KA B\u0130LG\u0130LEND\u0130RMES\u0130&#8211;&gt;<\/span><span style=\"color: #0000ff;\"><a style=\"color: #0000ff;\" title=\"\u00dcNAK2016 toplant\u0131s\u0131 OHAL nedeniyle ertelendi\" href=\"http:\/\/www.bbyhaber.com\/bby\/2016\/08\/10\/unak2016-toplantisi-ohal-nedeniyle-ertelendi\/\" rel=\"bookmark\">\u00dcNAK2016 toplant\u0131s\u0131 OHAL nedeniyle ertelendi<\/a><\/span><\/strong><\/p>\n<p style=\"text-align: justify;\">\u00dcNAK2016\u00a0Sempozyumu\u00a0bu y\u0131l \u201cAkademik K\u00fct\u00fcphanelerde Kaynak Y\u00f6netimi\u201d ana temas\u0131 ile 29-30 Eyl\u00fcl \u2013 1 Ekim\u00a02016tarihlerinde \u0130zmir Katip \u00c7elebi \u00dcniversitesi\u2019nde yap\u0131lacakt\u0131r. \u00dcNAK2016\u00a0Sempozyumu&#8217;nda, son y\u0131llarda kullan\u0131m\u0131\u00a0artan elektronik kaynaklar\u0131n, \u00fcniversite k\u00fct\u00fcphanelerinin b\u00fct\u00e7e, koleksiyon ve personel gibi temel unsurlar\u0131 \u00fczerindeki etkisi ve bu etki sonucu ortaya \u00e7\u0131kan sorunlar ele al\u0131nacakt\u0131r.<!--more--><\/p>\n<p style=\"text-align: justify;\">Sempozyum&#8217;da dengeli bir program \u00e7er\u00e7evesinde k\u00fct\u00fcphanelerimizdeki uygulamalar\u0131 aktaracak meslekta\u015flar\u0131m\u0131z\u0131n sunumlar\u0131na, konular\u0131 akademik yakla\u015f\u0131mla ele alacak olan akademisyenlerimizin bildirilerine ve konu ile ilgili sekt\u00f6r firmalar\u0131n\u0131n sunumlar\u0131na yer verilecektir.<\/p>\n<p style=\"text-align: justify;\">\u201c\u00dcNAK2016\u00a0Akademik K\u00fct\u00fcphanelerde Kaynak Y\u00f6netimi\u201d ba\u015fl\u0131kl\u0131\u00a0sempozyuma\u00a0g\u00f6nderilen\u00a0<strong>t\u00fcm bildiri ve sunumlar e-kitap olarak elektronik ortamda yay\u0131nlanacakt\u0131r.<\/strong><\/p>\n<p style=\"text-align: justify;\"><a href=\"http:\/\/unak2016.unak.org.tr\/153-2\/\" target=\"_blank\"><span style=\"color: #0000ff;\"><strong>KAYIT<\/strong><\/span><\/a><\/p>\n<p style=\"text-align: justify;\"><strong>\u00dcNAK2016\u00a0Sempozyumu\u00a0i\u00e7in \u00f6nemli tarihler:<\/strong><\/p>\n<p style=\"text-align: justify;\">2. Duyuru 2 May\u0131s\u00a02016<\/p>\n<p style=\"text-align: justify;\">3. Duyuru 1 Haziran\u00a02016<\/p>\n<p style=\"text-align: justify;\">Bildiri ve sunum \u00f6zetlerinin g\u00f6nderilmesi 11 Temmuz\u00a02016<\/p>\n<p style=\"text-align: justify;\">Kabul edilen bildirilerin ilan\u0131 8 A\u011fustos\u00a02016<\/p>\n<p style=\"text-align: justify;\">Tam metin bildirilerin teslimi 15 Eyl\u00fcl\u00a02016<\/p>\n<p style=\"text-align: justify;\">Sempozyum\u00a029 Eyl\u00fcl \u2013 1 Ekim\u00a02016<\/p>\n<p style=\"text-align: justify;\"><strong>Sempozyum\u00a0kay\u0131t s\u00fcreci ba\u015flam\u0131\u015ft\u0131r<\/strong><\/p>\n<p style=\"text-align: justify;\"><span style=\"text-decoration: underline;\">\u00dcNAK2016\u00a0Sempozyumu\u00a0davet yaz\u0131s\u0131 Y\u00fcksek\u00f6\u011fretim Kurulu Ba\u015fkanl\u0131\u011f\u0131 (Y\u00d6K) taraf\u0131ndan \u00fcniversitelerimize ilerleyen g\u00fcnlerde g\u00f6nderilecektir<\/span><\/p>\n<p><strong>\u00dcNAK2016\u00a0Sempozyum\u00a0web sitesi :<\/strong><\/p>\n<p style=\"text-align: justify;\"><a href=\"http:\/\/unak2016.unak.org.tr\/\" target=\"_blank\"><strong>http:\/\/unak2016.unak.org.tr<\/strong><\/a><\/p>\n","protected":false},"excerpt":{"rendered":"<p>SON DAK\u0130KA B\u0130LG\u0130LEND\u0130RMES\u0130&#8211;&gt;\u00dcNAK2016 toplant\u0131s\u0131 OHAL nedeniyle ertelendi \u00dcNAK2016\u00a0Sempozyumu\u00a0bu y\u0131l \u201cAkademik K\u00fct\u00fcphanelerde Kaynak Y\u00f6netimi\u201d ana temas\u0131 ile 29-30 Eyl\u00fcl \u2013 1 Ekim\u00a02016tarihlerinde \u0130zmir Katip \u00c7elebi \u00dcniversitesi\u2019nde yap\u0131lacakt\u0131r. \u00dcNAK2016\u00a0Sempozyumu&#8217;nda, son y\u0131llarda kullan\u0131m\u0131\u00a0artan elektronik kaynaklar\u0131n, \u00fcniversite k\u00fct\u00fcphanelerinin b\u00fct\u00e7e, koleksiyon ve personel gibi temel unsurlar\u0131 \u00fczerindeki etkisi ve bu etki sonucu ortaya \u00e7\u0131kan sorunlar ele al\u0131nacakt\u0131r.<\/p>\n","protected":false},"author":1,"featured_media":0,"comment_status":"open","ping_status":"open","sticky":false,"template":"","format":"standard","meta":{"footnotes":""},"categories":[1,1507],"tags":[1395,747,834],"class_list":["post-18653","post","type-post","status-publish","format-standard","hentry","category-genel","category-unak","tag-bby-mesleki-etkinlikler-arsivi","tag-unak2015","tag-unak2016"],"_links":{"self":[{"href":"https:\/\/www.bbyhaber.com\/bby\/wp-json\/wp\/v2\/posts\/18653"}],"collection":[{"href":"https:\/\/www.bbyhaber.com\/bby\/wp-json\/wp\/v2\/posts"}],"about":[{"href":"https:\/\/www.bbyhaber.com\/bby\/wp-json\/wp\/v2\/types\/post"}],"author":[{"embeddable":true,"href":"https:\/\/www.bbyhaber.com\/bby\/wp-json\/wp\/v2\/users\/1"}],"replies":[{"embeddable":true,"href":"https:\/\/www.bbyhaber.com\/bby\/wp-json\/wp\/v2\/comments?post=18653"}],"version-history":[{"count":0,"href":"https:\/\/www.bbyhaber.com\/bby\/wp-json\/wp\/v2\/posts\/18653\/revisions"}],"wp:attachment":[{"href":"https:\/\/www.bbyhaber.com\/bby\/wp-json\/wp\/v2\/media?parent=18653"}],"wp:term":[{"taxonomy":"category","embeddable":true,"href":"https:\/\/www.bbyhaber.com\/bby\/wp-json\/wp\/v2\/categories?post=18653"},{"taxonomy":"post_tag","embeddable":true,"href":"https:\/\/www.bbyhaber.com\/bby\/wp-json\/wp\/v2\/tags?post=18653"}],"curies":[{"name":"wp","href":"https:\/\/api.w.org\/{rel}","templated":true}]}}