{"id":18645,"date":"2016-03-18T17:21:40","date_gmt":"2016-03-18T15:21:40","guid":{"rendered":"http:\/\/www.bbyhaber.com\/bby\/?p=18645"},"modified":"2016-03-18T17:22:26","modified_gmt":"2016-03-18T15:22:26","slug":"2016-tkd-odulu-alan-kutuphaneler","status":"publish","type":"post","link":"https:\/\/www.bbyhaber.com\/bby\/2016\/03\/18\/2016-tkd-odulu-alan-kutuphaneler","title":{"rendered":"2016 TKD \u00d6d\u00fcl\u00fc Alan K\u00fct\u00fcphaneler"},"content":{"rendered":"<p style=\"text-align: justify;\"><img loading=\"lazy\" decoding=\"async\" class=\"alignleft\" src=\"http:\/\/bbyhaber.com\/bby\/wp-content\/uploads\/2016\/03\/eniyiodul-52-kutuphane-haftasi.jpg\" alt=\"\" width=\"294\" height=\"163\" \/><\/p>\n<p style=\"text-align: justify;\">T\u00fcrk K\u00fct\u00fcphaneciler Derne\u011finin K\u00fct\u00fcphane Haftalar\u0131nda geleneksel olarak k\u00fct\u00fcphanelere verdi\u011fi Teknolojiyi en iyi kullanan, En \u0130yi Halkla \u0130li\u015fkiler Uygulayan ve En Yenilik\u00e7i K\u00fct\u00fcphane \u00f6d\u00fclleri a\u00e7\u0131kland\u0131. K\u00fct\u00fcphanelere \u00f6d\u00fcller 28 Mart 2016 Pazartesi, Ankara \u00dcniversitesi Eczac\u0131l\u0131k Fak\u00fcltesi 50. Y\u0131l Salonu Be\u015fevler\u2019de\u00a052. K\u00fct\u00fcphane Haftas\u0131n\u0131n a\u00e7\u0131l\u0131\u015f t\u00f6reninde verilecektir. <!--more--><\/p>\n<p style=\"text-align: justify;\"><strong>Teknolojiyi en iyi kullanan K\u00fct\u00fcphane \u00d6d\u00fcl\u00fcn\u00fc<\/strong>; Diyarbak\u0131r ve Bilecik \u0130l Halk K\u00fct\u00fcphaneleri<\/p>\n<p style=\"text-align: justify;\">\u00a0<strong>En \u0130yi Halkla \u0130li\u015fkiler \u00d6d\u00fcl\u00fcn\u00fc<\/strong>; Manisa \u0130l Halk K\u00fct\u00fcphanesi ve Diyarbak\u0131r Ergani \u0130l\u00e7e Halk K\u00fct\u00fcphaneleri<\/p>\n<p>\u00a0<strong>En Yenilik\u00e7i K\u00fct\u00fcphane \u00d6d\u00fcl\u00fcn\u00fc<\/strong>; Gebze \u0130l\u00e7e Halk K\u00fct\u00fcphanesi<\/p>\n<p style=\"text-align: justify;\">\n","protected":false},"excerpt":{"rendered":"<p>T\u00fcrk K\u00fct\u00fcphaneciler Derne\u011finin K\u00fct\u00fcphane Haftalar\u0131nda geleneksel olarak k\u00fct\u00fcphanelere verdi\u011fi Teknolojiyi en iyi kullanan, En \u0130yi Halkla \u0130li\u015fkiler Uygulayan ve En Yenilik\u00e7i K\u00fct\u00fcphane \u00f6d\u00fclleri a\u00e7\u0131kland\u0131. K\u00fct\u00fcphanelere \u00f6d\u00fcller 28 Mart 2016 Pazartesi, Ankara \u00dcniversitesi Eczac\u0131l\u0131k Fak\u00fcltesi 50. Y\u0131l Salonu Be\u015fevler\u2019de\u00a052. K\u00fct\u00fcphane Haftas\u0131n\u0131n a\u00e7\u0131l\u0131\u015f t\u00f6reninde verilecektir.<\/p>\n","protected":false},"author":1,"featured_media":0,"comment_status":"open","ping_status":"open","sticky":false,"template":"","format":"standard","meta":{"footnotes":""},"categories":[1471,1],"tags":[1461],"class_list":["post-18645","post","type-post","status-publish","format-standard","hentry","category-52-kutuphane-haftasi","category-genel","tag-kutuphane-haftasi"],"_links":{"self":[{"href":"https:\/\/www.bbyhaber.com\/bby\/wp-json\/wp\/v2\/posts\/18645"}],"collection":[{"href":"https:\/\/www.bbyhaber.com\/bby\/wp-json\/wp\/v2\/posts"}],"about":[{"href":"https:\/\/www.bbyhaber.com\/bby\/wp-json\/wp\/v2\/types\/post"}],"author":[{"embeddable":true,"href":"https:\/\/www.bbyhaber.com\/bby\/wp-json\/wp\/v2\/users\/1"}],"replies":[{"embeddable":true,"href":"https:\/\/www.bbyhaber.com\/bby\/wp-json\/wp\/v2\/comments?post=18645"}],"version-history":[{"count":0,"href":"https:\/\/www.bbyhaber.com\/bby\/wp-json\/wp\/v2\/posts\/18645\/revisions"}],"wp:attachment":[{"href":"https:\/\/www.bbyhaber.com\/bby\/wp-json\/wp\/v2\/media?parent=18645"}],"wp:term":[{"taxonomy":"category","embeddable":true,"href":"https:\/\/www.bbyhaber.com\/bby\/wp-json\/wp\/v2\/categories?post=18645"},{"taxonomy":"post_tag","embeddable":true,"href":"https:\/\/www.bbyhaber.com\/bby\/wp-json\/wp\/v2\/tags?post=18645"}],"curies":[{"name":"wp","href":"https:\/\/api.w.org\/{rel}","templated":true}]}}