{"id":1864,"date":"2011-12-22T16:55:06","date_gmt":"2011-12-22T16:55:06","guid":{"rendered":"http:\/\/www.bbyhaber.com\/bby\/?p=1864"},"modified":"2012-10-01T09:39:35","modified_gmt":"2012-10-01T06:39:35","slug":"tkdden-fransiz-meslektaslarina-mektup","status":"publish","type":"post","link":"https:\/\/www.bbyhaber.com\/bby\/2011\/12\/22\/tkdden-fransiz-meslektaslarina-mektup","title":{"rendered":"TKD&#8217;den Frans\u0131z Meslekta\u015fl\u200bar\u0131na Mektup"},"content":{"rendered":"<p>Say\u0131n Pascal WAGNER,<\/p>\n<p>Frans\u0131z K\u00fct\u00fcphaneciler Derne\u011fi Ba\u015fkan\u0131 Say\u0131n WAGNER, Frans\u0131z Parlamentosunun \u2018Ermeni Soyk\u0131r\u0131m\u0131n\u0131 \u0130nkar Yasas\u0131\u2019n\u0131 g\u00fcndeme getirmesi, d\u00fc\u015f\u00fcnce ve ifade \u00f6zg\u00fcrl\u00fc\u011f\u00fcn\u00fc savunan biz T\u00fcrk k\u00fct\u00fcphanecilerini \u00fczm\u00fc\u015ft\u00fcr.<!--more--><\/p>\n<p>\u201cH\u00fcrriyet, e\u015fitlik, karde\u015flik\u201d\u00a0 diye devrim yapan, \u201cAyd\u0131nlanma Devrimi\u2019nin be\u015fi\u011fi olan bir \u00fclke nas\u0131l olur da bilimsel ger\u00e7eklerden uzak, d\u00fc\u015f\u00fcnce ve ifade \u00f6zg\u00fcrl\u00fc\u011f\u00fcn\u00fc hi\u00e7e sayan bir karar alabilir?<\/p>\n<p>Bilinmesi gerekir ki, bu karar ile insan haklar\u0131n\u0131n temel ilkesi olan ifade \u00f6zg\u00fcrl\u00fc\u011f\u00fc Fransa\u2019da ortadan kald\u0131racakt\u0131r.<\/p>\n<p>Tarihsel olgular\u0131 sorgulamak ve ya\u015fanan ac\u0131lardan ders almak yasalarla de\u011fil, ifade \u00f6zg\u00fcrl\u00fc\u011f\u00fc ve bilginin serbest\u00e7e dola\u015f\u0131m\u0131 ile olur.<\/p>\n<p>Ayr\u0131ca T\u00fcrkler ile Ermenilerin birbirlerini duyma ve anlamalar\u0131 i\u00e7in \u00fc\u00e7\u00fcnc\u00fc \u00fclkelerin yasalar\u0131na ihtiya\u00e7lar\u0131 yoktur.<\/p>\n<p>Ayd\u0131nlanman\u0131n \u00fclkesi Fransa, Ermeni sorunu ile ilgili alaca\u011f\u0131 soyk\u0131r\u0131m karar\u0131 ile ayk\u0131r\u0131 sesleri susturup, toplumu tek tip d\u00fc\u015f\u00fcnce ve davran\u0131\u015f bi\u00e7imine zorlayan s\u0131radan bir \u00fclke durumuna d\u00fc\u015f\u00fcrecektir.<\/p>\n<p>T\u00fcrk K\u00fct\u00fcphanecileri olarak, ermeni sorununun \u00f6zellikle d\u00fc\u015f\u00fcnce ve ifade \u00f6zg\u00fcrl\u00fc\u011f\u00fc boyutundaki duyarl\u0131l\u0131\u011f\u0131m\u0131z\u0131 siz meslekta\u015flar\u0131m\u0131zla payla\u015fmak istedik. Frans\u0131z kamuoyuna ve meslekta\u015flar\u0131m\u0131za bu konudaki d\u00fc\u015f\u00fcncelerimizin iletilmesi dile\u011fiyle sayg\u0131lar sunar\u0131m.<\/p>\n<p>Kaynak:<\/p>\n<p>Ali Fuat KARTAL<br \/>\nT\u00fcrk K\u00fct\u00fcphaneciler Derne\u011fi<br \/>\nGenel Ba\u015fkan\u0131<\/p>\n<p>Honorable Pascal WAGNER,<\/p>\n<p>Pr\u00e9sident de l\u2019Association des Biblioth\u00e9caires Fran\u00e7ais<\/p>\n<p>Honorable WAGNER, la ratification par le Parlement Fran\u00e7ais de la Loi sanctionnant la n\u00e9gation du g\u00e9nocide arm\u00e9nien nous a fait de la peine, nous les Biblioth\u00e9caires Trucs qui d\u00e9fendons la libert\u00e9 d\u2019expression et de pens\u00e9e.<\/p>\n<p>Comment est-ce qu\u2019un pays dont le slogan de sa r\u00e9volution est \u00ab Libert\u00e9, Egalit\u00e9, Fraternit\u00e9 \u00bb, un pays qui est le berceau du \u00ab Si\u00e8cle des Lumi\u00e8res \u00bb peut prendre une telle d\u00e9cision loin des faits scientifiques et niant la libert\u00e9 d\u2019expression et de pens\u00e9e ?<\/p>\n<p>Il faut savoir qu\u2019avec cette d\u00e9cision ; la libert\u00e9 d\u2019expression qui est le principe fondamental des droits de l\u2019homme est r\u00e9sili\u00e9e en France.<\/p>\n<p>Questionner les faits historiques et prendre le\u00e7on des souffrances v\u00e9cues ne ce r\u00e9alise\u00a0 pas avec les lois mais avec la libert\u00e9 d\u2019expression et la libre circulation de renseignement.<\/p>\n<p>D\u2019ailleurs les Turcs et les Arm\u00e9niens n\u2019ont pas besoin des lois d\u2019un troisi\u00e8me pays pour pouvoir s\u2019entendre et se comprendre.<\/p>\n<p>La France qui est le pays d\u2019illumination ; en prenant la d\u00e9cision de g\u00e9nocide \u00e0 propos de la question arm\u00e9nienne a impos\u00e9e silence aux voix opposantes et est devenus un pays quelconque qui force sa soci\u00e9t\u00e9 \u00e0 une forme de pens\u00e9e et d\u2019attitude de type unique.<\/p>\n<p>Nous les Biblioth\u00e9caires Turcs, nous avons voulus partager avec vous nos coll\u00e8gues notre sensibilit\u00e9 en particulier de la dimension de libert\u00e9 d\u2019expression et de pens\u00e9e de la question arm\u00e9nienne. En esp\u00e9rant de porter \u00e0 l\u2019opinion public Fran\u00e7aise et \u00e0 nos coll\u00e8gues notre position \u00e0 propos de ce sujet, je vous prie d\u2019agr\u00e9e, Honorable Pr\u00e9sident et Cher Coll\u00e8gue, l\u2019assurance de ma tr\u00e8s haute consid\u00e9ration.<\/p>\n<p>Ali Fuat KARTAL<br \/>\nPr\u00e9sident de l\u2019Association<br \/>\ndes Biblioth\u00e9caires Turcs<\/p>\n","protected":false},"excerpt":{"rendered":"<p>Say\u0131n Pascal WAGNER, Frans\u0131z K\u00fct\u00fcphaneciler Derne\u011fi Ba\u015fkan\u0131 Say\u0131n WAGNER, Frans\u0131z Parlamentosunun \u2018Ermeni Soyk\u0131r\u0131m\u0131n\u0131 \u0130nkar Yasas\u0131\u2019n\u0131 g\u00fcndeme getirmesi, d\u00fc\u015f\u00fcnce ve ifade \u00f6zg\u00fcrl\u00fc\u011f\u00fcn\u00fc savunan biz T\u00fcrk k\u00fct\u00fcphanecilerini \u00fczm\u00fc\u015ft\u00fcr.<\/p>\n","protected":false},"author":1,"featured_media":0,"comment_status":"open","ping_status":"open","sticky":false,"template":"","format":"standard","meta":{"footnotes":""},"categories":[1474,1,1607,1608],"tags":[139,218,217],"class_list":["post-1864","post","type-post","status-publish","format-standard","hentry","category-ali-fuat-kartal","category-genel","category-turk-kutuphaneciler-dernegi-tkd","category-turk-kutuphaneciler-dernegi-dusunce-ozgurlugu-grubu-tkd-dog","tag-dusunce-ozgurlugu","tag-ermeni-soykirimi","tag-soykirim"],"_links":{"self":[{"href":"https:\/\/www.bbyhaber.com\/bby\/wp-json\/wp\/v2\/posts\/1864"}],"collection":[{"href":"https:\/\/www.bbyhaber.com\/bby\/wp-json\/wp\/v2\/posts"}],"about":[{"href":"https:\/\/www.bbyhaber.com\/bby\/wp-json\/wp\/v2\/types\/post"}],"author":[{"embeddable":true,"href":"https:\/\/www.bbyhaber.com\/bby\/wp-json\/wp\/v2\/users\/1"}],"replies":[{"embeddable":true,"href":"https:\/\/www.bbyhaber.com\/bby\/wp-json\/wp\/v2\/comments?post=1864"}],"version-history":[{"count":0,"href":"https:\/\/www.bbyhaber.com\/bby\/wp-json\/wp\/v2\/posts\/1864\/revisions"}],"wp:attachment":[{"href":"https:\/\/www.bbyhaber.com\/bby\/wp-json\/wp\/v2\/media?parent=1864"}],"wp:term":[{"taxonomy":"category","embeddable":true,"href":"https:\/\/www.bbyhaber.com\/bby\/wp-json\/wp\/v2\/categories?post=1864"},{"taxonomy":"post_tag","embeddable":true,"href":"https:\/\/www.bbyhaber.com\/bby\/wp-json\/wp\/v2\/tags?post=1864"}],"curies":[{"name":"wp","href":"https:\/\/api.w.org\/{rel}","templated":true}]}}