{"id":18639,"date":"2016-03-18T14:13:04","date_gmt":"2016-03-18T12:13:04","guid":{"rendered":"http:\/\/www.bbyhaber.com\/bby\/?p=18639"},"modified":"2016-05-20T13:16:42","modified_gmt":"2016-05-20T10:16:42","slug":"istanbula-10-milyon-kitaplik-kutuphane","status":"publish","type":"post","link":"https:\/\/www.bbyhaber.com\/bby\/2016\/03\/18\/istanbula-10-milyon-kitaplik-kutuphane","title":{"rendered":"\u0130stanbul&#8217;a 10 milyon kitapl\u0131k k\u00fct\u00fcphane"},"content":{"rendered":"<p style=\"text-align: justify;\"><img loading=\"lazy\" decoding=\"async\" class=\"alignleft\" src=\"http:\/\/www.memurlar.net\/common\/news\/images\/571663\/headline.jpg\" alt=\"\" width=\"318\" height=\"159\" \/><span style=\"color: #ff0000;\">&#8220;K\u00fclt\u00fcr ve Turizm Bakanl\u0131\u011f\u0131 a\u015fa\u011f\u0131da s\u00f6z\u00fcnu etti\u011fi 2 b\u00fcy\u00fck projeyi hayata ge\u00e7irmeden \u00f6nce Anadolu&#8217;daki her bir k\u00fct\u00fcphaneye en az bir k\u00fct\u00fcphaneci kadrosu a\u00e7mak i\u00e7in \u00e7aba g\u00f6stermelidir ve b\u00f6ylelikle de a\u00e7\u0131lacak olan k\u00fct\u00fcphanelerin bir anlam\u0131 olsun. K\u00fct\u00fcphaneler s\u00fcrg\u00fcn yeri de\u011fildir, ordan burdan s\u00fcrg\u00fcn edilen ki\u015filerle k\u00fct\u00fcphane kadrolar\u0131 doldurulmakta ve <strong><em>k\u00fct\u00fcphanelerin<\/em><em> can damar\u0131 olan &#8220;k\u00fct\u00fcphaneciler&#8221; ise hala kadro beklemektedir!!!<\/em><\/strong>@bbyhaber&#8221;<\/span><\/p>\n<p style=\"text-align: justify;\">K\u00fclt\u00fcr ve Turizm Bakanl\u0131\u011f\u0131 2 b\u00fcy\u00fck projeyi hayata ge\u00e7iriyor. Projeler hakk\u0131nda bilgi veren K\u00fclt\u00fcr ve Turizm Bakan\u0131 Mahir \u00dcnal, projelerden ilkinin Rami K\u0131\u015flas\u0131&#8217;n\u0131n restore edilmesi oldu\u011funu s\u00f6yledi. \u00dcnal, &#8220;Oray\u0131 T\u00fcrkiye&#8217;nin en b\u00fcy\u00fck k\u00fct\u00fcphanesi yapaca\u011f\u0131z. \u0130stanbul&#8217;a 10 milyon kitapl\u0131k bir k\u00fct\u00fcphane kazand\u0131r\u0131yoruz&#8221; dedi.<!--more--><\/p>\n<p style=\"text-align: justify;\"><strong>81 KENTE T\u0130YATRO LAZIM<\/strong><\/p>\n<p style=\"text-align: justify;\">\u00dcnal, projelerden ikincisi hakk\u0131nda ise, &#8220;Konya&#8217;ya \u015eeb-i Arus t\u00f6renleri ruhaniyetine, maneviyat\u0131na uygun b\u00fcy\u00fck bir Mevlevihane yapaca\u011f\u0131z. \u015eeb-i Arus t\u00f6renlerini bu Mevlevihane&#8217;de ger\u00e7ekle\u015ftirece\u011fiz&#8221; ifadesini kulland\u0131. \u00dcnal, \u015funlar\u0131 s\u00f6yledi: &#8220;\u015eehirlerimizin yeniden k\u00fclt\u00fcr-sanat \u00fcretilen merkezlere d\u00f6n\u00fc\u015fmesi gerekiyor. Tiyatronun 81 ilde olmas\u0131 laz\u0131m. B\u00fct\u00fcn illerde k\u00fclt\u00fcr sanat etkinliklerini hareketlendirmemiz gerekiyor. Gen\u00e7lerin b\u00fct\u00fcn k\u00fclt\u00fcr-sanat etkinliklerini do\u011frudan te\u015fvik edece\u011fiz. Eylem plan\u0131 haz\u0131rlad\u0131k. Bakanlar Kurulu&#8217;na sunulacak.&#8221;<\/p>\n<p style=\"text-align: justify;\"><strong>Sanat\u00e7\u0131 devlet memuru olmaz<\/strong><\/p>\n<p style=\"text-align: justify;\">\u00dcnal, &#8220;Sanat\u00e7\u0131n\u0131n devlet memuru olmas\u0131na kar\u015f\u0131y\u0131m. Bu durum sanat\u00e7\u0131n\u0131n performans de\u011ferlemesini yapman\u0131z\u0131 engeller. Zira sanat\u00e7\u0131 performans\u0131 ile vard\u0131r. E\u011fer siz sanat\u00e7\u0131y\u0131 al\u0131r devlet memuru yaparsan\u0131z ve onun da kendi performans\u0131n\u0131 herhangi bir \u015fekilde de\u011ferlendirmezseniz orada bir sanat ya da sanat etkinli\u011fi olmaz&#8221; dedi.<\/p>\n<p style=\"text-align: justify;\"><strong>Te\u015fkilat kanunu i\u00e7in \u00e7al\u0131\u015fma<\/strong><\/p>\n<p style=\"text-align: justify;\">&#8220;K\u00fclt\u00fcr paketinin birinci \u00f6nceli\u011fi, iyi bir k\u00fclt\u00fcr-sanat y\u00f6netimi. K\u00fclt\u00fcr-sanat y\u00f6netimiyle neyi hedefliyoruz? Sanat\u0131 ve sanat\u00e7\u0131y\u0131 nas\u0131l destekleyece\u011fiz. Te\u015fkilat Kanunu \u00e7al\u0131\u015fmas\u0131 yap\u0131yoruz ama, k\u00fclt\u00fcr-sanat\u0131n bir tak\u0131m siyasi gerilim hatlar\u0131na tak\u0131ls\u0131n istemiyoruz. Birilerinin AKM, T\u00dcSAK, tiyatrolar, opera \u00fczerinden bir siyasi gerilim olu\u015fturmas\u0131n\u0131 istemiyoruz.&#8221;<\/p>\n<p style=\"text-align: justify;\">Kaynak:\u00a0<a href=\"http:\/\/www.memurlar.net\/\" target=\"_blank\">http:\/\/www.memurlar.net\/<\/a><\/p>\n","protected":false},"excerpt":{"rendered":"<p>&#8220;K\u00fclt\u00fcr ve Turizm Bakanl\u0131\u011f\u0131 a\u015fa\u011f\u0131da s\u00f6z\u00fcnu etti\u011fi 2 b\u00fcy\u00fck projeyi hayata ge\u00e7irmeden \u00f6nce Anadolu&#8217;daki her bir k\u00fct\u00fcphaneye en az bir k\u00fct\u00fcphaneci kadrosu a\u00e7mak i\u00e7in \u00e7aba g\u00f6stermelidir ve b\u00f6ylelikle de a\u00e7\u0131lacak olan k\u00fct\u00fcphanelerin bir anlam\u0131 olsun. K\u00fct\u00fcphaneler s\u00fcrg\u00fcn yeri de\u011fildir, ordan burdan s\u00fcrg\u00fcn edilen ki\u015filerle k\u00fct\u00fcphane kadrolar\u0131 doldurulmakta ve k\u00fct\u00fcphanelerin can damar\u0131 olan &#8220;k\u00fct\u00fcphaneciler&#8221; ise hala [&hellip;]<\/p>\n","protected":false},"author":1,"featured_media":0,"comment_status":"open","ping_status":"open","sticky":false,"template":"","format":"standard","meta":{"footnotes":""},"categories":[1],"tags":[],"class_list":["post-18639","post","type-post","status-publish","format-standard","hentry","category-genel"],"_links":{"self":[{"href":"https:\/\/www.bbyhaber.com\/bby\/wp-json\/wp\/v2\/posts\/18639"}],"collection":[{"href":"https:\/\/www.bbyhaber.com\/bby\/wp-json\/wp\/v2\/posts"}],"about":[{"href":"https:\/\/www.bbyhaber.com\/bby\/wp-json\/wp\/v2\/types\/post"}],"author":[{"embeddable":true,"href":"https:\/\/www.bbyhaber.com\/bby\/wp-json\/wp\/v2\/users\/1"}],"replies":[{"embeddable":true,"href":"https:\/\/www.bbyhaber.com\/bby\/wp-json\/wp\/v2\/comments?post=18639"}],"version-history":[{"count":0,"href":"https:\/\/www.bbyhaber.com\/bby\/wp-json\/wp\/v2\/posts\/18639\/revisions"}],"wp:attachment":[{"href":"https:\/\/www.bbyhaber.com\/bby\/wp-json\/wp\/v2\/media?parent=18639"}],"wp:term":[{"taxonomy":"category","embeddable":true,"href":"https:\/\/www.bbyhaber.com\/bby\/wp-json\/wp\/v2\/categories?post=18639"},{"taxonomy":"post_tag","embeddable":true,"href":"https:\/\/www.bbyhaber.com\/bby\/wp-json\/wp\/v2\/tags?post=18639"}],"curies":[{"name":"wp","href":"https:\/\/api.w.org\/{rel}","templated":true}]}}