{"id":18625,"date":"2016-03-16T11:12:27","date_gmt":"2016-03-16T09:12:27","guid":{"rendered":"http:\/\/www.bbyhaber.com\/bby\/?p=18625"},"modified":"2016-03-16T11:12:27","modified_gmt":"2016-03-16T09:12:27","slug":"yenilenen-yargitay-baskanligi-kutuphanesi-acildi","status":"publish","type":"post","link":"https:\/\/www.bbyhaber.com\/bby\/2016\/03\/16\/yenilenen-yargitay-baskanligi-kutuphanesi-acildi","title":{"rendered":"Yenilenen Yarg\u0131tay Ba\u015fkanl\u0131\u011f\u0131 K\u00fct\u00fcphanesi a\u00e7\u0131ld\u0131"},"content":{"rendered":"<p style=\"text-align: justify;\"><img loading=\"lazy\" decoding=\"async\" class=\"alignleft\" src=\"http:\/\/www.haberx.com\/resources\/pictures\/CE\/290510\/290510.jpg\" alt=\"\" width=\"240\" height=\"118\" \/>Ankara\u2019da yenilenen Yarg\u0131tay Ba\u015fkanl\u0131\u011f\u0131 K\u00fct\u00fcphanesi, d\u00fczenlenen t\u00f6renle a\u00e7\u0131ld\u0131. Yarg\u0131tay Ba\u015fkan\u0131 \u0130smail R\u00fc\u015ft\u00fc Cirit, &#8220;Amac\u0131m\u0131z t\u00fcm T\u00fcrkiye\u2019nin yarg\u0131 k\u00fct\u00fcphanesini olu\u015fturmak&#8221;dedi. Yarg\u0131tay Ba\u015fkan\u0131 \u0130smail R\u00fc\u015ft\u00fc Cirit, Yarg\u0131tay Cumhuriyet Ba\u015fsavc\u0131s\u0131 Mehmet Akarca, Vak\u0131fbank Genel M\u00fcd\u00fcr\u00fc Halil Aydo\u011fan ve yarg\u0131 mensuplar\u0131 ile birlikte yenilenen Yarg\u0131tay Ba\u015fkanl\u0131\u011f\u0131 K\u00fct\u00fcphanesi\u2019nin a\u00e7\u0131l\u0131\u015f\u0131na kat\u0131ld\u0131. <!--more--><\/p>\n<p style=\"text-align: justify;\">2018 y\u0131l\u0131nda \u0130ncek\u2019te yap\u0131lacak yeni binaya ge\u00e7ildi\u011finde mevcut binan\u0131n T\u00fcrkiye\u2019nin en b\u00fcy\u00fck Yarg\u0131 K\u00fct\u00fcphanesi olaca\u011f\u0131n\u0131 ifade eden Cirit, &#8220;Yarg\u0131yla ilgili t\u00fcm m\u00fcracaat edilebilecek eserleri buraya kazand\u0131rmak istiyoruz. Kitap ve k\u00fct\u00fcphane \u00e7ok \u00f6nemli. \u0130nsanlar\u0131n bilgi ve g\u00fcven elde etme noktas\u0131nda kitap ve k\u00fct\u00fcphane \u00e7ok \u00f6nemli. Ama maalesef son y\u0131llarda \u00f6zellikle elektronik \u00e7a\u011f\u0131n geli\u015fmesi nedeniyle kitap okuma al\u0131\u015fkanl\u0131klar\u0131, k\u00fct\u00fcphane al\u0131\u015fkanl\u0131klar\u0131 k\u0131smen azald\u0131. Bunu artt\u0131rmam\u0131z gerekiyor&#8221; dedi. Cirit, ama\u00e7lar\u0131n\u0131n t\u00fcm T\u00fcrkiye\u2019nin yarg\u0131 k\u00fct\u00fcphanesini olu\u015fturmak oldu\u011funu ifade etti.<\/p>\n<p style=\"text-align: justify;\">Kaynak: http:\/\/www.milliyet.com.tr\/<\/p>\n","protected":false},"excerpt":{"rendered":"<p>Ankara\u2019da yenilenen Yarg\u0131tay Ba\u015fkanl\u0131\u011f\u0131 K\u00fct\u00fcphanesi, d\u00fczenlenen t\u00f6renle a\u00e7\u0131ld\u0131. Yarg\u0131tay Ba\u015fkan\u0131 \u0130smail R\u00fc\u015ft\u00fc Cirit, &#8220;Amac\u0131m\u0131z t\u00fcm T\u00fcrkiye\u2019nin yarg\u0131 k\u00fct\u00fcphanesini olu\u015fturmak&#8221;dedi. Yarg\u0131tay Ba\u015fkan\u0131 \u0130smail R\u00fc\u015ft\u00fc Cirit, Yarg\u0131tay Cumhuriyet Ba\u015fsavc\u0131s\u0131 Mehmet Akarca, Vak\u0131fbank Genel M\u00fcd\u00fcr\u00fc Halil Aydo\u011fan ve yarg\u0131 mensuplar\u0131 ile birlikte yenilenen Yarg\u0131tay Ba\u015fkanl\u0131\u011f\u0131 K\u00fct\u00fcphanesi\u2019nin a\u00e7\u0131l\u0131\u015f\u0131na kat\u0131ld\u0131.<\/p>\n","protected":false},"author":1,"featured_media":0,"comment_status":"open","ping_status":"open","sticky":false,"template":"","format":"standard","meta":{"footnotes":""},"categories":[1],"tags":[],"class_list":["post-18625","post","type-post","status-publish","format-standard","hentry","category-genel"],"_links":{"self":[{"href":"https:\/\/www.bbyhaber.com\/bby\/wp-json\/wp\/v2\/posts\/18625"}],"collection":[{"href":"https:\/\/www.bbyhaber.com\/bby\/wp-json\/wp\/v2\/posts"}],"about":[{"href":"https:\/\/www.bbyhaber.com\/bby\/wp-json\/wp\/v2\/types\/post"}],"author":[{"embeddable":true,"href":"https:\/\/www.bbyhaber.com\/bby\/wp-json\/wp\/v2\/users\/1"}],"replies":[{"embeddable":true,"href":"https:\/\/www.bbyhaber.com\/bby\/wp-json\/wp\/v2\/comments?post=18625"}],"version-history":[{"count":0,"href":"https:\/\/www.bbyhaber.com\/bby\/wp-json\/wp\/v2\/posts\/18625\/revisions"}],"wp:attachment":[{"href":"https:\/\/www.bbyhaber.com\/bby\/wp-json\/wp\/v2\/media?parent=18625"}],"wp:term":[{"taxonomy":"category","embeddable":true,"href":"https:\/\/www.bbyhaber.com\/bby\/wp-json\/wp\/v2\/categories?post=18625"},{"taxonomy":"post_tag","embeddable":true,"href":"https:\/\/www.bbyhaber.com\/bby\/wp-json\/wp\/v2\/tags?post=18625"}],"curies":[{"name":"wp","href":"https:\/\/api.w.org\/{rel}","templated":true}]}}