{"id":18615,"date":"2016-03-15T20:44:03","date_gmt":"2016-03-15T18:44:03","guid":{"rendered":"http:\/\/www.bbyhaber.com\/bby\/?p=18615"},"modified":"2016-04-04T11:00:01","modified_gmt":"2016-04-04T08:00:01","slug":"52-kutuphane-haftasi-afis-ve-programi","status":"publish","type":"post","link":"https:\/\/www.bbyhaber.com\/bby\/2016\/03\/15\/52-kutuphane-haftasi-afis-ve-programi","title":{"rendered":"52.K\u00fct\u00fcphane Haftas\u0131 Afi\u015f ve Program\u0131"},"content":{"rendered":"<p style=\"text-align: justify;\"><span style=\"color: #0000ff;\"><strong><a href=\"http:\/\/www.bbyhaber.com\/bby\/wp-content\/uploads\/kutuphane-haftasi-afisleri\/2016.jpg\"><img loading=\"lazy\" decoding=\"async\" class=\"alignleft\" title=\"52.K\u00fct\u00fcphane Haftas\u0131 Afi\u015fi-2016\" src=\"http:\/\/www.bbyhaber.com\/bby\/wp-content\/uploads\/kutuphane-haftasi-afisleri\/2016.jpg\" alt=\"\" width=\"271\" height=\"279\" \/><\/a><\/strong><\/span> <strong>T\u00fcrk K\u00fct\u00fcphaneciler Derne\u011fi&#8217;nce d\u00fczenlenecek olan 52. K\u00fct\u00fcphane Haftas\u0131 (28 Mart-03 Nisan 2016) Ana Etkinlik Program\u0131<\/strong>, \u201c<strong><span style=\"color: #0000ff;\">K\u00fct\u00fcphane ve \u0130nsan<\/span><\/strong>\u201d ana temas\u0131yla, <strong><span style=\"color: #ff0000;\">28 Mart 2016 Pazartesi g\u00fcn\u00fc saat 10.00\u2019da Ankara \u00dcniversitesi Eczac\u0131l\u0131k Fak\u00fcltesi 50. Y\u0131l Salonu Be\u015fevler\u2019<\/span><\/strong><span style=\"color: #000000;\">de a\u00e7\u0131l\u0131\u015f yap\u0131lacakt\u0131r.<!--more--><\/span><\/p>\n<p style=\"text-align: justify;\"><span style=\"color: #0000ff;\"><strong><a href=\"http:\/\/www.kutuphaneci.org.tr\/sites\/default\/files\/galeri\/52.kutuphane_haftasi_etkinlik_programi.pdf\" target=\"_blank\"><span style=\"color: #0000ff;\">52. K\u00fct\u00fcphane Haftas\u0131 Program\u0131<\/span><\/a><\/strong><\/span><\/p>\n<ul>\n<li><a title=\"1964-1990 y\u0131llar\u0131 aras\u0131ndaki K\u00fct\u00fcphane Haftas\u0131 konu\u015fmalar\u0131\/programlar\u0131\" href=\"http:\/\/www.bbyhaber.com\/bby\/2012\/03\/21\/1964-1990-yillari-arasindaki-kutuphane-haftasi-konusmalariprogramlari\/\" target=\"_blank\"><span style=\"color: #0000ff;\"><strong>1964-1990 y\u0131llar\u0131 aras\u0131ndaki K\u00fct\u00fcphane Haftas\u0131 konu\u015fmalar\u0131\/programlar\u0131 i\u00e7in t\u0131klay\u0131n\u0131z<\/strong><\/span><\/a><\/li>\n<li><span style=\"color: #0000ff;\"><strong><a title=\"D\u00fcnden Bug\u00fcne K\u00fct\u00fcphane Haftas\u0131 Afi\u015fleri\" href=\"http:\/\/www.bbyhaber.com\/bby\/2012\/03\/11\/kutuphane-haftasi-afisleri\/\" target=\"_blank\"><span style=\"color: #0000ff;\">D\u00fcnden Bug\u00fcne K\u00fct\u00fcphane Haftas\u0131 Afi\u015fleri<\/span><\/a><\/strong><\/span><span style=\"color: #0000ff;\"><br \/>\n<\/span><\/li>\n<\/ul>\n","protected":false},"excerpt":{"rendered":"<p>T\u00fcrk K\u00fct\u00fcphaneciler Derne\u011fi&#8217;nce d\u00fczenlenecek olan 52. K\u00fct\u00fcphane Haftas\u0131 (28 Mart-03 Nisan 2016) Ana Etkinlik Program\u0131, \u201cK\u00fct\u00fcphane ve \u0130nsan\u201d ana temas\u0131yla, 28 Mart 2016 Pazartesi g\u00fcn\u00fc saat 10.00\u2019da Ankara \u00dcniversitesi Eczac\u0131l\u0131k Fak\u00fcltesi 50. Y\u0131l Salonu Be\u015fevler\u2019de a\u00e7\u0131l\u0131\u015f yap\u0131lacakt\u0131r.<\/p>\n","protected":false},"author":1,"featured_media":0,"comment_status":"open","ping_status":"open","sticky":false,"template":"","format":"standard","meta":{"footnotes":""},"categories":[1471],"tags":[1461],"class_list":["post-18615","post","type-post","status-publish","format-standard","hentry","category-52-kutuphane-haftasi","tag-kutuphane-haftasi"],"_links":{"self":[{"href":"https:\/\/www.bbyhaber.com\/bby\/wp-json\/wp\/v2\/posts\/18615"}],"collection":[{"href":"https:\/\/www.bbyhaber.com\/bby\/wp-json\/wp\/v2\/posts"}],"about":[{"href":"https:\/\/www.bbyhaber.com\/bby\/wp-json\/wp\/v2\/types\/post"}],"author":[{"embeddable":true,"href":"https:\/\/www.bbyhaber.com\/bby\/wp-json\/wp\/v2\/users\/1"}],"replies":[{"embeddable":true,"href":"https:\/\/www.bbyhaber.com\/bby\/wp-json\/wp\/v2\/comments?post=18615"}],"version-history":[{"count":0,"href":"https:\/\/www.bbyhaber.com\/bby\/wp-json\/wp\/v2\/posts\/18615\/revisions"}],"wp:attachment":[{"href":"https:\/\/www.bbyhaber.com\/bby\/wp-json\/wp\/v2\/media?parent=18615"}],"wp:term":[{"taxonomy":"category","embeddable":true,"href":"https:\/\/www.bbyhaber.com\/bby\/wp-json\/wp\/v2\/categories?post=18615"},{"taxonomy":"post_tag","embeddable":true,"href":"https:\/\/www.bbyhaber.com\/bby\/wp-json\/wp\/v2\/tags?post=18615"}],"curies":[{"name":"wp","href":"https:\/\/api.w.org\/{rel}","templated":true}]}}