{"id":18569,"date":"2016-03-09T17:14:48","date_gmt":"2016-03-09T15:14:48","guid":{"rendered":"http:\/\/www.bbyhaber.com\/bby\/?p=18569"},"modified":"2016-05-20T21:15:57","modified_gmt":"2016-05-20T18:15:57","slug":"kultur-bakanliginin-alacagi-kadrolara-dair-bilgilendirme","status":"publish","type":"post","link":"https:\/\/www.bbyhaber.com\/bby\/2016\/03\/09\/kultur-bakanliginin-alacagi-kadrolara-dair-bilgilendirme","title":{"rendered":"K\u00fclt\u00fcr Bakanl\u0131\u011f\u0131&#8217;n\u0131n alaca\u011f\u0131 kadrolara dair bilgilendirme"},"content":{"rendered":"<p style=\"text-align: justify;\"><img loading=\"lazy\" decoding=\"async\" class=\"alignleft\" src=\"http:\/\/bbyhaber.com\/bby\/wp-content\/uploads\/2016\/03\/duzeltme.jpg\" alt=\"\" width=\"274\" height=\"129\" \/>Ge\u00e7ti\u011fimiz g\u00fcnlerde bir haber sitesinden al\u0131n\u0131p &#8220;K\u00fclt\u00fcr Bakanl\u0131\u011f\u0131, 2016 y\u0131l\u0131 i\u00e7in 3192 s\u00f6zle\u015fmeli kadro talebinde bulundu&#8221; ba\u015fl\u0131\u011f\u0131 ile bbyhaber&#8217;de yay\u0131nlanan\u00a0 kadrolara dair bilgiler, K\u00fclt\u00fcr ve Turizm Bakanl\u0131\u011f\u0131 Kamu \u0130\u015fveren Vekilleri ve K\u00fclt\u00fcr Memur Sen Temsilcileri ile K\u00fclt\u00fcr ve Turizm Bakanl\u0131\u011f\u0131 Kurum \u0130dari Kurul toplant\u0131s\u0131nda 27\/10\/2015 tarihindeki yap\u0131lan g\u00f6r\u00fc\u015fme tutana\u011f\u0131 oldu\u011fu anla\u015f\u0131lm\u0131\u015f ve yay\u0131nlanan i\u00e7erikte yer alan kadro say\u0131lar\u0131n\u0131n kesinle\u015fmi\u015f bir karar olmad\u0131\u011f\u0131, bu g\u00f6r\u00fc\u015fmede dile getirilen bir konudan ibaret oldu\u011fu ve ilgili i\u00e7erik do\u011frulanamad\u0131\u011f\u0131 i\u00e7in bbyhaber&#8217;den ve bbyhaber&#8217;in t\u00fcm sosyal medya hesaplar\u0131ndan kald\u0131r\u0131lm\u015ft\u0131r. \u00c7\u00fcnk\u00fc, K\u00fclt\u00fcr ve Turizm Bakanl\u0131\u011f\u0131 d\u0131\u015f\u0131ndaki di\u011fer t\u00fcm kamu kurumlar\u0131 <strong>alacaklar\u0131 personel say\u0131lar\u0131n\u0131<\/strong> <strong>net bir bi\u00e7imde<\/strong> a\u00e7\u0131klarken, hala ilgili bakanl\u0131\u011f\u0131n kadrolara dair bilgilendirme yapmad\u0131\u011f\u0131 g\u00f6r\u00fclmekte ve dolay\u0131s\u0131yla kadrolara dair yay\u0131nlanan haber i\u00e7eri\u011fi, a\u015fa\u011f\u0131daki g\u00f6r\u00fc\u015fme tutana\u011f\u0131nda ge\u00e7en 3192 kadro say\u0131s\u0131n\u0131n ne kadar\u0131n\u0131n al\u0131naca\u011f\u0131na dair net bir bilgi teyit edilememi\u015ftir.<!--more--><\/p>\n<p style=\"text-align: justify;\">Yukar\u0131da da belirtildi\u011fi \u00fczere, kadrolara dair yap\u0131lan a\u00e7\u0131klamalar toplant\u0131 tutana\u011f\u0131nda ge\u00e7en &#8220;<strong>\u00fcst y\u00f6neticiye sunulmak \u00fczere kararla\u015ft\u0131r\u0131lan<\/strong>&#8221; g\u00f6r\u00fc\u015fmelerden ibarettir. <span style=\"color: #0000ff;\"><a href=\"http:\/\/www.bbyhaber.com\/bby\/2015\/12\/22\/300un-uzerinde-kutuphaneci-alinacak\/\" target=\"_blank\"><span style=\"color: #0000ff;\">Bakanl\u0131\u011f\u0131n \u015fu ba\u011flant\u0131da verdi\u011fi s\u00f6z<\/span><\/a><\/span> hala netlik kazanmam\u0131\u015f, ne kadar kadro a\u00e7\u0131laca\u011f\u0131, s\u00f6zle\u015fmeli mi kadrolu mu olaca\u011f\u0131, hangi atama d\u00f6neminde ne kadar al\u0131naca\u011f\u0131 gibi sorular hala cevap bulamam\u0131\u015ft\u0131r.<\/p>\n<p style=\"text-align: justify;\">T\u00fcm bbyhaber takip\u00e7ilerine ve meslekta\u015flar\u0131m\u0131za \u00f6nemle duyurulur.<\/p>\n<p><strong>Konuyla ilgili kaynaklar:<\/strong><\/p>\n<p><a href=\"https:\/\/drive.google.com\/file\/d\/0B3HGQBx0OSziRFhlc1VyOXZ1M00\/view?usp=sharing\" target=\"_blank\">G\u00f6r\u00fc\u015fme Tutana\u011f\u0131 tam metni i\u00e7in t\u0131klay\u0131n\u0131z<\/a><\/p>\n<p><a href=\"http:\/\/pdb.kultur.gov.tr\/TR,154001\/kultur-ve-turizm-bakanligi-kurum-idari-kurulu-gorusme-t-.html\" target=\"_blank\">Tutana\u011f\u0131n al\u0131nd\u0131\u011f\u0131 kaynak i\u00e7in t\u0131klay\u0131n\u0131z<\/a><\/p>\n","protected":false},"excerpt":{"rendered":"<p>Ge\u00e7ti\u011fimiz g\u00fcnlerde bir haber sitesinden al\u0131n\u0131p &#8220;K\u00fclt\u00fcr Bakanl\u0131\u011f\u0131, 2016 y\u0131l\u0131 i\u00e7in 3192 s\u00f6zle\u015fmeli kadro talebinde bulundu&#8221; ba\u015fl\u0131\u011f\u0131 ile bbyhaber&#8217;de yay\u0131nlanan\u00a0 kadrolara dair bilgiler, K\u00fclt\u00fcr ve Turizm Bakanl\u0131\u011f\u0131 Kamu \u0130\u015fveren Vekilleri ve K\u00fclt\u00fcr Memur Sen Temsilcileri ile K\u00fclt\u00fcr ve Turizm Bakanl\u0131\u011f\u0131 Kurum \u0130dari Kurul toplant\u0131s\u0131nda 27\/10\/2015 tarihindeki yap\u0131lan g\u00f6r\u00fc\u015fme tutana\u011f\u0131 oldu\u011fu anla\u015f\u0131lm\u0131\u015f ve yay\u0131nlanan i\u00e7erikte yer [&hellip;]<\/p>\n","protected":false},"author":1,"featured_media":0,"comment_status":"open","ping_status":"open","sticky":false,"template":"","format":"standard","meta":{"footnotes":""},"categories":[1513,31],"tags":[],"class_list":["post-18569","post","type-post","status-publish","format-standard","hentry","category-2016-1-bby-kpss-kadrolari","category-bbykpss"],"_links":{"self":[{"href":"https:\/\/www.bbyhaber.com\/bby\/wp-json\/wp\/v2\/posts\/18569"}],"collection":[{"href":"https:\/\/www.bbyhaber.com\/bby\/wp-json\/wp\/v2\/posts"}],"about":[{"href":"https:\/\/www.bbyhaber.com\/bby\/wp-json\/wp\/v2\/types\/post"}],"author":[{"embeddable":true,"href":"https:\/\/www.bbyhaber.com\/bby\/wp-json\/wp\/v2\/users\/1"}],"replies":[{"embeddable":true,"href":"https:\/\/www.bbyhaber.com\/bby\/wp-json\/wp\/v2\/comments?post=18569"}],"version-history":[{"count":0,"href":"https:\/\/www.bbyhaber.com\/bby\/wp-json\/wp\/v2\/posts\/18569\/revisions"}],"wp:attachment":[{"href":"https:\/\/www.bbyhaber.com\/bby\/wp-json\/wp\/v2\/media?parent=18569"}],"wp:term":[{"taxonomy":"category","embeddable":true,"href":"https:\/\/www.bbyhaber.com\/bby\/wp-json\/wp\/v2\/categories?post=18569"},{"taxonomy":"post_tag","embeddable":true,"href":"https:\/\/www.bbyhaber.com\/bby\/wp-json\/wp\/v2\/tags?post=18569"}],"curies":[{"name":"wp","href":"https:\/\/api.w.org\/{rel}","templated":true}]}}