{"id":18563,"date":"2016-03-08T15:52:41","date_gmt":"2016-03-08T13:52:41","guid":{"rendered":"http:\/\/www.bbyhaber.com\/bby\/?p=18563"},"modified":"2016-12-25T11:41:10","modified_gmt":"2016-12-25T08:41:10","slug":"herkes-icin-kutuphane-projesi","status":"publish","type":"post","link":"https:\/\/www.bbyhaber.com\/bby\/2016\/03\/08\/herkes-icin-kutuphane-projesi","title":{"rendered":"Herkes i\u00e7in K\u00fct\u00fcphane Projesi"},"content":{"rendered":"<p style=\"text-align: justify;\"><img loading=\"lazy\" decoding=\"async\" class=\"alignleft\" src=\"http:\/\/bbyhaber.com\/bby\/wp-content\/uploads\/2016\/03\/herkesicinkutuphane-manset.jpg\" alt=\"\" width=\"270\" height=\"127\" \/>Resmi slogan\u0131 \u201cYerel D\u00f6n\u00fc\u015f\u00fcm, K\u00fcresel Eri\u015fim\u201d olan H\u0130K Program\u0131 ile il, il\u00e7e ve belde belediyelerine ait belirli say\u0131daki yerel y\u00f6netim k\u00fct\u00fcphanesinde k\u00f6kl\u00fc bir de\u011fi\u015fim ve geli\u015fimin harekete ge\u00e7irilerek b\u00f6lgelerindeki vatanda\u015flar i\u00e7in birer \u201ccazibe merkezi\u201d haline gelmeleri \u00f6ng\u00f6r\u00fclmektedir. H\u0130K Program\u0131 sadece yerel y\u00f6netim k\u00fct\u00fcphanelerini toplum merkezlerine d\u00f6n\u00fc\u015ft\u00fcrmekle kalmay\u0131p, ayn\u0131 zamanda kad\u0131nlara, ya\u015fl\u0131lara, gen\u00e7lere, i\u015fsizlere, engellilere, ve k\u0131rsal kesimlerde ya\u015fayanlara,<!--more--> etki de\u011ferlendirme alanlar\u0131na da dahil olan, ekonomik geli\u015fme, e\u011fitim, ileti\u015fim ve k\u00fclt\u00fcr konular\u0131nda kazan\u0131mlar sa\u011flayacakt\u0131r. Toplumdaki payda\u015flar, \u00f6zel sekt\u00f6r ve STK\u2019lar taraf\u0131ndan da desteklenen program \u00e7al\u0131\u015fmalar\u0131n\u0131n s\u00fcrd\u00fcr\u00fclebilirli\u011fi i\u00e7in gerekli \u00e7al\u0131\u015fmalar yap\u0131lacakt\u0131r.<\/p>\n<p style=\"text-align: justify;\"><strong>Vizyon<\/strong>:\u00a0 Yerel y\u00f6netimlere ba\u011fl\u0131 k\u00fct\u00fcphaneleri toplum merkezlerine d\u00f6n\u00fc\u015ft\u00fcrerek, kad\u0131nlara, ya\u015fl\u0131lara, gen\u00e7lere, i\u015fsizlere, engellilere ve k\u0131rsal kesimlerde ya\u015fayanlara;\u00a0 ekonomik geli\u015fme, e\u011fitim, ileti\u015fim ve k\u00fclt\u00fcr konular\u0131nda katk\u0131da bulunarak, onlar\u0131n ya\u015fam kalitelerini y\u00fckseltmektir.<\/p>\n<p style=\"text-align: justify;\"><strong>Misyon:\u00a0<\/strong>Vizyonda s\u00f6z\u00fc edilen k\u00fct\u00fcphaneleri, vatanda\u015flar\u0131n bilgi gereksinimlerini kar\u015f\u0131layan birer cazibe merkezi haline getirmektir.<\/p>\n<p><span style=\"color: #ff0000;\"><strong>Proje Ekibi<\/strong><\/span><\/p>\n<p>PROJE Y\u00d6NET\u0130M B\u0130R\u0130M\u0130<\/p>\n<p>Proje Y\u00f6neticisi \u2013 Prof. Dr. Mehmet Emin K\u00dc\u00c7\u00dcK<br \/>\nProje Y\u00f6neticisi Yard\u0131mc\u0131s\u0131 \u2013 Mustafa \u00dcNAL<br \/>\nProje Y\u00f6neticisi Yard\u0131mc\u0131s\u0131 \u2013 Yrd. Do\u00e7. Dr. Sinan AKILLI<br \/>\nUzman Yard\u0131mc\u0131s\u0131 \u2013 Sel\u00e7uk SAVA\u015e<br \/>\nUzman Yard\u0131mc\u0131s\u0131 \u2013 Seda \u00d6Z<\/p>\n<p>TANITIM \u00c7ALI\u015eMA GRUBU<\/p>\n<p>Tan\u0131t\u0131m Uzman\u0131 \u2013 Prof. Dr. Ahmet \u00c7EL\u0130K<br \/>\nTan\u0131t\u0131m Uzman\u0131 \u2013 Mehmet Ali Demirel<br \/>\nGrafik Tasar\u0131m \u2013 Yrd. Do\u00e7. Dr. Necip Erol OLCAY<\/p>\n<p>ETK\u0130 DE\u011eERLEND\u0130RME \u00c7ALI\u015eMA GRUBU<\/p>\n<p>Etki De\u011ferlendirme Uzman\u0131 \u2013 Do\u00e7. Dr. Umut AL<br \/>\nEtki De\u011ferlendirme Uzman\u0131 \u2013 Do\u00e7. Dr. \u0130rem SOYDAL<br \/>\nEtki De\u011ferlendirme Uzman\u0131 \u2013 G\u00fcleda Do\u011fan<br \/>\nEtki De\u011ferlendirme Uzman\u0131 \u2013 Zehra Ta\u015fk\u0131n<\/p>\n<p>E\u011e\u0130T\u0130M \u00c7ALI\u015eMA GRUBU<\/p>\n<p>E\u011fitim Uzman\u0131 \u2013 Yrd. Do\u00e7. Dr. G\u00fclten ALIR<br \/>\nE\u011fitim Uzman\u0131 \u2013 Or\u00e7un MADRAN<br \/>\nE\u011fitim Uzman\u0131 \u2013 Fatma Gonca Cula<br \/>\nE\u011fitim Uzman\u0131 \u2013 Do\u011fuhan Can<br \/>\nE\u011fitim Uzman\u0131 \u2013 Duygu \u00d6nen<br \/>\nE\u011fitim Uzman\u0131 \u2013 Rahmi Akk\u0131l\u0131k<\/p>\n<p>B\u0130LG\u0130 VE \u0130LET\u0130\u015e\u0130M TEKNOLOJ\u0130LER\u0130 \u00c7ALI\u015eMA GRUBU<\/p>\n<p>Bilgi ve \u0130leti\u015fim Teknolojileri Uzman\u0131 \u2013 H\u00fcseyin \u00d6ZYURT<br \/>\nBilgi ve \u0130leti\u015fim Teknolojileri Uzman\u0131 \u2013 \u00dclk\u00fc Esra K\u00d6RO\u011eLU<br \/>\nBilgi ve \u0130leti\u015fim Teknolojileri Uzman\u0131 \u2013 Alparslan MESR\u0130<br \/>\n<strong>Proje Hakk\u0131nda<\/strong><\/p>\n<p><strong>HERKES \u0130\u00c7\u0130N K\u00dcT\u00dcPHANE PROGRAMI<\/strong><\/p>\n<div>\n<p style=\"text-align: justify;\">Modern kamu y\u00f6netimlerinin \u00f6nemli g\u00f6revlerinden birisi de hizmet alan\u0131ndaki vatanda\u015flar\u0131n bilgi ihtiya\u00e7lar\u0131n\u0131 kar\u015f\u0131lamakt\u0131r, bu da\u00a0<strong>k\u00fct\u00fcphaneler<\/strong>\u00a0vas\u0131tas\u0131yla olmaktad\u0131r. \u00d6nemli bir kamu hizmeti g\u00f6ren yerel y\u00f6netimlere ba\u011fl\u0131 k\u00fct\u00fcphaneler de bir taraftan kitap, dergi, gazete gibi yay\u0131nlar\u0131; bir yandan da bilgisayar ve internet hizmetini vatanda\u015flar\u0131n hizmetine sunma y\u00fck\u00fcml\u00fcl\u00fc\u011f\u00fc ile kar\u015f\u0131 kar\u015f\u0131yad\u0131rlar. \u00c7\u00fcnk\u00fc, \u0130nternet g\u00fcn\u00fcm\u00fczde bireyin sosyal ve mesleki ya\u015fam\u0131n\u0131 do\u011frudan etkilemektedir. Ancak, vatanda\u015flar\u0131n bir k\u0131sm\u0131 bu hizmetlerden yeterince yararlanamamaktad\u0131r. \u00d6zellikle ya\u015fl\u0131, d\u00fc\u015f\u00fck gelirli, e\u011fitim seviyesi d\u00fc\u015f\u00fck, engelli gruplar\u0131n b\u00fcy\u00fck k\u0131sm\u0131 i\u00e7in durum b\u00f6yledir. Bu nedenle toplumlar ve bir toplum i\u00e7indeki gruplar aras\u0131ndaki dijital u\u00e7urum\/dijital b\u00f6l\u00fcnme giderek b\u00fcy\u00fcmektedir. Ayr\u0131ca, e-devlet ve e-belediye hizmetlerinin elektronik ortamda verilmeye ba\u015flamas\u0131 kamu hizmetlerinin verimlili\u011fi a\u00e7\u0131s\u0131ndan b\u00fcy\u00fck \u00f6nem ta\u015f\u0131maktad\u0131r. Bu hizmetler vatanda\u015flar\u0131n para ve zamandan tasarruf etmelerini sa\u011flarken kamu kurumlar\u0131 ve belediyelerin i\u015f y\u00fck\u00fcn\u00fc hafifletmektedir. Ancak, baz\u0131 vatanda\u015flar fark\u0131nda olmad\u0131klar\u0131; baz\u0131lar\u0131 sistemi nas\u0131l kullanaca\u011f\u0131n\u0131 bilmedikleri; baz\u0131lar\u0131 da g\u00fcvenlik endi\u015feleri nedeniyle bu hizmetleri kullanamamaktad\u0131r.<\/p>\n<p style=\"text-align: justify;\">Geli\u015fmi\u015f \u00fclkelerdeki \u00f6rnekler, vatanda\u015flar\u0131n kar\u015f\u0131la\u015ft\u0131\u011f\u0131 bu sorunun \u00e7\u00f6z\u00fcm\u00fc i\u00e7in en etkili y\u00f6ntemin, kamuya ait k\u00fct\u00fcphanelerin (halk, belediye, kurum) devreye girmesi oldu\u011funu g\u00f6stermektedir. Bu g\u00f6r\u00fc\u015ften hareketle, Hacettepe \u00dcniversitesi Teknokent-Teknoloji Transfer Merkezi\u2019nin giri\u015fimiyle ABD\u2019deki Bill ve Melinda Gates Vakf\u0131\u2019ndan sa\u011flanan fonla\u00a0<strong>Herkes \u0130\u00e7in K\u00fct\u00fcphane (H\u0130K)\u00a0<\/strong>program\u0131 ba\u015flat\u0131lm\u0131\u015ft\u0131r. \u00a0Bunun i\u00e7in yerel y\u00f6netimlere ba\u011fl\u0131 k\u00fct\u00fcphanelerde, \u00f6ncelikle vatanda\u015flar\u0131n temel bilgisayar ve Internet eri\u015fimlerine imkan sa\u011flayacak altyap\u0131 desteklenerek;\u00a0 e-devlet ve e-belediye hizmetleri ba\u015fta olmak \u00fczere Internet \u00fczerinden sunulan hizmetlerden yararlanmas\u0131, bilgi ve ileti\u015fim teknolojileri becerilerinin kazand\u0131r\u0131lmas\u0131 i\u00e7in gerekli e\u011fitimlerin \u00fccretsiz bir bi\u00e7imde kamu k\u00fct\u00fcphanelerince sunulmas\u0131 \u00f6ng\u00f6r\u00fclmektedir. Bu hizmetlerin sa\u011fl\u0131kl\u0131 bir bi\u00e7imde verilebilmesi i\u00e7in yerel y\u00f6netimlere ba\u011fl\u0131 k\u00fct\u00fcphane \u00e7al\u0131\u015fanlar\u0131na s\u00f6z\u00fc edilen bu e\u011fitimlerin yan\u0131 s\u0131ra k\u00fct\u00fcphanecilik alan\u0131nda ihtiya\u00e7 duyulan mesleki e\u011fitimlerin verilerek vatanda\u015flara daha iyi hizmet sunmalar\u0131 hedeflenmi\u015ftir.<\/p>\n<p style=\"text-align: justify;\">Resmi slogan\u0131 \u201cYerel D\u00f6n\u00fc\u015f\u00fcm, K\u00fcresel Eri\u015fim\u201d olan H\u0130K Program\u0131 ile il, il\u00e7e ve belde belediyelerine ait belirli say\u0131daki yerel y\u00f6netim k\u00fct\u00fcphanesinde k\u00f6kl\u00fc bir de\u011fi\u015fim ve geli\u015fimin harekete ge\u00e7irilerek b\u00f6lgelerindeki vatanda\u015flar i\u00e7in birer \u201ccazibe merkezi\u201d haline gelmeleri \u00f6ng\u00f6r\u00fclmektedir. H\u0130K Program\u0131 sadece yerel y\u00f6netim k\u00fct\u00fcphanelerini toplum merkezlerine d\u00f6n\u00fc\u015ft\u00fcrmekle kalmay\u0131p, ayn\u0131 zamanda kad\u0131nlara, ya\u015fl\u0131lara, gen\u00e7lere, i\u015fsizlere, engellilere, ve k\u0131rsal kesimlerde ya\u015fayanlara, etki de\u011ferlendirme alanlar\u0131na da dahil olan, ekonomik geli\u015fme, e\u011fitim, ileti\u015fim ve k\u00fclt\u00fcr konular\u0131nda kazan\u0131mlar sa\u011flayacakt\u0131r. Toplumdaki payda\u015flar, \u00f6zel sekt\u00f6r ve STK\u2019lar taraf\u0131ndan da desteklenen program \u00e7al\u0131\u015fmalar\u0131n\u0131n s\u00fcrd\u00fcr\u00fclebilirli\u011fi i\u00e7in gerekli \u00e7al\u0131\u015fmalar yap\u0131lacakt\u0131r.<\/p>\n<p style=\"text-align: justify;\">Bu vizyona paralel olarak H\u0130K\u2019nin \u00fc\u00e7 \u00f6nemli hedefi vard\u0131r: 1) Temmuz 2018 sonu itibariyle, T\u00fcrkiye\u2019deki Program kapsam\u0131ndaki belediye k\u00fct\u00fcphanelerinin bulundu\u011fu y\u00f6relerde ya\u015fayan ki\u015filerin bilgi ihtiya\u00e7lar\u0131n\u0131, yarat\u0131c\u0131, yenilik\u00e7i hizmetlerle kar\u015f\u0131layabilen kurumlar haline gelmeleri. 2) Yine ayn\u0131 tarih itibariyle, belediye k\u00fct\u00fcphanesi kullan\u0131c\u0131lar\u0131n\u0131n (\u00f6zellikle kad\u0131nlar, ya\u015fl\u0131lar, i\u015fsizler, engelliler, gen\u00e7ler ve k\u0131rsal kesimde ya\u015fayanlar) Program\u0131n etki de\u011ferlendirme alanlar\u0131na dahil olan dijital kat\u0131l\u0131m, e\u011fitim, ekonomik geli\u015fme ve k\u00fclt\u00fcr konular\u0131nda ki\u015fisel olarak yarar sa\u011flad\u0131klar\u0131n\u0131n g\u00f6r\u00fclmesi. 3) Program d\u00f6nemi sonunda,\u00a0 geli\u015ftirilen yap\u0131n\u0131n s\u00fcrd\u00fcr\u00fclebilir bir konuma gelmesi.<\/p>\n<p style=\"text-align: justify;\">Programa, b\u00fcnyesinde\u00a0<strong>k\u00fct\u00fcphane<\/strong>\u00a0ve\u00a0<strong>bilgi merkezi<\/strong>\u00a0bulunduran belediyeler, \u201cg\u00f6n\u00fcll\u00fcl\u00fck\u201d esas\u0131na g\u00f6re kat\u0131lacaklard\u0131r. Bu k\u00fct\u00fcphanelerin bilgisayar ve internete eri\u015fim cihazlar\u0131 ve yaz\u0131l\u0131mlar\u0131, e\u011fitim ve tan\u0131t\u0131m materyalleri, personele verilecek e\u011fitimler Program Ofisi taraf\u0131ndan \u00fccretsiz olarak kar\u015f\u0131lanacakt\u0131r<strong>.\u00a0<\/strong>Program sonunda yerel y\u00f6netimlere ba\u011fl\u0131 k\u00fct\u00fcphanelerin geleneksel k\u00fct\u00fcphane hizmetlerinin yan\u0131 s\u0131ra b\u00f6lgede ya\u015fayan vatanda\u015flar\u0131n, \u00f6zellikle de dezavantajl\u0131 gruplar\u0131n ya\u015fam boyu \u00f6\u011frenme \u00e7abalar\u0131na destek veren hizmetleri de sunan birer cazibe merkezi haline gelmeleri\u00a0<strong>Herkes \u0130\u00e7in K\u00fct\u00fcphane<\/strong>\u2019nin temel hedefidir.<\/p>\n<p style=\"text-align: justify;\">B\u00fcnyesinde e\u011fitim, etki de\u011ferlendirme, bilgi i\u015flem, tan\u0131t\u0131m \u00e7al\u0131\u015fma gruplar\u0131 bulunan Program ekibi \u00e7al\u0131\u015fmalar\u0131n\u0131 Hacettepe \u00dcniversitesi Teknokent-Teknoloji Transfer Merkezi\u2019ndeki ofisinde s\u00fcrd\u00fcrmektedir.<\/p>\n<p><strong>Web Sayfas\u0131:<\/strong> h<a href=\"http:\/\/www.herkesicinkutuphane.org\/\" target=\"_blank\">http:\/\/www.herkesicinkutuphane.org\/<\/a><\/p>\n<p style=\"text-align: justify;\"><strong>Twitter:<\/strong> <a href=\"https:\/\/twitter.com\/herkesicinkutup\" target=\"_blank\">https:\/\/twitter.com\/herkesicinkutup<\/a><\/p>\n<\/div>\n","protected":false},"excerpt":{"rendered":"<p>Resmi slogan\u0131 \u201cYerel D\u00f6n\u00fc\u015f\u00fcm, K\u00fcresel Eri\u015fim\u201d olan H\u0130K Program\u0131 ile il, il\u00e7e ve belde belediyelerine ait belirli say\u0131daki yerel y\u00f6netim k\u00fct\u00fcphanesinde k\u00f6kl\u00fc bir de\u011fi\u015fim ve geli\u015fimin harekete ge\u00e7irilerek b\u00f6lgelerindeki vatanda\u015flar i\u00e7in birer \u201ccazibe merkezi\u201d haline gelmeleri \u00f6ng\u00f6r\u00fclmektedir. H\u0130K Program\u0131 sadece yerel y\u00f6netim k\u00fct\u00fcphanelerini toplum merkezlerine d\u00f6n\u00fc\u015ft\u00fcrmekle kalmay\u0131p, ayn\u0131 zamanda kad\u0131nlara, ya\u015fl\u0131lara, gen\u00e7lere, i\u015fsizlere, engellilere, ve [&hellip;]<\/p>\n","protected":false},"author":1,"featured_media":20637,"comment_status":"open","ping_status":"open","sticky":false,"template":"","format":"standard","meta":{"footnotes":""},"categories":[1,1577],"tags":[],"class_list":["post-18563","post","type-post","status-publish","format-standard","has-post-thumbnail","hentry","category-genel","category-herkes-icin-kutuphane"],"_links":{"self":[{"href":"https:\/\/www.bbyhaber.com\/bby\/wp-json\/wp\/v2\/posts\/18563"}],"collection":[{"href":"https:\/\/www.bbyhaber.com\/bby\/wp-json\/wp\/v2\/posts"}],"about":[{"href":"https:\/\/www.bbyhaber.com\/bby\/wp-json\/wp\/v2\/types\/post"}],"author":[{"embeddable":true,"href":"https:\/\/www.bbyhaber.com\/bby\/wp-json\/wp\/v2\/users\/1"}],"replies":[{"embeddable":true,"href":"https:\/\/www.bbyhaber.com\/bby\/wp-json\/wp\/v2\/comments?post=18563"}],"version-history":[{"count":2,"href":"https:\/\/www.bbyhaber.com\/bby\/wp-json\/wp\/v2\/posts\/18563\/revisions"}],"predecessor-version":[{"id":20497,"href":"https:\/\/www.bbyhaber.com\/bby\/wp-json\/wp\/v2\/posts\/18563\/revisions\/20497"}],"wp:featuredmedia":[{"embeddable":true,"href":"https:\/\/www.bbyhaber.com\/bby\/wp-json\/wp\/v2\/media\/20637"}],"wp:attachment":[{"href":"https:\/\/www.bbyhaber.com\/bby\/wp-json\/wp\/v2\/media?parent=18563"}],"wp:term":[{"taxonomy":"category","embeddable":true,"href":"https:\/\/www.bbyhaber.com\/bby\/wp-json\/wp\/v2\/categories?post=18563"},{"taxonomy":"post_tag","embeddable":true,"href":"https:\/\/www.bbyhaber.com\/bby\/wp-json\/wp\/v2\/tags?post=18563"}],"curies":[{"name":"wp","href":"https:\/\/api.w.org\/{rel}","templated":true}]}}