{"id":1856,"date":"2011-12-22T07:25:56","date_gmt":"2011-12-22T07:25:56","guid":{"rendered":"http:\/\/www.bbyhaber.com\/bby\/?p=1856"},"modified":"2012-09-07T17:53:03","modified_gmt":"2012-09-07T14:53:03","slug":"okul-kutuphaneleri-halka-aciliyor","status":"publish","type":"post","link":"https:\/\/www.bbyhaber.com\/bby\/2011\/12\/22\/okul-kutuphaneleri-halka-aciliyor","title":{"rendered":"Okul K\u00fct\u00fcphaneleri Halka A\u00e7\u0131l\u0131yor"},"content":{"rendered":"<p style=\"text-align: justify;\">2010-2011 e\u011fitim-\u00f6\u011fretim y\u0131l\u0131n\u0131n 2.yar\u0131s\u0131 itibariyle Beylikd\u00fcz\u00fc \u0130l\u00e7e Milli E\u011fitim M\u00fcd\u00fcrl\u00fc\u011f\u00fc olarak Beylikd\u00fcz\u00fc Belediye Ba\u015fkanl\u0131\u011f\u0131 ile \u00e7al\u0131\u015fmalar\u0131n\u0131 ba\u015flatt\u0131\u011f\u0131m\u0131z \u201cOkul K\u00fct\u00fcphaneleri Halka A\u00e7\u0131l\u0131yor\u201d projemiz kapsam\u0131nda, \u0130l\u00e7emiz okullar\u0131ndan Cahit Zarifo\u011flu Lisesi, Be\u015fir Balc\u0131o\u011flu Anadolu Lisesi ve G\u00fcrp\u0131nar Lisesi k\u00fct\u00fcphaneleri kitap ve \u00e7al\u0131\u015fma ortam\u0131 bak\u0131m\u0131ndan, uzman k\u00fct\u00fcphaneci g\u00f6r\u00fc\u015fleri al\u0131narak, donat\u0131lm\u0131\u015f ve hizmet vermeye haz\u0131r hale getirilmi\u015ftir. S\u00f6z konusu k\u00fct\u00fcphanelerimizin a\u00e7\u0131l\u0131\u015f\u0131 Kas\u0131m ay\u0131n\u0131n ilk haftas\u0131 ger\u00e7ekle\u015ftirilecektir.<!--more--><\/p>\n<p style=\"text-align: justify;\">Projemizin amac\u0131, e\u011fitimin \u201cs\u00fcreklilik\u201d ilkesinden yola \u00e7\u0131karak, \u00f6\u011frenci, \u00f6\u011fretmen ve velilerimizin yan\u0131 s\u0131ra t\u00fcm Beylikd\u00fcz\u00fc sakinlerinin okul k\u00fct\u00fcphanelerinden faydalanmalar\u0131n\u0131 sa\u011flayarak okullar\u0131 hayat alan\u0131 yapmakt\u0131r. Okuman\u0131n insan\u0131n ki\u015fisel geli\u015fimini sa\u011flayan, insan\u0131n d\u00fc\u015f\u00fcnce yap\u0131s\u0131n\u0131, hayal d\u00fcnyas\u0131n\u0131 geli\u015ftiren, s\u00f6zc\u00fck da\u011farc\u0131\u011f\u0131n\u0131 artt\u0131ran, insana bilgi ve birikim kazand\u0131ran \u00f6nemli bir al\u0131\u015fkanl\u0131k oldu\u011fu d\u00fc\u015f\u00fcn\u00fcld\u00fc\u011f\u00fcnde, projemiz vesilesi ile bu al\u0131\u015fkanl\u0131\u011f\u0131 peki\u015ftirmek ve dalga dalga b\u00fcy\u00fcmesini sa\u011flamak temel hedeflerimizdendir. Okul k\u00fct\u00fcphanelerinin halka a\u00e7\u0131lmas\u0131 projesi T\u00fcrkiye de bir ilk olarak ger\u00e7ekle\u015ftirilecektir. Bu a\u00e7\u0131dan bak\u0131ld\u0131\u011f\u0131nda da ayr\u0131ca b\u00fcy\u00fck \u00f6nem arz etmektedir.<\/p>\n<p style=\"text-align: justify;\">Kaynak: http:\/\/beylikduzu.meb.gov.tr<\/p>\n","protected":false},"excerpt":{"rendered":"<p>2010-2011 e\u011fitim-\u00f6\u011fretim y\u0131l\u0131n\u0131n 2.yar\u0131s\u0131 itibariyle Beylikd\u00fcz\u00fc \u0130l\u00e7e Milli E\u011fitim M\u00fcd\u00fcrl\u00fc\u011f\u00fc olarak Beylikd\u00fcz\u00fc Belediye Ba\u015fkanl\u0131\u011f\u0131 ile \u00e7al\u0131\u015fmalar\u0131n\u0131 ba\u015flatt\u0131\u011f\u0131m\u0131z \u201cOkul K\u00fct\u00fcphaneleri Halka A\u00e7\u0131l\u0131yor\u201d projemiz kapsam\u0131nda, \u0130l\u00e7emiz okullar\u0131ndan Cahit Zarifo\u011flu Lisesi, Be\u015fir Balc\u0131o\u011flu Anadolu Lisesi ve G\u00fcrp\u0131nar Lisesi k\u00fct\u00fcphaneleri kitap ve \u00e7al\u0131\u015fma ortam\u0131 bak\u0131m\u0131ndan, uzman k\u00fct\u00fcphaneci g\u00f6r\u00fc\u015fleri al\u0131narak, donat\u0131lm\u0131\u015f ve hizmet vermeye haz\u0131r hale getirilmi\u015ftir. S\u00f6z konusu k\u00fct\u00fcphanelerimizin [&hellip;]<\/p>\n","protected":false},"author":1,"featured_media":0,"comment_status":"open","ping_status":"open","sticky":false,"template":"","format":"standard","meta":{"footnotes":""},"categories":[],"tags":[155,845,229,154],"class_list":["post-1856","post","type-post","status-publish","format-standard","hentry","tag-okul-kutuphanecileri-dernegi","tag-okul-kutuphaneleri","tag-okul-kutuphaneleri-halka-aciliyor","tag-turkiye-okuyor"],"_links":{"self":[{"href":"https:\/\/www.bbyhaber.com\/bby\/wp-json\/wp\/v2\/posts\/1856"}],"collection":[{"href":"https:\/\/www.bbyhaber.com\/bby\/wp-json\/wp\/v2\/posts"}],"about":[{"href":"https:\/\/www.bbyhaber.com\/bby\/wp-json\/wp\/v2\/types\/post"}],"author":[{"embeddable":true,"href":"https:\/\/www.bbyhaber.com\/bby\/wp-json\/wp\/v2\/users\/1"}],"replies":[{"embeddable":true,"href":"https:\/\/www.bbyhaber.com\/bby\/wp-json\/wp\/v2\/comments?post=1856"}],"version-history":[{"count":0,"href":"https:\/\/www.bbyhaber.com\/bby\/wp-json\/wp\/v2\/posts\/1856\/revisions"}],"wp:attachment":[{"href":"https:\/\/www.bbyhaber.com\/bby\/wp-json\/wp\/v2\/media?parent=1856"}],"wp:term":[{"taxonomy":"category","embeddable":true,"href":"https:\/\/www.bbyhaber.com\/bby\/wp-json\/wp\/v2\/categories?post=1856"},{"taxonomy":"post_tag","embeddable":true,"href":"https:\/\/www.bbyhaber.com\/bby\/wp-json\/wp\/v2\/tags?post=1856"}],"curies":[{"name":"wp","href":"https:\/\/api.w.org\/{rel}","templated":true}]}}