{"id":18548,"date":"2016-03-05T11:14:51","date_gmt":"2016-03-05T09:14:51","guid":{"rendered":"http:\/\/www.bbyhaber.com\/bby\/?p=18548"},"modified":"2016-03-05T11:14:51","modified_gmt":"2016-03-05T09:14:51","slug":"ondokuz-mayis-universitesi%e2%80%99nde-akademik-dergi-yayinciligi-semineri","status":"publish","type":"post","link":"https:\/\/www.bbyhaber.com\/bby\/2016\/03\/05\/ondokuz-mayis-universitesi%e2%80%99nde-akademik-dergi-yayinciligi-semineri","title":{"rendered":"Ondokuz May\u0131s \u00dcniversitesi\u2019nde akademik dergi yay\u0131nc\u0131l\u0131\u011f\u0131 semineri"},"content":{"rendered":"<p style=\"text-align: justify;\"><img loading=\"lazy\" decoding=\"async\" class=\"alignleft\" src=\"http:\/\/i.milliyet.com.tr\/LocalArticle606x304\/2016\/03\/05\/fft261_mf13667543.Jpeg\" alt=\"\" width=\"317\" height=\"159\" \/>Ondokuz May\u0131s \u00dcniversitesi\u2019nde (OM\u00dc) akademik dergi yay\u0131nc\u0131l\u0131\u011f\u0131 alan\u0131nda ya\u015fanan geli\u015fmeler de\u011ferlendirildi. OM\u00dc Edit\u00f6rler Kurulu ve Merkezi Dergi Ofisi toplant\u0131s\u0131nda akademik dergi yay\u0131nc\u0131l\u0131\u011f\u0131 alan\u0131nda ya\u015fanan geli\u015fmeler, ortaya \u00e7\u0131kan sorunlar ve \u00e7\u00f6z\u00fcm \u00f6nerileri tart\u0131\u015f\u0131ld\u0131. Toplant\u0131ya; OM\u00dc T\u0131p Fak\u00fcltesi Dekan\u0131 Prof. Dr. S\u00fcleyman Kaplan, OM\u00dc K\u00fct\u00fcphane ve Dok\u00fcmantasyon Daire Ba\u015fkan\u0131 \u00d6mer Bozkurt, \u00fcniversite dergilerinin edit\u00f6rleri,<!--more--> yay\u0131n kurullar\u0131, k\u00fct\u00fcphaneciler ve akademisyenler kat\u0131ld\u0131. Toplant\u0131, OM\u00dc K\u00fct\u00fcphane ve Dok\u00fcmantasyon Daire Ba\u015fkanl\u0131\u011f\u0131\u2019ndan Uzman Ethem Olukcuo\u011flu\u2019nun a\u00e7\u0131l\u0131\u015f konu\u015fmas\u0131n\u0131n ard\u0131ndan Do\u011fu\u015f \u00dcniversitesi\u2019nden S\u00f6nmez \u00c7elik\u2019in, \u201cakademik dergi yay\u0131nc\u0131l\u0131\u011f\u0131, dergi platformlar\u0131, a\u00e7\u0131k eri\u015fim, dergilerin ulusal, uluslararas\u0131 dizinlerde yer almas\u0131 i\u00e7in gerekenler\u201d i\u00e7erikli konu\u015fmas\u0131yla devam etti.<\/p>\n<p style=\"text-align: justify;\">Kaynak: http:\/\/www.milliyet.com.tr\/<\/p>\n","protected":false},"excerpt":{"rendered":"<p>Ondokuz May\u0131s \u00dcniversitesi\u2019nde (OM\u00dc) akademik dergi yay\u0131nc\u0131l\u0131\u011f\u0131 alan\u0131nda ya\u015fanan geli\u015fmeler de\u011ferlendirildi. OM\u00dc Edit\u00f6rler Kurulu ve Merkezi Dergi Ofisi toplant\u0131s\u0131nda akademik dergi yay\u0131nc\u0131l\u0131\u011f\u0131 alan\u0131nda ya\u015fanan geli\u015fmeler, ortaya \u00e7\u0131kan sorunlar ve \u00e7\u00f6z\u00fcm \u00f6nerileri tart\u0131\u015f\u0131ld\u0131. Toplant\u0131ya; OM\u00dc T\u0131p Fak\u00fcltesi Dekan\u0131 Prof. Dr. S\u00fcleyman Kaplan, OM\u00dc K\u00fct\u00fcphane ve Dok\u00fcmantasyon Daire Ba\u015fkan\u0131 \u00d6mer Bozkurt, \u00fcniversite dergilerinin edit\u00f6rleri,<\/p>\n","protected":false},"author":1,"featured_media":0,"comment_status":"open","ping_status":"open","sticky":false,"template":"","format":"standard","meta":{"footnotes":""},"categories":[1472,1473,1,1501],"tags":[],"class_list":["post-18548","post","type-post","status-publish","format-standard","hentry","category-acik-arsiv","category-acik-erisim","category-genel","category-open-access"],"_links":{"self":[{"href":"https:\/\/www.bbyhaber.com\/bby\/wp-json\/wp\/v2\/posts\/18548"}],"collection":[{"href":"https:\/\/www.bbyhaber.com\/bby\/wp-json\/wp\/v2\/posts"}],"about":[{"href":"https:\/\/www.bbyhaber.com\/bby\/wp-json\/wp\/v2\/types\/post"}],"author":[{"embeddable":true,"href":"https:\/\/www.bbyhaber.com\/bby\/wp-json\/wp\/v2\/users\/1"}],"replies":[{"embeddable":true,"href":"https:\/\/www.bbyhaber.com\/bby\/wp-json\/wp\/v2\/comments?post=18548"}],"version-history":[{"count":0,"href":"https:\/\/www.bbyhaber.com\/bby\/wp-json\/wp\/v2\/posts\/18548\/revisions"}],"wp:attachment":[{"href":"https:\/\/www.bbyhaber.com\/bby\/wp-json\/wp\/v2\/media?parent=18548"}],"wp:term":[{"taxonomy":"category","embeddable":true,"href":"https:\/\/www.bbyhaber.com\/bby\/wp-json\/wp\/v2\/categories?post=18548"},{"taxonomy":"post_tag","embeddable":true,"href":"https:\/\/www.bbyhaber.com\/bby\/wp-json\/wp\/v2\/tags?post=18548"}],"curies":[{"name":"wp","href":"https:\/\/api.w.org\/{rel}","templated":true}]}}